{"id":31098,"date":"2025-06-10T16:17:43","date_gmt":"2025-06-10T20:17:43","guid":{"rendered":"https:\/\/noticiasveraces.com\/?p=31098"},"modified":"2025-06-10T16:17:43","modified_gmt":"2025-06-10T20:17:43","slug":"trump-recurre-al-ejercito-en-su-lucha-contra-california-dw-10-06-2025","status":"publish","type":"post","link":"https:\/\/noticiasveraces.com\/?p=31098","title":{"rendered":"Trump recurre al Ej\u00e9rcito en su lucha contra California \u2013 DW \u2013 10\/06\/2025"},"content":{"rendered":"<p> \n<\/p>\n<div>\n<p>Hasta aqu\u00ed y no m\u00e1s all\u00e1. El gobernador del estado estadounidense de California, Gavin Newsom, quiere poner l\u00edmites al presidente de los Estados Unidos, Donald Trump.<\/p>\n<p>Newsom present\u00f3 una demanda contra el Gobierno de Trump porque el secretario de Defensa de los Estados Unidos, Pete Hegseth, envi\u00f3 tropas de la Guardia Nacional\u00a0a Los \u00c1ngeles sin el consentimiento de California. Normalmente, la orden de desplegar a la Guardia Nacional corresponde a los respectivos estados.<\/p>\n<p>\u00abHe pedido a la administraci\u00f3n Trump que revierta el despliegue ilegal de tropas en el condado de Los \u00c1ngeles y las ponga bajo mi mando\u00bb, declar\u00f3 Newsom el 9 de junio a trav\u00e9s de X. \u00abNo ten\u00edamos ning\u00fan problema hasta que Trump se entrometi\u00f3\u00bb, a\u00f1adi\u00f3.<\/p>\n<h2>Los \u00c1ngeles contra Washington<\/h2>\n<p>Parece que el estado del suroeste de EE. UU. se est\u00e1 convirtiendo en el basti\u00f3n de la resistencia contra el presidente Trump. Este\u00a0lunes, cientos de personas se manifestaron en Los \u00c1ngeles contra las deportaciones masivas.<\/p>\n<p>La alcaldesa de Los \u00c1ngeles, Karen Bass, pidi\u00f3 al Gobierno de Trump que pusiera fin a las \u00abredadas\u00bb. \u00abEn Los \u00c1ngeles cunde el miedo. Los padres, los trabajadores, los abuelos y los j\u00f3venes tienen miedo de seguir con su vida cotidiana. Somos una ciudad de inmigrantes. Washington est\u00e1 atacando a nuestra poblaci\u00f3n y nuestra econom\u00eda\u00bb, public\u00f3.<\/p>\n<p>Por su parte, la ministra de Justicia de EE. UU., Pam Bondi, y Trump calificaron a los manifestantes de Los \u00c1ngeles\u00a0de \u00abagitadores profesionales y rebeldes\u00bb. La Guardia Nacional est\u00e1 ah\u00ed para proteger a los polic\u00edas de Los \u00c1ngeles.<\/p>\n<p>\u00abSi la justicia de California no protege a los hombres y mujeres de la polic\u00eda de la ciudad de Los \u00c1ngeles contra los insurrectos, podemos tomar medidas contra estas personas\u00bb, declar\u00f3 Bondi en una entrevista con la cadena de televisi\u00f3n <em>Fox News<\/em>.<\/p>\n<h2>Detenciones masivas y deportaciones<\/h2>\n<p>Mientras recrudece la lucha de poder entre Trump y Newsom, los expertos debaten si el presidente de los Estados Unidos tiene derecho a utilizar al Ej\u00e9rcito contra civiles.<\/p>\n<figure class=\"placeholder-image master_landscape big\"><img data-format=\"MASTER_LANDSCAPE\" data-id=\"72832935\" data-url=\"https:\/\/static.dw.com\/image\/72832935_${formatId}.jpg\" data-aspect-ratio=\"16\/9\" alt=\"Protestas multitudinarias con carteles contra ICE en Los \u00c1ngeles\" style=\"padding-bottom: 56.25%; height: 0; max-height: 0;\"\/><figcaption class=\"img-caption\">\u00abNo ten\u00edamos ning\u00fan problema hasta que Trump se entrometi\u00f3\u00bb, declar\u00f3 el gobernador del estado de California, Gavin Newsom. Aqu\u00ed, manifestaciones contra la polic\u00eda migratoria.<small class=\"copyright\">Imagen: Daniel Cole\/REUTERS<\/small><\/figcaption><\/figure>\n<p>El motivo de la controversia son las detenciones, redadas y deportaciones masivas de inmigrantes sin permiso de residencia v\u00e1lido. Desde que Trump asumi\u00f3 el cargo en enero, la polic\u00eda de inmigraci\u00f3n estadounidense ICE <em>(Control de inmigraci\u00f3n y aduana de los Estados Unidos)<\/em> ha detenido a m\u00e1s de 100.000 inmigrantes ilegales en EE. UU., seg\u00fan informan los medios de comunicaci\u00f3n estadounidenses.<\/p>\n<h2>Newsom: \u00abVamos a presentar una demanda\u00bb<\/h2>\n<p>Tras el estallido de las manifestaciones, el presidente estadounidense Trump moviliz\u00f3 tropas de la Guardia Nacional. Las fuerzas armadas deben proteger a los funcionarios de la polic\u00eda de inmigraci\u00f3n ICE, as\u00ed como los edificios p\u00fablicos.<\/p>\n<p>La orden prev\u00e9 el despliegue de al menos 4.000 soldados de la Guardia Nacional durante un m\u00ednimo de 60 d\u00edas. Adem\u00e1s, el Pent\u00e1gono anunci\u00f3 el lunes el env\u00edo adicional de 700 marines.<\/p>\n<p>El gobernador de California, Newsom, tambi\u00e9n quiere recurrir ante los tribunales contra el env\u00edo de marines. \u00abLos marines estadounidenses no son peones pol\u00edticos. Vamos a presentar una demanda para detener esto\u00bb, escribi\u00f3 en las redes sociales.<\/p>\n<p><span data-slot-id=\"Article_InContent-1\" class=\"rich-text-ad\"\/><\/p>\n<h2>\u00bfRecurrir\u00e1 Trump a la \u00abLey de Insurrecci\u00f3n\u00bb?<\/h2>\n<p>Seg\u00fan los expertos, la situaci\u00f3n jur\u00eddica relativa al despliegue de las fuerzas armadas estadounidenses en territorio del pa\u00eds no est\u00e1 clara. Trump se remite al C\u00f3digo de los Estados Unidos, secci\u00f3n 12406 del T\u00edtulo 10, seg\u00fan el cual el presidente puede convocar a miembros y unidades de la Guardia Nacional al servicio federal en determinadas circunstancias, entre otras, durante una rebeli\u00f3n contra la autoridad del Gobierno federal.<\/p>\n<p>Sin embargo, ese mismo texto legal tambi\u00e9n establece que las \u00f3rdenes para convocar a la Guardia Nacional \u00abser\u00e1n emitidas por los gobernadores de los estados\u00bb, una disposici\u00f3n que el secretario de Defensa de los Estados Unidos, Pete Hegseth, ignor\u00f3 al convocar a la Guardia Nacional de California sin notificarlo previamente al gobernador de California, Newsom.<\/p>\n<p>No obstante, una ley estadounidense de 1807, la denominada \u00abLey de Insurrecci\u00f3n\u00bb, autoriza al presidente de los Estados Unidos a movilizar a la Guardia Nacional \u00aben caso de rebeli\u00f3n contra la autoridad de los Estados Unidos\u00bb, incluso sin notificarlo a los respectivos gobernadores. Hasta ahora, Trump no ha invocado esta Ley de Insurrecci\u00f3n.<\/p>\n<h2>\u00abNo hay ninguna situaci\u00f3n de emergencia\u00bb<\/h2>\n<p>\u00abNunca ha habido nada parecido\u00bb, explica Juliette Kayyem, jurista y experta en migraci\u00f3n, en una entrevista con la BBC. \u00abS\u00ed\u00a0ha habido violencia\u00bb, admiti\u00f3. \u00abPero no tenemos una situaci\u00f3n de emergencia ni una crisis como la que describen el presidente y sus ministros\u00bb, afirm\u00f3 la exsubsecretaria de Asuntos Intergubernamentales del Departamento de Seguridad Nacional de Estados Unidos.<\/p>\n<p>(MD\/RML)<\/p>\n<\/div>\n\n","protected":false},"excerpt":{"rendered":"<p>Hasta aqu\u00ed y no m\u00e1s all\u00e1. El gobernador del estado estadounidense de California, Gavin Newsom, quiere poner l\u00edmites al presidente de los Estados Unidos, Donald Trump. Newsom present\u00f3 una demanda contra el Gobierno de Trump porque el secretario de Defensa de los Estados Unidos, Pete Hegseth, envi\u00f3 tropas de la Guardia Nacional\u00a0a Los \u00c1ngeles sin &hellip;<\/p>\n","protected":false},"author":1,"featured_media":31099,"comment_status":"open","ping_status":"open","sticky":false,"template":"","format":"standard","meta":{"fifu_image_url":"https:\/\/static.dw.com\/image\/72833501_6.jpg","fifu_image_alt":"","footnotes":""},"categories":[13],"tags":[],"class_list":["post-31098","post","type-post","status-publish","format-standard","has-post-thumbnail","","category-mundo"],"_links":{"self":[{"href":"https:\/\/noticiasveraces.com\/index.php?rest_route=\/wp\/v2\/posts\/31098","targetHints":{"allow":["GET"]}}],"collection":[{"href":"https:\/\/noticiasveraces.com\/index.php?rest_route=\/wp\/v2\/posts"}],"about":[{"href":"https:\/\/noticiasveraces.com\/index.php?rest_route=\/wp\/v2\/types\/post"}],"author":[{"embeddable":true,"href":"https:\/\/noticiasveraces.com\/index.php?rest_route=\/wp\/v2\/users\/1"}],"replies":[{"embeddable":true,"href":"https:\/\/noticiasveraces.com\/index.php?rest_route=%2Fwp%2Fv2%2Fcomments&post=31098"}],"version-history":[{"count":0,"href":"https:\/\/noticiasveraces.com\/index.php?rest_route=\/wp\/v2\/posts\/31098\/revisions"}],"wp:featuredmedia":[{"embeddable":true,"href":"https:\/\/noticiasveraces.com\/index.php?rest_route=\/wp\/v2\/media\/31099"}],"wp:attachment":[{"href":"https:\/\/noticiasveraces.com\/index.php?rest_route=%2Fwp%2Fv2%2Fmedia&parent=31098"}],"wp:term":[{"taxonomy":"category","embeddable":true,"href":"https:\/\/noticiasveraces.com\/index.php?rest_route=%2Fwp%2Fv2%2Fcategories&post=31098"},{"taxonomy":"post_tag","embeddable":true,"href":"https:\/\/noticiasveraces.com\/index.php?rest_route=%2Fwp%2Fv2%2Ftags&post=31098"}],"curies":[{"name":"wp","href":"https:\/\/api.w.org\/{rel}","templated":true}]}}