{"id":31083,"date":"2025-06-10T13:14:46","date_gmt":"2025-06-10T17:14:46","guid":{"rendered":"https:\/\/noticiasveraces.com\/?p=31083"},"modified":"2025-06-10T13:14:46","modified_gmt":"2025-06-10T17:14:46","slug":"aumentan-a-11-las-victimas-de-mortal-tiroteo-en-austria-dw-10-06-2025","status":"publish","type":"post","link":"https:\/\/noticiasveraces.com\/?p=31083","title":{"rendered":"Aumentan a 11 las v\u00edctimas de mortal tiroteo en Austria \u2013 DW \u2013 10\/06\/2025"},"content":{"rendered":"<p> \n<\/p>\n<div>\n<p>El canciller de Austria, el conservador Christian Stocker, declar\u00f3 este martes (10.06.2025) tres d\u00edas de duelo nacional por el tiroteo en una escuela secundaria de la ciudad de Graz, cuyo saldo mortal aument\u00f3 a once luego de que uno de los heridos\u00a0graves perdiera la vida en el hospital. Stocker calific\u00f3 lo ocurrido como \u00abun d\u00eda negro\u201d para Austria.<\/p>\n<p>El canciller inform\u00f3 que, adem\u00e1s de los tres d\u00edas de duelo, este mi\u00e9rcoles a las 10:00 (hora local) se guardar\u00e1 un minuto de silencio en todo el pa\u00eds en recuerdo de la v\u00edctimas. \u00abCon esta se\u00f1al de luto nacional queremos enviar un poco de consuelo en estas horas oscuras a los familiares y allegados de las v\u00edctimas de este acto atroz. La solidaridad de todo el pa\u00eds est\u00e1 con ellos\u00bb, declar\u00f3 el canciller visiblemente conmovido.<\/p>\n<p>\u00abNo hay palabras para expresar el dolor, la incredulidad y la tristeza que siente toda Austria\u00bb, recalc\u00f3 Stocker, que expres\u00f3 sus condolencias \u00aba los padres que han perdido a sus hijos, a los hermanos que deber\u00e1n vivir sin su hermano o hermana, y a todos los que han sufrido heridas f\u00edsicas o un dolor indescriptible por esta violencia sin sentido: las familias, amigos, docentes y personal escolar que fueron testigos de lo inconcebible\u201d.<\/p>\n<figure class=\"placeholder-image master_landscape big\"><img data-format=\"MASTER_LANDSCAPE\" data-id=\"72861220\" data-url=\"https:\/\/static.dw.com\/image\/72861220_${formatId}.jpg\" data-aspect-ratio=\"16\/9\" alt=\"El canciller de Austria, Christian Stocker (a la izquierda) y el ministro del Interior, Gerhard Karner.\" style=\"padding-bottom: 56.25%; height: 0; max-height: 0;\"\/><figcaption class=\"img-caption\">El canciller de Austria, Christian Stocker (a la izquierda) y el ministro del Interior, Gerhard Karner.<small class=\"copyright\">Im\u00e1genes: Heinz-Peter Bader\/AP\/DPA\/Picture Alliance<\/small><\/figcaption><\/figure>\n<h2>Herido fallece en el hospital<\/h2>\n<p>Stocker recalc\u00f3 que la tragedia sucedi\u00f3 adem\u00e1s en una escuela, que \u00abno es solo un lugar de aprendizaje, es un espacio de confianza, de seguridad, de futuro. Que este espacio haya sido sacudido por una jornada de violencia nos deja sin palabras\u00bb. Tambi\u00e9n hizo un llamado a la unidad frente al horror, para que las \u00abescuelas sigan siendo lugares de paz, donde nuestros ni\u00f1os puedan crecer y aprender con libertad y sin temor\u00bb.<\/p>\n<p><span data-slot-id=\"Article_InContent-1\" class=\"rich-text-ad\"\/><\/p>\n<p>Por su parte, el ministro del Interior, Gerhard Karner, detall\u00f3 que las v\u00edctimas mortales del atacantes son seis mujeres y tres hombres, y que 12 personas se encuentran heridas, siete de ellas de gravedad. Si bien no identific\u00f3 a los fallecidos, la prensa sostiene que la mayor\u00eda eran estudiantes. De acuerdo con el director de la Polic\u00eda regional, Gerald Ortner, el agresor se suicid\u00f3 dentro de la misma escuela tras el ataque.<\/p>\n<p>Poco m\u00e1s tarde la prensa local inform\u00f3 que una d\u00e9cima v\u00edctima del ataque hab\u00eda fallecido en el hospital, elevando a once el total de muertos. El autor era, seg\u00fan fuentes oficiales, un antiguo alumno de 21 a\u00f1os, que habr\u00eda sido v\u00edctima de acoso escolar y que actu\u00f3 con armas de fuego adquiridas legalmente.<\/p>\n<p>DZC (Efe, Reuters)<\/p>\n<\/div>\n\n","protected":false},"excerpt":{"rendered":"<p>El canciller de Austria, el conservador Christian Stocker, declar\u00f3 este martes (10.06.2025) tres d\u00edas de duelo nacional por el tiroteo en una escuela secundaria de la ciudad de Graz, cuyo saldo mortal aument\u00f3 a once luego de que uno de los heridos\u00a0graves perdiera la vida en el hospital. Stocker calific\u00f3 lo ocurrido como \u00abun d\u00eda &hellip;<\/p>\n","protected":false},"author":1,"featured_media":31084,"comment_status":"open","ping_status":"open","sticky":false,"template":"","format":"standard","meta":{"fifu_image_url":"https:\/\/static.dw.com\/image\/72857611_6.jpg","fifu_image_alt":"","footnotes":""},"categories":[13],"tags":[],"class_list":["post-31083","post","type-post","status-publish","format-standard","has-post-thumbnail","","category-mundo"],"_links":{"self":[{"href":"https:\/\/noticiasveraces.com\/index.php?rest_route=\/wp\/v2\/posts\/31083","targetHints":{"allow":["GET"]}}],"collection":[{"href":"https:\/\/noticiasveraces.com\/index.php?rest_route=\/wp\/v2\/posts"}],"about":[{"href":"https:\/\/noticiasveraces.com\/index.php?rest_route=\/wp\/v2\/types\/post"}],"author":[{"embeddable":true,"href":"https:\/\/noticiasveraces.com\/index.php?rest_route=\/wp\/v2\/users\/1"}],"replies":[{"embeddable":true,"href":"https:\/\/noticiasveraces.com\/index.php?rest_route=%2Fwp%2Fv2%2Fcomments&post=31083"}],"version-history":[{"count":0,"href":"https:\/\/noticiasveraces.com\/index.php?rest_route=\/wp\/v2\/posts\/31083\/revisions"}],"wp:featuredmedia":[{"embeddable":true,"href":"https:\/\/noticiasveraces.com\/index.php?rest_route=\/wp\/v2\/media\/31084"}],"wp:attachment":[{"href":"https:\/\/noticiasveraces.com\/index.php?rest_route=%2Fwp%2Fv2%2Fmedia&parent=31083"}],"wp:term":[{"taxonomy":"category","embeddable":true,"href":"https:\/\/noticiasveraces.com\/index.php?rest_route=%2Fwp%2Fv2%2Fcategories&post=31083"},{"taxonomy":"post_tag","embeddable":true,"href":"https:\/\/noticiasveraces.com\/index.php?rest_route=%2Fwp%2Fv2%2Ftags&post=31083"}],"curies":[{"name":"wp","href":"https:\/\/api.w.org\/{rel}","templated":true}]}}