{"id":31059,"date":"2025-06-10T10:11:52","date_gmt":"2025-06-10T14:11:52","guid":{"rendered":"https:\/\/noticiasveraces.com\/?p=31059"},"modified":"2025-06-10T10:11:52","modified_gmt":"2025-06-10T14:11:52","slug":"greta-thunberg-deporto-de-israel-despues-de-la-intercepcion-de-gaza-flotilla","status":"publish","type":"post","link":"https:\/\/noticiasveraces.com\/?p=31059","title":{"rendered":"Greta Thunberg deport\u00f3 de Israel despu\u00e9s de la intercepci\u00f3n de Gaza Flotilla"},"content":{"rendered":"<p> \n<\/p>\n<div>\n<div id=\"beyondwords-wrapper\" class=\"beyondwords-wrapper\">\n<p><span class=\"label-bg\">NUEVO<\/span>\u00a1Ahora puedes escuchar art\u00edculos de Fox News!\n  <\/p>\n<\/div>\n<p class=\"speakable\">La activista clim\u00e1tica sueca, Greta Thunberg, fue deportada de Israel despu\u00e9s de que las fuerzas navales del pa\u00eds detuvieron a su flotilla con destino a Gaza, dijo el Ministerio de Asuntos Exteriores israel\u00edes.<\/p>\n<p class=\"speakable\">El ministerio dijo el martes que Thunberg estaba en un vuelo que regres\u00f3 a Suecia a trav\u00e9s de Francia. <\/p>\n<p>\u00abGreta Thunberg acaba de salir de Israel en un vuelo a Suecia (a trav\u00e9s de Francia)\u00bb, public\u00f3 el Ministerio de Asuntos Exteriores de Israel en X.<\/p>\n<p>Thunberg y otros tres activistas fueron transportados al aeropuerto de Ben Gurion para ser deportados, mientras que otros ocho, incluido un miembro del Parlamento Europeo, se negaron a firmar documentos de deportaci\u00f3n, seg\u00fan The Times of Israel.<\/p>\n<p>Seg\u00fan los informes, la activista clim\u00e1tica de 22 a\u00f1os le dijo a sus abogados que pod\u00eda hacer \u00abm\u00e1s bien fuera de Israel\u00bb y que negarse a irse \u00abda\u00f1ar\u00eda\u00bb su causa, inform\u00f3 los tiempos de Israel, citando a Adalah, una organizaci\u00f3n israel\u00ed.<\/p>\n<div class=\"image-ct inline\">\n<div class=\"m\"><picture><source media=\"(max-width: 767px)\" srcset=\"https:\/\/a57.foxnews.com\/static.foxnews.com\/foxnews.com\/content\/uploads\/2025\/06\/343\/192\/greta-leaving-israel.jpg?ve=1&amp;tl=1, https:\/\/a57.foxnews.com\/static.foxnews.com\/foxnews.com\/content\/uploads\/2025\/06\/686\/384\/greta-leaving-israel.jpg?ve=1&amp;tl=1 2x\" height=\"192\" width=\"343\"><source media=\"(min-width: 768px) and (max-width: 1023px)\" srcset=\"https:\/\/a57.foxnews.com\/static.foxnews.com\/foxnews.com\/content\/uploads\/2025\/06\/672\/378\/greta-leaving-israel.jpg?ve=1&amp;tl=1, https:\/\/a57.foxnews.com\/static.foxnews.com\/foxnews.com\/content\/uploads\/2025\/06\/1344\/756\/greta-leaving-israel.jpg?ve=1&amp;tl=1 2x\" height=\"378\" width=\"672\"><source media=\"(min-width: 1024px) and (max-width: 1279px)\" srcset=\"https:\/\/a57.foxnews.com\/static.foxnews.com\/foxnews.com\/content\/uploads\/2025\/06\/931\/523\/greta-leaving-israel.jpg?ve=1&amp;tl=1, https:\/\/a57.foxnews.com\/static.foxnews.com\/foxnews.com\/content\/uploads\/2025\/06\/1862\/1046\/greta-leaving-israel.jpg?ve=1&amp;tl=1 2x\" height=\"523\" width=\"931\"><source media=\"(min-width: 1280px)\" srcset=\"https:\/\/a57.foxnews.com\/static.foxnews.com\/foxnews.com\/content\/uploads\/2025\/06\/720\/405\/greta-leaving-israel.jpg?ve=1&amp;tl=1, https:\/\/a57.foxnews.com\/static.foxnews.com\/foxnews.com\/content\/uploads\/2025\/06\/1440\/810\/greta-leaving-israel.jpg?ve=1&amp;tl=1 2x\" height=\"405\" width=\"720\"><img loading=\"lazy\" decoding=\"async\" src=\"https:\/\/a57.foxnews.com\/static.foxnews.com\/foxnews.com\/content\/uploads\/2025\/06\/1200\/675\/greta-leaving-israel.jpg?ve=1&amp;tl=1\" alt=\"Greta Thunberg a bordo de un vuelo de Israel\" width=\"1200\" height=\"675\"\/><\/source><\/source><\/source><\/source><\/picture><\/div>\n<div class=\"info\">\n<div class=\"caption\">\n<p><span>Israel dijo que deport\u00f3 a la activista clim\u00e1tica sueca Greta Thunberg.<\/span> <span>(Cortes\u00eda)<\/span><\/p>\n<\/div>\n<\/div>\n<\/div>\n<p><strong><u>La FDI detiene el buque con destino a Gaza que lleva a Greta Thunberg: &#8216;El espect\u00e1culo ha terminado&#8217;<\/u><\/strong><\/p>\n<p>Thunberg evita el viaje a\u00e9reo como parte de su activismo clim\u00e1tico, lo que hace que este vuelo fuera de Israel sea una anomal\u00eda para ella.<\/p>\n<p>La Armada israel\u00ed intercept\u00f3 a la flotilla, llamada Madleen, temprano el lunes. Thunberg public\u00f3 un video en medio del caos diciendo que hab\u00eda sido \u00absecuestrada\u00bb por Israel, un comentario que provoc\u00f3 un gran escrutinio, ya que algunos se\u00f1alaron la dif\u00edcil situaci\u00f3n de los rehenes que han sido retenidos en Gaza desde el 7 de octubre de 2023.<\/p>\n<div class=\"image-ct inline\">\n<div class=\"m\"><picture><source media=\"(max-width: 767px)\" srcset=\"https:\/\/a57.foxnews.com\/static.foxnews.com\/foxnews.com\/content\/uploads\/2025\/06\/343\/192\/ap25152594164732-scaled.jpg?ve=1&amp;tl=1, https:\/\/a57.foxnews.com\/static.foxnews.com\/foxnews.com\/content\/uploads\/2025\/06\/686\/384\/ap25152594164732-scaled.jpg?ve=1&amp;tl=1 2x\" height=\"192\" width=\"343\"><source media=\"(min-width: 768px) and (max-width: 1023px)\" srcset=\"https:\/\/a57.foxnews.com\/static.foxnews.com\/foxnews.com\/content\/uploads\/2025\/06\/672\/378\/ap25152594164732-scaled.jpg?ve=1&amp;tl=1, https:\/\/a57.foxnews.com\/static.foxnews.com\/foxnews.com\/content\/uploads\/2025\/06\/1344\/756\/ap25152594164732-scaled.jpg?ve=1&amp;tl=1 2x\" height=\"378\" width=\"672\"><source media=\"(min-width: 1024px) and (max-width: 1279px)\" srcset=\"https:\/\/a57.foxnews.com\/static.foxnews.com\/foxnews.com\/content\/uploads\/2025\/06\/931\/523\/ap25152594164732-scaled.jpg?ve=1&amp;tl=1, https:\/\/a57.foxnews.com\/static.foxnews.com\/foxnews.com\/content\/uploads\/2025\/06\/1862\/1046\/ap25152594164732-scaled.jpg?ve=1&amp;tl=1 2x\" height=\"523\" width=\"931\"><source media=\"(min-width: 1280px)\" srcset=\"https:\/\/a57.foxnews.com\/static.foxnews.com\/foxnews.com\/content\/uploads\/2025\/06\/720\/405\/ap25152594164732-scaled.jpg?ve=1&amp;tl=1, https:\/\/a57.foxnews.com\/static.foxnews.com\/foxnews.com\/content\/uploads\/2025\/06\/1440\/810\/ap25152594164732-scaled.jpg?ve=1&amp;tl=1 2x\" height=\"405\" width=\"720\"><img loading=\"lazy\" decoding=\"async\" src=\"https:\/\/a57.foxnews.com\/static.foxnews.com\/foxnews.com\/content\/uploads\/2025\/06\/1200\/675\/ap25152594164732-scaled.jpg?ve=1&amp;tl=1\" alt=\"Greta Thunberg a bordo de Italia Freedom Flotilla\" width=\"1200\" height=\"675\"\/><\/source><\/source><\/source><\/source><\/picture><\/div>\n<div class=\"info\">\n<div class=\"caption\">\n<p><span>La activista clim\u00e1tica Greta Thunberg, centro, espera para abordar el bote de Madleen, antes de navegar hacia Gaza junto con activistas de la Coalici\u00f3n Freedom Flotilla, que sale del puerto siciliano de Catania, Italia, el domingo 1 de junio de 2025.<\/span> <span>(Photo AP\/Salvatore Cavalli)<\/span><\/p>\n<\/div>\n<\/div>\n<\/div>\n<p><strong>Israel promete &#8216;actuar en consecuencia&#8217; mientras Thunberg navega hacia Gaza en el vaso de forma palestina<\/strong><\/p>\n<p>Cuando se le pregunt\u00f3 sobre la afirmaci\u00f3n de Thunberg de que hab\u00eda sido \u00absecuestrada\u00bb, dijo el presidente Donald Trump: \u00abCreo que Israel tiene suficientes problemas sin secuestrar a Greta Thunberg\u00bb. El presidente calific\u00f3 al activista clim\u00e1tico como una \u00abpersona extra\u00f1a\u00bb y les dijo a los periodistas que necesitaba cursos de \u00abmanejo de la ira\u00bb.<\/p>\n<p>Thunberg fue una de las 12 personas a bordo de la flotilla, que Israel llam\u00f3 el \u00abyate selfie\u00bb, alegando que todo era un truco publicitario. El Madleen llevaba ayuda para la gente de Gaza, aunque Israel dijo que el barco conten\u00eda menos de una sola carga de camiones. <\/p>\n<div class=\"image-ct inline\">\n<div class=\"m\"><picture><source media=\"(max-width: 767px)\" srcset=\"https:\/\/a57.foxnews.com\/static.foxnews.com\/foxnews.com\/content\/uploads\/2025\/06\/343\/192\/ap25152593271080-scaled.jpg?ve=1&amp;tl=1, https:\/\/a57.foxnews.com\/static.foxnews.com\/foxnews.com\/content\/uploads\/2025\/06\/686\/384\/ap25152593271080-scaled.jpg?ve=1&amp;tl=1 2x\" height=\"192\" width=\"343\"><source media=\"(min-width: 768px) and (max-width: 1023px)\" srcset=\"https:\/\/a57.foxnews.com\/static.foxnews.com\/foxnews.com\/content\/uploads\/2025\/06\/672\/378\/ap25152593271080-scaled.jpg?ve=1&amp;tl=1, https:\/\/a57.foxnews.com\/static.foxnews.com\/foxnews.com\/content\/uploads\/2025\/06\/1344\/756\/ap25152593271080-scaled.jpg?ve=1&amp;tl=1 2x\" height=\"378\" width=\"672\"><source media=\"(min-width: 1024px) and (max-width: 1279px)\" srcset=\"https:\/\/a57.foxnews.com\/static.foxnews.com\/foxnews.com\/content\/uploads\/2025\/06\/931\/523\/ap25152593271080-scaled.jpg?ve=1&amp;tl=1, https:\/\/a57.foxnews.com\/static.foxnews.com\/foxnews.com\/content\/uploads\/2025\/06\/1862\/1046\/ap25152593271080-scaled.jpg?ve=1&amp;tl=1 2x\" height=\"523\" width=\"931\"><source media=\"(min-width: 1280px)\" srcset=\"https:\/\/a57.foxnews.com\/static.foxnews.com\/foxnews.com\/content\/uploads\/2025\/06\/720\/405\/ap25152593271080-scaled.jpg?ve=1&amp;tl=1, https:\/\/a57.foxnews.com\/static.foxnews.com\/foxnews.com\/content\/uploads\/2025\/06\/1440\/810\/ap25152593271080-scaled.jpg?ve=1&amp;tl=1 2x\" height=\"405\" width=\"720\"><img loading=\"lazy\" decoding=\"async\" src=\"https:\/\/a57.foxnews.com\/static.foxnews.com\/foxnews.com\/content\/uploads\/2025\/06\/1200\/675\/ap25152593271080-scaled.jpg?ve=1&amp;tl=1\" alt=\"Una bandera palestina a bordo de un barco\" width=\"1200\" height=\"675\"\/><\/source><\/source><\/source><\/source><\/picture><\/div>\n<div class=\"info\">\n<div class=\"caption\">\n<p><span>La activista clim\u00e1tica Greta Thunberg se encuentra cerca de una bandera palestina despu\u00e9s de abordar el bote de Madleen y antes de navegar por Gaza junto con activistas de la Coalici\u00f3n Freedom Flotilla, que salen del puerto siciliano de Catania, Italia, el domingo 1 de junio de 2025.<\/span> <span>(Photo AP\/Salvatore Cavalli)<\/span><\/p>\n<\/div>\n<\/div>\n<\/div>\n<p><strong><u>Haga clic aqu\u00ed para obtener la aplicaci\u00f3n Fox News<\/u><\/strong><\/p>\n<p>\u00abLa peque\u00f1a cantidad de ayuda que no fue consumida por las &#8216;celebridades&#8217; ser\u00e1 transferida a Gaza a trav\u00e9s de canales humanitarios reales\u00bb, escribi\u00f3 el Ministerio de Asuntos Exteriores de Israel en X despu\u00e9s de que la Madleen fue interceptada. \u00abHay formas de entregar ayuda a la Franja de Gaza: no involucran provocaciones y selfies\u00bb.<\/p>\n<p>Israel dijo el lunes que m\u00e1s de 1,200 camiones de ayuda hab\u00edan ingresado a Gaza en las \u00faltimas dos semanas, y la Fundaci\u00f3n Humanitaria de Gaza, una controvertida organizaci\u00f3n israel\u00ed y respaldada por Estados Unidos, hab\u00eda entregado casi 11 millones de comidas a los civiles en Gaza.<\/p>\n<p> <!----> <\/p>\n<div class=\"article-meta\">\n<div class=\"author-bio\">\n<p>Rachel Wolf es una escritora de noticias de Fox News Digital y Fox Business.<\/p>\n<\/div>\n<\/div>\n<\/div>\n\n","protected":false},"excerpt":{"rendered":"<p>NUEVO\u00a1Ahora puedes escuchar art\u00edculos de Fox News! La activista clim\u00e1tica sueca, Greta Thunberg, fue deportada de Israel despu\u00e9s de que las fuerzas navales del pa\u00eds detuvieron a su flotilla con destino a Gaza, dijo el Ministerio de Asuntos Exteriores israel\u00edes. El ministerio dijo el martes que Thunberg estaba en un vuelo que regres\u00f3 a Suecia &hellip;<\/p>\n","protected":false},"author":1,"featured_media":31061,"comment_status":"open","ping_status":"open","sticky":false,"template":"","format":"standard","meta":{"fifu_image_url":"https:\/\/static.foxnews.com\/foxnews.com\/content\/uploads\/2025\/06\/greta-leaving-israel.jpg","fifu_image_alt":"","footnotes":""},"categories":[13],"tags":[],"class_list":["post-31059","post","type-post","status-publish","format-standard","has-post-thumbnail","","category-mundo"],"_links":{"self":[{"href":"https:\/\/noticiasveraces.com\/index.php?rest_route=\/wp\/v2\/posts\/31059","targetHints":{"allow":["GET"]}}],"collection":[{"href":"https:\/\/noticiasveraces.com\/index.php?rest_route=\/wp\/v2\/posts"}],"about":[{"href":"https:\/\/noticiasveraces.com\/index.php?rest_route=\/wp\/v2\/types\/post"}],"author":[{"embeddable":true,"href":"https:\/\/noticiasveraces.com\/index.php?rest_route=\/wp\/v2\/users\/1"}],"replies":[{"embeddable":true,"href":"https:\/\/noticiasveraces.com\/index.php?rest_route=%2Fwp%2Fv2%2Fcomments&post=31059"}],"version-history":[{"count":0,"href":"https:\/\/noticiasveraces.com\/index.php?rest_route=\/wp\/v2\/posts\/31059\/revisions"}],"wp:featuredmedia":[{"embeddable":true,"href":"https:\/\/noticiasveraces.com\/index.php?rest_route=\/wp\/v2\/media\/31061"}],"wp:attachment":[{"href":"https:\/\/noticiasveraces.com\/index.php?rest_route=%2Fwp%2Fv2%2Fmedia&parent=31059"}],"wp:term":[{"taxonomy":"category","embeddable":true,"href":"https:\/\/noticiasveraces.com\/index.php?rest_route=%2Fwp%2Fv2%2Fcategories&post=31059"},{"taxonomy":"post_tag","embeddable":true,"href":"https:\/\/noticiasveraces.com\/index.php?rest_route=%2Fwp%2Fv2%2Ftags&post=31059"}],"curies":[{"name":"wp","href":"https:\/\/api.w.org\/{rel}","templated":true}]}}