{"id":31057,"date":"2025-06-10T09:10:47","date_gmt":"2025-06-10T13:10:47","guid":{"rendered":"https:\/\/noticiasveraces.com\/?p=31057"},"modified":"2025-06-10T09:10:47","modified_gmt":"2025-06-10T13:10:47","slug":"mas-extremistas-en-2024-segun-servicios-secretos-dw-10-06-2025","status":"publish","type":"post","link":"https:\/\/noticiasveraces.com\/?p=31057","title":{"rendered":"m\u00e1s extremistas en 2024, seg\u00fan servicios secretos \u2013 DW \u2013 10\/06\/2025"},"content":{"rendered":"<p> \n<\/p>\n<div>\n<p>Seg\u00fan la Oficina Federal para la Protecci\u00f3n de la Constituci\u00f3n, los ataques, tanto nacionales como internacionales, contra el orden libre y democr\u00e1tico en Alemania\u00a0han seguido aumentando durante el \u00faltimo a\u00f1o.<\/p>\n<p>\u00abNuestro pa\u00eds est\u00e1 cada vez m\u00e1s expuesto al espionaje y al sabotaje, as\u00ed como a ciberataques y desinformaci\u00f3n\u00bb, afirma el ministro del Interior, Alexander Dobrindt (CSU), en el pr\u00f3logo del informe 2024 de la Oficina Federal para la Protecci\u00f3n de la Constituci\u00f3n (BvV), los servicio secretos internos de Alemania, publicado este martes (10.06.2025) y presentado en Berl\u00edn por Dobrindt y el vicepresidente del Servicio Federal de Inteligencia (DfI), Sinan Selen.<\/p>\n<p>\u00abEn particular, la guerra de agresi\u00f3n de Rusia\u00a0contra Ucrania\u00a0exige la labor de nuestras agencias de ciberespionaje y contraespionaje\u00bb. Rusia ya no reh\u00faye el sabotaje. El conflicto de Oriente Medio tambi\u00e9n ha desencadenado nuevos ataques contra la Constituci\u00f3n.<\/p>\n<p>Extremistas propalestinos han atacado a periodistas, propagado el antisemitismo y negado el derecho de Israel a existir, en ocasiones con el apoyo de extremistas de izquierda. Por otro lado, el extremismo de derecha en torno al partido de ultraderecha Alternativa para Alemania (AfD)\u00a0tambi\u00e9n ha aumentado.<\/p>\n<h2>M\u00e1s ataques relacionados con la guerra rusa en Ucrania<\/h2>\n<p>El informe de 2024 de BfV refleja el reporte sobre delitos pol\u00edticos y ciberseguridad en Alemania. En este caso, tambi\u00e9n se registraron muchos m\u00e1s ataques relacionados con la guerra de agresi\u00f3n de Rusia contra Ucrania.<\/p>\n<p>El a\u00f1o pasado, la Fiscal\u00eda General alemana inici\u00f3 un total de 17 nuevas investigaciones en el Tribunal Federal de Justicia por sospechas de actividad de agentes de inteligencia. Se ejecutaron once \u00f3rdenes de arresto.<\/p>\n<figure class=\"placeholder-image master_landscape big\"><img data-format=\"MASTER_LANDSCAPE\" data-id=\"68184073\" data-url=\"https:\/\/static.dw.com\/image\/68184073_${formatId}.jpg\" data-aspect-ratio=\"16\/9\" alt=\"Sede de la Oficina para la Protecci\u00f3n de la Constituci\u00f3n, los servicios de Inteligencia del Interior de Alemania en Colonia.\" style=\"padding-bottom: 56.25%; height: 0; max-height: 0;\"\/><figcaption class=\"img-caption\">Sede de la Oficina para la Protecci\u00f3n de la Constituci\u00f3n, los servicios de Inteligencia del Interior de Alemania, en la ciudad de Colonia.<small class=\"copyright\">Imagen: Christoph Hardt\/Geisler-Fotopress\/Picture Alliance<\/small><\/figcaption><\/figure>\n<p>Los extremistas de derecha tambi\u00e9n utilizaron el conflicto de Oriente Medio para difundir cada vez m\u00e1s opiniones antiinmigratorias y antisemitas, seg\u00fan el informe. El potencial de extremistas de derecha aument\u00f3 cerca de un 23\u00a0%, de 40.600 a 50.250 extremistas. Entre ellos se encontraban 15.300 extremistas violentos de derecha, en comparaci\u00f3n con los 14.500 del a\u00f1o anterior.<\/p>\n<p>Un desaf\u00edo particular para las autoridades de seguridad son las personas\u00a0que, tambi\u00e9n como en el caso de los extremistas islamistas, se est\u00e1n radicalizando. Los delitos y actos de violencia de extremistas de derecha, por otra parte, aumentaron casi en un 50 por ciento, hasta alcanzar casi 38.000, incluyendo casi 1.300 actos violentos.<\/p>\n<p><span data-slot-id=\"Article_InContent-1\" class=\"rich-text-ad\"\/><\/p>\n<h2>Incremento de extremismo en Alemania<\/h2>\n<p>La Oficina Federal para la Protecci\u00f3n de la Constituci\u00f3n (BfV) vigil\u00f3 a muchos m\u00e1s extremistas el a\u00f1o pasado que en a\u00f1os anteriores, seg\u00fan el informe de inteligencia nacional e internacional para 2024.<\/p>\n<p>El aumento de alrededor del 23 % en el n\u00famero de extremistas de derecha en un a\u00f1o se debe, en parte, al crecimiento de la afiliaci\u00f3n al partido en parte de extrema derecha Alternativa para Alemania (AfD). Seg\u00fan el reporte, 20.000 miembros del partido, que estaba bajo sospecha de la Oficina Federal para la Protecci\u00f3n de la Constituci\u00f3n en 2024, fueron clasificados como posibles extremistas de derecha el a\u00f1o pasado.<\/p>\n<figure class=\"placeholder-image master_landscape big\"><img data-format=\"MASTER_LANDSCAPE\" data-id=\"72414405\" data-url=\"https:\/\/static.dw.com\/image\/72414405_${formatId}.jpg\" data-aspect-ratio=\"16\/9\" alt=\"Logo del partido Alternativa para Alemania (AfD), en parte de extrema derecha.\" style=\"padding-bottom: 56.25%; height: 0; max-height: 0;\"\/><figcaption class=\"img-caption\">Logo del partido Alternativa para Alemania (AfD), vigilado por los servicios secretos del Interior por ser de extrema derecha.<small class=\"copyright\">Imagen: \/Frank Hoermann\/SVEN SIMON\/IMAGO<\/small><\/figcaption><\/figure>\n<p>De acuerdo con sus propias cifras, AfD contaba con 50.000 miembros en noviembre. El informe de la Oficina Federal para la Protecci\u00f3n de la Constituci\u00f3n afirma: \u00abEn t\u00e9rminos de impacto pol\u00edtico y social y de n\u00famero de afiliados, AfD representa el actor dominante dentro del espectro de partidos de extrema derecha o sospechosos de serlo\u00bb.<\/p>\n<p>La Oficina Federal para la Protecci\u00f3n de la Constituci\u00f3n tambi\u00e9n observa un aumento entre los autodenominados \u00abCiudadanos del Reich\u00bb (\u00abReichsb\u00fcrger\u00bb) y los grupos aut\u00f3nomos. Seg\u00fan el informe, el n\u00famero de \u00abCiudadanos del Reich\u00bb aument\u00f3 en 1.000 personas, hasta alcanzar aproximadamente 26.000. Los \u00abCiudadanos del Reich\u00bb no reconocen a la Rep\u00fablica Federal de Alemania como Estado. Tampoco reconocen las estructuras democr\u00e1ticas y constitucionales como el Parlamento, las leyes o los tribunales. No quieren pagar impuestos, cotizaciones a la seguridad social ni multas.<\/p>\n<figure class=\"placeholder-image master_landscape big\"><img data-format=\"MASTER_LANDSCAPE\" data-id=\"69657875\" data-url=\"https:\/\/static.dw.com\/image\/69657875_${formatId}.jpg\" data-aspect-ratio=\"16\/9\" alt=\"Manifestaci\u00f3n propalestina en Berl\u00edn: presencia de la Polic\u00eda y bomberos por escalada.\" style=\"padding-bottom: 56.25%; height: 0; max-height: 0;\"\/><figcaption class=\"img-caption\">Manifestaciones propalestinas escalaron en Berl\u00edn en a\u00f1os anteriores.<small class=\"copyright\">Imagen: Andreas Friedrichs\/IMAGO<\/small><\/figcaption><\/figure>\n<h2>Ligero aumento de grupos islamistas<\/h2>\n<p>Tras un ligero descenso en a\u00f1os anteriores, la Oficina Federal para la Protecci\u00f3n de la Constituci\u00f3n observa actualmente un ligero aumento de los grupos islamistas. El potencial islamista aument\u00f3 casi un cuatro por ciento, hasta alcanzar las 28.280 personas. La agencia de seguridad estima el n\u00famero potencial de islamistas violentos, reportado por primera vez en este informe anual, en 9.540.<\/p>\n<h2>M\u00e1s extremistas de izquierda<\/h2>\n<p>Seg\u00fan la BfV, el n\u00famero de extremistas de izquierda aument\u00f3 de 37.000 a aproximadamente 38.000 en 2024. Sin embargo, el n\u00famero de extremistas de izquierda evaluados como violentos se mantuvo en el nivel del a\u00f1o anterior, con 11.200.<\/p>\n<p>Seg\u00fan la Oficina Federal para la Protecci\u00f3n de la Constituci\u00f3n, un factor que contribuy\u00f3 al aumento de las tendencias extremistas en varias zonas el a\u00f1o pasado fue la escalada del conflicto en Oriente Medio.<\/p>\n<p>CP (DPA, RTR)<\/p>\n<\/div>\n\n","protected":false},"excerpt":{"rendered":"<p>Seg\u00fan la Oficina Federal para la Protecci\u00f3n de la Constituci\u00f3n, los ataques, tanto nacionales como internacionales, contra el orden libre y democr\u00e1tico en Alemania\u00a0han seguido aumentando durante el \u00faltimo a\u00f1o. \u00abNuestro pa\u00eds est\u00e1 cada vez m\u00e1s expuesto al espionaje y al sabotaje, as\u00ed como a ciberataques y desinformaci\u00f3n\u00bb, afirma el ministro del Interior, Alexander Dobrindt &hellip;<\/p>\n","protected":false},"author":1,"featured_media":31058,"comment_status":"open","ping_status":"open","sticky":false,"template":"","format":"standard","meta":{"fifu_image_url":"https:\/\/static.dw.com\/image\/72526198_6.jpg","fifu_image_alt":"","footnotes":""},"categories":[13],"tags":[],"class_list":["post-31057","post","type-post","status-publish","format-standard","has-post-thumbnail","","category-mundo"],"_links":{"self":[{"href":"https:\/\/noticiasveraces.com\/index.php?rest_route=\/wp\/v2\/posts\/31057","targetHints":{"allow":["GET"]}}],"collection":[{"href":"https:\/\/noticiasveraces.com\/index.php?rest_route=\/wp\/v2\/posts"}],"about":[{"href":"https:\/\/noticiasveraces.com\/index.php?rest_route=\/wp\/v2\/types\/post"}],"author":[{"embeddable":true,"href":"https:\/\/noticiasveraces.com\/index.php?rest_route=\/wp\/v2\/users\/1"}],"replies":[{"embeddable":true,"href":"https:\/\/noticiasveraces.com\/index.php?rest_route=%2Fwp%2Fv2%2Fcomments&post=31057"}],"version-history":[{"count":0,"href":"https:\/\/noticiasveraces.com\/index.php?rest_route=\/wp\/v2\/posts\/31057\/revisions"}],"wp:featuredmedia":[{"embeddable":true,"href":"https:\/\/noticiasveraces.com\/index.php?rest_route=\/wp\/v2\/media\/31058"}],"wp:attachment":[{"href":"https:\/\/noticiasveraces.com\/index.php?rest_route=%2Fwp%2Fv2%2Fmedia&parent=31057"}],"wp:term":[{"taxonomy":"category","embeddable":true,"href":"https:\/\/noticiasveraces.com\/index.php?rest_route=%2Fwp%2Fv2%2Fcategories&post=31057"},{"taxonomy":"post_tag","embeddable":true,"href":"https:\/\/noticiasveraces.com\/index.php?rest_route=%2Fwp%2Fv2%2Ftags&post=31057"}],"curies":[{"name":"wp","href":"https:\/\/api.w.org\/{rel}","templated":true}]}}