{"id":31049,"date":"2025-06-10T08:09:51","date_gmt":"2025-06-10T12:09:51","guid":{"rendered":"https:\/\/noticiasveraces.com\/?p=31049"},"modified":"2025-06-10T08:09:51","modified_gmt":"2025-06-10T12:09:51","slug":"el-tiroteo-en-la-escuela-de-austria-deja-a-7-estudiantes-y-1-adulto-muerto-en-graz","status":"publish","type":"post","link":"https:\/\/noticiasveraces.com\/?p=31049","title":{"rendered":"El tiroteo en la escuela de Austria deja a 7 estudiantes y 1 adulto muerto en Graz"},"content":{"rendered":"<p> \n<\/p>\n<div>\n<div id=\"beyondwords-wrapper\" class=\"beyondwords-wrapper\">\n<p><span class=\"label-bg\">NUEVO<\/span>\u00a1Ahora puedes escuchar art\u00edculos de Fox News!\n  <\/p>\n<\/div>\n<p class=\"speakable\">Ocho personas murieron en un tiroteo en la escuela en Austria el martes, dijeron las autoridades. <\/p>\n<p class=\"speakable\">Los disparos estallaron en la escuela secundaria Borg Dreiersch\u00fctzengasse en Graz, una ciudad de aproximadamente 300,000. El alcalde de Graz, Elke Kahr, dijo que el presunto tirador tambi\u00e9n muri\u00f3.  <\/p>\n<p>Kahr describi\u00f3 los eventos como una \u00abtragedia terrible\u00bb, inform\u00f3 la agencia de prensa de Austria.  <\/p>\n<p>La salida agreg\u00f3 que las muertes eran siete estudiantes y un adulto. Kahr tambi\u00e9n dijo que muchas personas fueron llevadas a hospitales con lesiones. <\/p>\n<p><strong>El tiroteo en la escuela en Suecia deja al menos 4 heridos, seg\u00fan la polic\u00eda<\/strong><strong> <\/strong><\/p>\n<div class=\"image-ct inline\">\n<div class=\"m\"><picture><source media=\"(max-width: 767px)\" srcset=\"https:\/\/a57.foxnews.com\/static.foxnews.com\/foxnews.com\/content\/uploads\/2025\/06\/343\/192\/graz-shooting-1.jpg?ve=1&amp;tl=1, https:\/\/a57.foxnews.com\/static.foxnews.com\/foxnews.com\/content\/uploads\/2025\/06\/686\/384\/graz-shooting-1.jpg?ve=1&amp;tl=1 2x\" height=\"192\" width=\"343\"><source media=\"(min-width: 768px) and (max-width: 1023px)\" srcset=\"https:\/\/a57.foxnews.com\/static.foxnews.com\/foxnews.com\/content\/uploads\/2025\/06\/672\/378\/graz-shooting-1.jpg?ve=1&amp;tl=1, https:\/\/a57.foxnews.com\/static.foxnews.com\/foxnews.com\/content\/uploads\/2025\/06\/1344\/756\/graz-shooting-1.jpg?ve=1&amp;tl=1 2x\" height=\"378\" width=\"672\"><source media=\"(min-width: 1024px) and (max-width: 1279px)\" srcset=\"https:\/\/a57.foxnews.com\/static.foxnews.com\/foxnews.com\/content\/uploads\/2025\/06\/931\/523\/graz-shooting-1.jpg?ve=1&amp;tl=1, https:\/\/a57.foxnews.com\/static.foxnews.com\/foxnews.com\/content\/uploads\/2025\/06\/1862\/1046\/graz-shooting-1.jpg?ve=1&amp;tl=1 2x\" height=\"523\" width=\"931\"><source media=\"(min-width: 1280px)\" srcset=\"https:\/\/a57.foxnews.com\/static.foxnews.com\/foxnews.com\/content\/uploads\/2025\/06\/720\/405\/graz-shooting-1.jpg?ve=1&amp;tl=1, https:\/\/a57.foxnews.com\/static.foxnews.com\/foxnews.com\/content\/uploads\/2025\/06\/1440\/810\/graz-shooting-1.jpg?ve=1&amp;tl=1 2x\" height=\"405\" width=\"720\"><img loading=\"lazy\" decoding=\"async\" src=\"https:\/\/a57.foxnews.com\/static.foxnews.com\/foxnews.com\/content\/uploads\/2025\/06\/1200\/675\/graz-shooting-1.jpg?ve=1&amp;tl=1\" alt=\"La polic\u00eda responde al tiroteo en la escuela de Austria\" width=\"1200\" height=\"675\"\/><\/source><\/source><\/source><\/source><\/picture><\/div>\n<div class=\"info\">\n<div class=\"caption\">\n<p><span>Los polic\u00edas austriacos se ven en una calle cerca de la escuela secundaria Borg Dreiersch\u00fctzengasse en Graz el martes 10 de junio.<\/span> <span>(Erwin Scheriau\/APA\/AFP a trav\u00e9s de Getty Images)<\/span><\/p>\n<\/div>\n<\/div>\n<\/div>\n<p>\u00abLa escuela fue evacuada y todos fueron llevados a un punto de reuni\u00f3n seguro\u00bb, escribi\u00f3 la polic\u00eda austriaca en X. \u00abLa situaci\u00f3n es segura. No se espera m\u00e1s peligro\u00bb. <\/p>\n<p>\u00abLa raz\u00f3n de la operaci\u00f3n fue los disparos escuchados en el edificio\u00bb, agreg\u00f3 la polic\u00eda. <\/p>\n<p><strong>El ataque con cuchillo en la escuela croata deja muertos de 7 a\u00f1os, 6 personas heridas, seg\u00fan la polic\u00eda<\/strong><strong> <\/strong><\/p>\n<div class=\"image-ct inline\">\n<div class=\"m\"><picture><source media=\"(max-width: 767px)\" srcset=\"https:\/\/a57.foxnews.com\/static.foxnews.com\/foxnews.com\/content\/uploads\/2025\/06\/343\/192\/graz-shooting-2.jpg?ve=1&amp;tl=1, https:\/\/a57.foxnews.com\/static.foxnews.com\/foxnews.com\/content\/uploads\/2025\/06\/686\/384\/graz-shooting-2.jpg?ve=1&amp;tl=1 2x\" height=\"192\" width=\"343\"><source media=\"(min-width: 768px) and (max-width: 1023px)\" srcset=\"https:\/\/a57.foxnews.com\/static.foxnews.com\/foxnews.com\/content\/uploads\/2025\/06\/672\/378\/graz-shooting-2.jpg?ve=1&amp;tl=1, https:\/\/a57.foxnews.com\/static.foxnews.com\/foxnews.com\/content\/uploads\/2025\/06\/1344\/756\/graz-shooting-2.jpg?ve=1&amp;tl=1 2x\" height=\"378\" width=\"672\"><source media=\"(min-width: 1024px) and (max-width: 1279px)\" srcset=\"https:\/\/a57.foxnews.com\/static.foxnews.com\/foxnews.com\/content\/uploads\/2025\/06\/931\/523\/graz-shooting-2.jpg?ve=1&amp;tl=1, https:\/\/a57.foxnews.com\/static.foxnews.com\/foxnews.com\/content\/uploads\/2025\/06\/1862\/1046\/graz-shooting-2.jpg?ve=1&amp;tl=1 2x\" height=\"523\" width=\"931\"><source media=\"(min-width: 1280px)\" srcset=\"https:\/\/a57.foxnews.com\/static.foxnews.com\/foxnews.com\/content\/uploads\/2025\/06\/720\/405\/graz-shooting-2.jpg?ve=1&amp;tl=1, https:\/\/a57.foxnews.com\/static.foxnews.com\/foxnews.com\/content\/uploads\/2025\/06\/1440\/810\/graz-shooting-2.jpg?ve=1&amp;tl=1 2x\" height=\"405\" width=\"720\"><img loading=\"lazy\" decoding=\"async\" src=\"https:\/\/a57.foxnews.com\/static.foxnews.com\/foxnews.com\/content\/uploads\/2025\/06\/1200\/675\/graz-shooting-2.jpg?ve=1&amp;tl=1\" alt=\"Policero austriaco en Graz\" width=\"1200\" height=\"675\"\/><\/source><\/source><\/source><\/source><\/picture><\/div>\n<div class=\"info\">\n<div class=\"caption\">\n<p><span>El tiroteo en la escuela secundaria en Graz, Austria, tambi\u00e9n dej\u00f3 a varias personas con lesiones, dijeron las autoridades.<\/span> <span>(Erwin Scheriau\/APA\/AFP a trav\u00e9s de Getty Images)<\/span><\/p>\n<\/div>\n<\/div>\n<\/div>\n<p>Las fuerzas especiales se encontraban entre las enviadas a la escuela secundaria Borg Dreiersch\u00fctzengasse despu\u00e9s de una llamada a las 10 am hora local. <\/p>\n<p>Se cree que el sospechoso tirador es un estudiante, seg\u00fan la BBC. <\/p>\n<p>El motivo del ataque no est\u00e1 claro. <\/p>\n<div class=\"image-ct inline\">\n<div class=\"m\"><picture><source media=\"(max-width: 767px)\" srcset=\"https:\/\/a57.foxnews.com\/static.foxnews.com\/foxnews.com\/content\/uploads\/2025\/06\/343\/192\/austria-shooting-1.jpg?ve=1&amp;tl=1, https:\/\/a57.foxnews.com\/static.foxnews.com\/foxnews.com\/content\/uploads\/2025\/06\/686\/384\/austria-shooting-1.jpg?ve=1&amp;tl=1 2x\" height=\"192\" width=\"343\"><source media=\"(min-width: 768px) and (max-width: 1023px)\" srcset=\"https:\/\/a57.foxnews.com\/static.foxnews.com\/foxnews.com\/content\/uploads\/2025\/06\/672\/378\/austria-shooting-1.jpg?ve=1&amp;tl=1, https:\/\/a57.foxnews.com\/static.foxnews.com\/foxnews.com\/content\/uploads\/2025\/06\/1344\/756\/austria-shooting-1.jpg?ve=1&amp;tl=1 2x\" height=\"378\" width=\"672\"><source media=\"(min-width: 1024px) and (max-width: 1279px)\" srcset=\"https:\/\/a57.foxnews.com\/static.foxnews.com\/foxnews.com\/content\/uploads\/2025\/06\/931\/523\/austria-shooting-1.jpg?ve=1&amp;tl=1, https:\/\/a57.foxnews.com\/static.foxnews.com\/foxnews.com\/content\/uploads\/2025\/06\/1862\/1046\/austria-shooting-1.jpg?ve=1&amp;tl=1 2x\" height=\"523\" width=\"931\"><source media=\"(min-width: 1280px)\" srcset=\"https:\/\/a57.foxnews.com\/static.foxnews.com\/foxnews.com\/content\/uploads\/2025\/06\/720\/405\/austria-shooting-1.jpg?ve=1&amp;tl=1, https:\/\/a57.foxnews.com\/static.foxnews.com\/foxnews.com\/content\/uploads\/2025\/06\/1440\/810\/austria-shooting-1.jpg?ve=1&amp;tl=1 2x\" height=\"405\" width=\"720\"><img loading=\"lazy\" decoding=\"async\" src=\"https:\/\/a57.foxnews.com\/static.foxnews.com\/foxnews.com\/content\/uploads\/2025\/06\/1200\/675\/austria-shooting-1.jpg?ve=1&amp;tl=1\" alt=\"Borg Dreiersch\u00fctzengasse High School \" width=\"1200\" height=\"675\"\/><\/source><\/source><\/source><\/source><\/picture><\/div>\n<div class=\"info\">\n<div class=\"caption\">\n<p><span>La escuela secundaria Borg Dreiersch\u00fctzengasse en Graz, Austria.<\/span> <span>(Google Maps)<\/span><\/p>\n<\/div>\n<\/div>\n<\/div>\n<p>Graz es la segunda ciudad m\u00e1s grande de Austria y se encuentra en el sureste del pa\u00eds. <\/p>\n<p><strong>Haga clic aqu\u00ed para obtener la aplicaci\u00f3n Fox News<\/strong><strong> <\/strong><\/p>\n<p>En Bruselas, la portavoz de la Uni\u00f3n Europea, Paula Pinho, dijo que \u00abnos gustar\u00eda ofrecer nuestras m\u00e1s profundas condolencias a las familias de las v\u00edctimas y toda la ciudad de Graz en Austria. Y nos unimos de luto mientras buscamos claridad a ra\u00edz de este horrible evento en una escuela\u00bb.<\/p>\n<p><i>Associated Press contribuy\u00f3 a este informe. <\/i><\/p>\n<p> <!----> <\/p>\n<div class=\"article-meta\">\n<div class=\"author-bio\">\n<p>Greg Norman es reportero de Fox News Digital.<\/p>\n<\/div>\n<\/div>\n<\/div>\n\n","protected":false},"excerpt":{"rendered":"<p>NUEVO\u00a1Ahora puedes escuchar art\u00edculos de Fox News! Ocho personas murieron en un tiroteo en la escuela en Austria el martes, dijeron las autoridades. Los disparos estallaron en la escuela secundaria Borg Dreiersch\u00fctzengasse en Graz, una ciudad de aproximadamente 300,000. El alcalde de Graz, Elke Kahr, dijo que el presunto tirador tambi\u00e9n muri\u00f3. Kahr describi\u00f3 los &hellip;<\/p>\n","protected":false},"author":1,"featured_media":31051,"comment_status":"open","ping_status":"open","sticky":false,"template":"","format":"standard","meta":{"fifu_image_url":"https:\/\/static.foxnews.com\/foxnews.com\/content\/uploads\/2025\/06\/graz-shooting-1.jpg","fifu_image_alt":"","footnotes":""},"categories":[13],"tags":[],"class_list":["post-31049","post","type-post","status-publish","format-standard","has-post-thumbnail","","category-mundo"],"_links":{"self":[{"href":"https:\/\/noticiasveraces.com\/index.php?rest_route=\/wp\/v2\/posts\/31049","targetHints":{"allow":["GET"]}}],"collection":[{"href":"https:\/\/noticiasveraces.com\/index.php?rest_route=\/wp\/v2\/posts"}],"about":[{"href":"https:\/\/noticiasveraces.com\/index.php?rest_route=\/wp\/v2\/types\/post"}],"author":[{"embeddable":true,"href":"https:\/\/noticiasveraces.com\/index.php?rest_route=\/wp\/v2\/users\/1"}],"replies":[{"embeddable":true,"href":"https:\/\/noticiasveraces.com\/index.php?rest_route=%2Fwp%2Fv2%2Fcomments&post=31049"}],"version-history":[{"count":0,"href":"https:\/\/noticiasveraces.com\/index.php?rest_route=\/wp\/v2\/posts\/31049\/revisions"}],"wp:featuredmedia":[{"embeddable":true,"href":"https:\/\/noticiasveraces.com\/index.php?rest_route=\/wp\/v2\/media\/31051"}],"wp:attachment":[{"href":"https:\/\/noticiasveraces.com\/index.php?rest_route=%2Fwp%2Fv2%2Fmedia&parent=31049"}],"wp:term":[{"taxonomy":"category","embeddable":true,"href":"https:\/\/noticiasveraces.com\/index.php?rest_route=%2Fwp%2Fv2%2Fcategories&post=31049"},{"taxonomy":"post_tag","embeddable":true,"href":"https:\/\/noticiasveraces.com\/index.php?rest_route=%2Fwp%2Fv2%2Ftags&post=31049"}],"curies":[{"name":"wp","href":"https:\/\/api.w.org\/{rel}","templated":true}]}}