{"id":31037,"date":"2025-06-10T06:06:42","date_gmt":"2025-06-10T10:06:42","guid":{"rendered":"https:\/\/noticiasveraces.com\/?p=31037"},"modified":"2025-06-10T06:06:42","modified_gmt":"2025-06-10T10:06:42","slug":"al-menos-ocho-muertos-en-ataque-a-escuela-en-austria-dw-10-06-2025","status":"publish","type":"post","link":"https:\/\/noticiasveraces.com\/?p=31037","title":{"rendered":"Al menos ocho muertos en ataque a escuela en Austria \u2013 DW \u2013 10\/06\/2025"},"content":{"rendered":"<p> \n<\/p>\n<div>\n<p>En el ataque a una escuela secundaria en la ciudad austr\u00edaca de Graz habr\u00edan resultado muertas al menos ocho personas en un tiroteo, seg\u00fan informan este martes (10.06.2025) medios austriacos, entre ellos, el tabloide <em>Kronen Zeitung, <\/em>mientas otros medios hablan de cinco muertos<em>. <\/em><\/p>\n<p>Seg\u00fan ha confirmado el Ministerio del Interior a la radiotelevisi\u00f3n p\u00fablica ORF, varias personas han muerto en el tiroteo en una escuela, mientras que un portavoz policial ha se\u00f1alado que el supuesto agresor se cuenta entre los fallecidos.\u00a0La cifra exacta de muertos y heridos no ha sido confirmada a\u00fan por las autoridades.<\/p>\n<p>La Polic\u00eda indic\u00f3 que se estaba llevando a cabo un operativo con unidades especiales en la calle Dreierschuetzengasse, donde se encuentra una escuela secundaria, y se\u00f1al\u00f3 que adem\u00e1s hay varias personas heridas, entre ellas, alumnos y maestros. <\/p>\n<blockquote class=\"tweet embed\" data-id=\"1932351550212481150\"\/>\n<p>El operativo policial contin\u00faa a\u00fan en el lugar, y las personas presentes en la escuela han sido evacuadas.<\/p>\n<p>\u00abLa situaci\u00f3n es actualmente muy confusa. Sin embargo, podr\u00eda tratarse de un caso de tiroteo indiscriminado\u00bb, declaro a la agencia APA una fuente policial.<\/p>\n<p>A este respecto, la agencia APA indic\u00f3 que el supuesto agresor, de cuya su identidad no se han dado detalles, se habr\u00eda suicidado. Seg\u00fan medios, se tratar\u00eda de un alumno de dicha escuela.<\/p>\n<p>El diario <em>Hora de la corona<\/em>g, que da la cifra de ocho fallecidos, indica que el tiroteo comenz\u00f3 sobre las 10.00 de la ma\u00f1ana y que el supuesto agresor dispar\u00f3 en dos aulas diferentes.<\/p>\n<p>La Polic\u00eda organiz\u00f3 un lugar de encuentro para los padres de los alumnos en el estadio AKS\u00d6.<\/p>\n<blockquote class=\"tweet embed\" data-id=\"1932367358938796198\"\/>\n<p><em>Noticia en desarrollo<\/em><\/p>\n<p>CP (RTR, APE, NTV.DE, EFE, AFP)<\/p>\n<\/div>\n\n","protected":false},"excerpt":{"rendered":"<p>En el ataque a una escuela secundaria en la ciudad austr\u00edaca de Graz habr\u00edan resultado muertas al menos ocho personas en un tiroteo, seg\u00fan informan este martes (10.06.2025) medios austriacos, entre ellos, el tabloide Kronen Zeitung, mientas otros medios hablan de cinco muertos. Seg\u00fan ha confirmado el Ministerio del Interior a la radiotelevisi\u00f3n p\u00fablica ORF, &hellip;<\/p>\n","protected":false},"author":1,"featured_media":31038,"comment_status":"open","ping_status":"open","sticky":false,"template":"","format":"standard","meta":{"fifu_image_url":"https:\/\/static.dw.com\/image\/61778592_6.jpg","fifu_image_alt":"","footnotes":""},"categories":[13],"tags":[],"class_list":["post-31037","post","type-post","status-publish","format-standard","has-post-thumbnail","","category-mundo"],"_links":{"self":[{"href":"https:\/\/noticiasveraces.com\/index.php?rest_route=\/wp\/v2\/posts\/31037","targetHints":{"allow":["GET"]}}],"collection":[{"href":"https:\/\/noticiasveraces.com\/index.php?rest_route=\/wp\/v2\/posts"}],"about":[{"href":"https:\/\/noticiasveraces.com\/index.php?rest_route=\/wp\/v2\/types\/post"}],"author":[{"embeddable":true,"href":"https:\/\/noticiasveraces.com\/index.php?rest_route=\/wp\/v2\/users\/1"}],"replies":[{"embeddable":true,"href":"https:\/\/noticiasveraces.com\/index.php?rest_route=%2Fwp%2Fv2%2Fcomments&post=31037"}],"version-history":[{"count":0,"href":"https:\/\/noticiasveraces.com\/index.php?rest_route=\/wp\/v2\/posts\/31037\/revisions"}],"wp:featuredmedia":[{"embeddable":true,"href":"https:\/\/noticiasveraces.com\/index.php?rest_route=\/wp\/v2\/media\/31038"}],"wp:attachment":[{"href":"https:\/\/noticiasveraces.com\/index.php?rest_route=%2Fwp%2Fv2%2Fmedia&parent=31037"}],"wp:term":[{"taxonomy":"category","embeddable":true,"href":"https:\/\/noticiasveraces.com\/index.php?rest_route=%2Fwp%2Fv2%2Fcategories&post=31037"},{"taxonomy":"post_tag","embeddable":true,"href":"https:\/\/noticiasveraces.com\/index.php?rest_route=%2Fwp%2Fv2%2Ftags&post=31037"}],"curies":[{"name":"wp","href":"https:\/\/api.w.org\/{rel}","templated":true}]}}