{"id":30993,"date":"2025-06-09T20:50:15","date_gmt":"2025-06-10T00:50:15","guid":{"rendered":"https:\/\/noticiasveraces.com\/?p=30993"},"modified":"2025-06-09T20:50:15","modified_gmt":"2025-06-10T00:50:15","slug":"ee-uu-despliega-700-militares-de-los-marines-en-los-angeles-dw-10-06-2025","status":"publish","type":"post","link":"https:\/\/noticiasveraces.com\/?p=30993","title":{"rendered":"EE.UU. despliega 700 militares de los Marines en Los \u00c1ngeles \u2013 DW \u2013 10\/06\/2025"},"content":{"rendered":"<p> \n<\/p>\n<div>\n<p>El gobierno estadounidense anunci\u00f3 este lunes (09.06.2025) que desplegar\u00e1 a 700 militares de los Marines en Los \u00c1ngeles en respuesta a los disturbios entre manifestantes y fuerzas de seguridad por las redadas migratorias, lo que enfureci\u00f3 al gobernador de California.<\/p>\n<p>Un funcionario de la administraci\u00f3n declar\u00f3 a la AFP que \u00aba la luz del aumento de las amenazas contra agentes federales y edificios federales\u00bb movilizar\u00e1n a Marines.<\/p>\n<p>\u00abMarines estadounidenses en activo de Camp Pendleton ser\u00e1n desplegados en Los \u00c1ngeles para ayudar a proteger a los agentes federales y los edificios\u00bb, declar\u00f3 la fuente que pidi\u00f3 mantener el anonimato.<\/p>\n<p>El funcionario dio primero la cifra de 500 marines, pero m\u00e1s tarde actualiz\u00f3 el n\u00famero a 700.<\/p>\n<p>El gobernador Gavin Newsom critic\u00f3 la decisi\u00f3n \u00abdemente\u00bb del \u00abdictatorial\u00bb presidente de Estados Unidos. <\/p>\n<p>\u00abLos marines de Estados Unidos han servido honorablemente en m\u00faltiples guerras en defensa de la democracia\u00bb, public\u00f3 Newsom en X. \u00abNo deber\u00edan ser desplegados en suelo estadounidense enfrent\u00e1ndose a sus propios compatriotas para cumplir la fantas\u00eda demente de un presidente dictatorial. Esto es poco estadounidense\u00bb, a\u00f1adi\u00f3.<\/p>\n<h2>\u00abFuerza de trabajo 51\u00bb<\/h2>\n<p>El Ej\u00e9rcito estadounidense confirm\u00f3 por separado el despliegue de \u00abaproximadamente 700 marines\u00bb de un batall\u00f3n de infanter\u00eda en la segunda ciudad m\u00e1s grande de Estados Unidos en medio de los disturbios. <\/p>\n<p>Se sumar\u00e1n a las fuerzas de la Guardia Nacional que el presidente republicano Donald Trump despleg\u00f3 el s\u00e1bado sin el consentimiento del gobernador dem\u00f3crata de California, Gavin Newsom.<\/p>\n<p>El mando militar regional declar\u00f3 que en la operaci\u00f3n en curso en Los \u00c1ngeles, denominada Task Force 51, \u00abparticipan unos 2.100 guardias nacionales\u00bb y \u00ab700 marines en activo\u00bb.<\/p>\n<p>Todos han sido \u00abentrenados en desescalada, gesti\u00f3n de multitudes y normas para el uso de la fuerza\u00bb.<\/p>\n<p>El despliegue de militares en activo en territorio estadounidense es una decisi\u00f3n excepcional, que preocupa a los activistas de los derechos civiles.<\/p>\n<p>Mg (AFP, Efe)<\/p>\n<\/p>\n<\/div>\n\n","protected":false},"excerpt":{"rendered":"<p>El gobierno estadounidense anunci\u00f3 este lunes (09.06.2025) que desplegar\u00e1 a 700 militares de los Marines en Los \u00c1ngeles en respuesta a los disturbios entre manifestantes y fuerzas de seguridad por las redadas migratorias, lo que enfureci\u00f3 al gobernador de California. Un funcionario de la administraci\u00f3n declar\u00f3 a la AFP que \u00aba la luz del aumento &hellip;<\/p>\n","protected":false},"author":1,"featured_media":30994,"comment_status":"open","ping_status":"open","sticky":false,"template":"","format":"standard","meta":{"fifu_image_url":"https:\/\/static.dw.com\/image\/72849846_6.jpg","fifu_image_alt":"","footnotes":""},"categories":[13],"tags":[],"class_list":["post-30993","post","type-post","status-publish","format-standard","has-post-thumbnail","","category-mundo"],"_links":{"self":[{"href":"https:\/\/noticiasveraces.com\/index.php?rest_route=\/wp\/v2\/posts\/30993","targetHints":{"allow":["GET"]}}],"collection":[{"href":"https:\/\/noticiasveraces.com\/index.php?rest_route=\/wp\/v2\/posts"}],"about":[{"href":"https:\/\/noticiasveraces.com\/index.php?rest_route=\/wp\/v2\/types\/post"}],"author":[{"embeddable":true,"href":"https:\/\/noticiasveraces.com\/index.php?rest_route=\/wp\/v2\/users\/1"}],"replies":[{"embeddable":true,"href":"https:\/\/noticiasveraces.com\/index.php?rest_route=%2Fwp%2Fv2%2Fcomments&post=30993"}],"version-history":[{"count":0,"href":"https:\/\/noticiasveraces.com\/index.php?rest_route=\/wp\/v2\/posts\/30993\/revisions"}],"wp:featuredmedia":[{"embeddable":true,"href":"https:\/\/noticiasveraces.com\/index.php?rest_route=\/wp\/v2\/media\/30994"}],"wp:attachment":[{"href":"https:\/\/noticiasveraces.com\/index.php?rest_route=%2Fwp%2Fv2%2Fmedia&parent=30993"}],"wp:term":[{"taxonomy":"category","embeddable":true,"href":"https:\/\/noticiasveraces.com\/index.php?rest_route=%2Fwp%2Fv2%2Fcategories&post=30993"},{"taxonomy":"post_tag","embeddable":true,"href":"https:\/\/noticiasveraces.com\/index.php?rest_route=%2Fwp%2Fv2%2Ftags&post=30993"}],"curies":[{"name":"wp","href":"https:\/\/api.w.org\/{rel}","templated":true}]}}