{"id":30974,"date":"2025-06-09T19:47:30","date_gmt":"2025-06-09T23:47:30","guid":{"rendered":"https:\/\/noticiasveraces.com\/?p=30974"},"modified":"2025-06-09T19:47:30","modified_gmt":"2025-06-09T23:47:30","slug":"macron-califica-bloqueo-humanitario-en-gaza-de-verguenza-dw-10-06-2025","status":"publish","type":"post","link":"https:\/\/noticiasveraces.com\/?p=30974","title":{"rendered":"Macron califica bloqueo humanitario en Gaza de \u00abverguenza\u00bb \u2013 DW \u2013 10\/06\/2025"},"content":{"rendered":"<p> \n<\/p>\n<div>\n<p>El bloqueo humanitario en Gaza es \u00abun esc\u00e1ndalo\u00bb y \u00abuna verg\u00fcenza\u00bb, afirm\u00f3 este lunes (09.06.2025) el presidente franc\u00e9s, Emmanuel Macron, y pidi\u00f3 de nuevo un alto el fuego, la liberaci\u00f3n de los rehenes israel\u00edes y la \u00abreapertura de las rutas humanitarias\u00bb en el asediado territorio palestino.<\/p>\n<p>Macron tambi\u00e9n dijo que Francia estar\u00e1 \u00abatenta\u00bb despu\u00e9s de que la Marina israel\u00ed intercept\u00f3 un barco que quer\u00eda llegar a Gaza en el que viajan varios activistas pro palestinos, entre ellos seis ciudadanos franceses.<\/p>\n<p>El velero \u00abMadleen\u00bb pretend\u00eda llegar a la Franja de Gaza, con el objetivo de llevar ayuda humanitaria; en la embarcaci\u00f3n viajan 12 activistas, entre ellos Greta Thunberg.<\/p>\n<p>Antes de llegar a su destino, el barco fue interceptado por Israel el lunes por la ma\u00f1ana y\u00a0 por la noche lleg\u00f3 al puerto israel\u00ed de Asdod.<\/p>\n<p>El barco, escoltado por dos embarcaciones de la marina israel\u00ed, entr\u00f3 en el puerto de Asdod al anochecer, hacia las 20H45 locales (17H45 GMT), seg\u00fan un fot\u00f3grafo de AFP. <\/p>\n<h2>Thunberg: \u00abHemos sido secuestrados\u00bb<\/h2>\n<p>El velero de la Coalici\u00f3n de la Flotilla de la Libertad (FFC, por sus siglas en ingl\u00e9s), zarp\u00f3 de Italia el 1 de junio con el objetivo de entregar ayuda a la Franja de Gaza.<\/p>\n<p>En \u00e9l viajan 12 activistas de Francia, Alemania, Brasil, Turqu\u00eda, Suecia, Espa\u00f1a y Pa\u00edses Bajos con el objetivo de \u00abromper el bloqueo israel\u00ed\u00bb en el territorio palestino, sumido en una situaci\u00f3n humanitaria catastr\u00f3fica tras m\u00e1s de un a\u00f1o y medio de guerra.<\/p>\n<p>El Ej\u00e9rcito israel\u00ed afirm\u00f3 que el barco hab\u00eda sido \u00ababordado\u00bb durante la noche, sin especificar d\u00f3nde.<\/p>\n<p>\u00abSi ves este video, hemos sido interceptados y secuestrados en aguas internacionales\u00bb, indic\u00f3 la activista sueca Greta Thunberg en un video programado divulgado por la FFC.<\/p>\n<p>Im\u00e1genes difundidas por el movimiento muestran a activistas a bordo de la embarcaci\u00f3n con chalecos salvavidas naranjas, las manos en alto durante la intercepci\u00f3n.<\/p>\n<p>Algunos entregan sus tel\u00e9fonos m\u00f3viles como se les ha indicado, otros hab\u00edan arrojado sus celulares o tabletas por la borda.<\/p>\n<p>MG (AFP, Le Parisien)<\/p>\n<\/p>\n<\/div>\n\n","protected":false},"excerpt":{"rendered":"<p>El bloqueo humanitario en Gaza es \u00abun esc\u00e1ndalo\u00bb y \u00abuna verg\u00fcenza\u00bb, afirm\u00f3 este lunes (09.06.2025) el presidente franc\u00e9s, Emmanuel Macron, y pidi\u00f3 de nuevo un alto el fuego, la liberaci\u00f3n de los rehenes israel\u00edes y la \u00abreapertura de las rutas humanitarias\u00bb en el asediado territorio palestino. Macron tambi\u00e9n dijo que Francia estar\u00e1 \u00abatenta\u00bb despu\u00e9s de &hellip;<\/p>\n","protected":false},"author":1,"featured_media":30975,"comment_status":"open","ping_status":"open","sticky":false,"template":"","format":"standard","meta":{"fifu_image_url":"https:\/\/static.dw.com\/image\/72846684_6.jpg","fifu_image_alt":"","footnotes":""},"categories":[13],"tags":[],"class_list":["post-30974","post","type-post","status-publish","format-standard","has-post-thumbnail","","category-mundo"],"_links":{"self":[{"href":"https:\/\/noticiasveraces.com\/index.php?rest_route=\/wp\/v2\/posts\/30974","targetHints":{"allow":["GET"]}}],"collection":[{"href":"https:\/\/noticiasveraces.com\/index.php?rest_route=\/wp\/v2\/posts"}],"about":[{"href":"https:\/\/noticiasveraces.com\/index.php?rest_route=\/wp\/v2\/types\/post"}],"author":[{"embeddable":true,"href":"https:\/\/noticiasveraces.com\/index.php?rest_route=\/wp\/v2\/users\/1"}],"replies":[{"embeddable":true,"href":"https:\/\/noticiasveraces.com\/index.php?rest_route=%2Fwp%2Fv2%2Fcomments&post=30974"}],"version-history":[{"count":0,"href":"https:\/\/noticiasveraces.com\/index.php?rest_route=\/wp\/v2\/posts\/30974\/revisions"}],"wp:featuredmedia":[{"embeddable":true,"href":"https:\/\/noticiasveraces.com\/index.php?rest_route=\/wp\/v2\/media\/30975"}],"wp:attachment":[{"href":"https:\/\/noticiasveraces.com\/index.php?rest_route=%2Fwp%2Fv2%2Fmedia&parent=30974"}],"wp:term":[{"taxonomy":"category","embeddable":true,"href":"https:\/\/noticiasveraces.com\/index.php?rest_route=%2Fwp%2Fv2%2Fcategories&post=30974"},{"taxonomy":"post_tag","embeddable":true,"href":"https:\/\/noticiasveraces.com\/index.php?rest_route=%2Fwp%2Fv2%2Ftags&post=30974"}],"curies":[{"name":"wp","href":"https:\/\/api.w.org\/{rel}","templated":true}]}}