{"id":30963,"date":"2025-06-09T18:46:12","date_gmt":"2025-06-09T22:46:12","guid":{"rendered":"https:\/\/noticiasveraces.com\/?p=30963"},"modified":"2025-06-09T18:46:12","modified_gmt":"2025-06-09T22:46:12","slug":"barco-humanitario-con-destino-a-gaza-llega-a-puerto-de-asdod-dw-09-06-2025","status":"publish","type":"post","link":"https:\/\/noticiasveraces.com\/?p=30963","title":{"rendered":"Barco humanitario con destino a Gaza llega a puerto de Asdod \u2013 DW \u2013 09\/06\/2025"},"content":{"rendered":"<p> \n<\/p>\n<div>\n<p>El velero Madleen, interceptado por Israel este lunes (09.06.2025) cuando intentaba llegar a la Franja de Gaza con ayuda humanitaria y 12 activistas propalestinos a bordo, entre ellos la sueca Greta Thunberg, lleg\u00f3 al puerto israel\u00ed de Asdod.<\/p>\n<p>El velero de la Coalici\u00f3n de la Flotilla de la Libertad (FFC, por sus siglas en ingl\u00e9s), zarp\u00f3 de Italia el 1 de junio con el objetivo de entregar ayuda al enclave.<\/p>\n<p>En \u00e9l viajan activistas de Francia, Alemania, Brasil, Turqu\u00eda, Suecia, Espa\u00f1a y Pa\u00edses Bajos con el objetivo de \u00abromper el bloqueo israel\u00ed\u00bb en el territorio palestino, sumido en una situaci\u00f3n humanitaria catastr\u00f3fica tras m\u00e1s de un a\u00f1o y medio de guerra.<\/p>\n<p>El ej\u00e9rcito israel\u00ed afirm\u00f3 que el barco hab\u00eda sido \u00ababordado\u00bb en la noche, sin especificar d\u00f3nde.<\/p>\n<figure class=\"placeholder-image master_landscape big\"><img data-format=\"MASTER_LANDSCAPE\" data-id=\"72840223\" data-url=\"https:\/\/static.dw.com\/image\/72840223_${formatId}.jpg\" data-aspect-ratio=\"16\/9\" alt=\"Una grabaci\u00f3n de vigilancia muestra a la tripulaci\u00f3n del Madleen levantando las manos al momento de la intercepci\u00f3n (09.06.2025) \" style=\"padding-bottom: 56.25%; height: 0; max-height: 0;\"\/><figcaption class=\"img-caption\">Una grabaci\u00f3n de vigilancia muestra a la tripulaci\u00f3n del Madleen levantando las manos al momento de la intercepci\u00f3n (09.06.2025) <small class=\"copyright\">Imagen: Freedom Flotilla Coalition\/Handout\/Reuters<\/small><\/figcaption><\/figure>\n<p>\u00abSi ves este video, fuimos interceptados y secuestrados en aguas internacionales\u00bb, indic\u00f3 Thunberg en un video programado divulgado por la FFC. Im\u00e1genes difundidas por el movimiento muestran a activistas a bordo de la embarcaci\u00f3n con chalecos salvavidas anaranjados y las manos en alto durante la intercepci\u00f3n.<\/p>\n<p>La FFC, creada en 2010, es un movimiento internacional no violento de solidaridad con los palestinos, que une ayuda humanitaria y protesta pol\u00edtica contra el bloqueo de Gaza.<\/p>\n<p>El Ministerio de Relaciones Exteriores israel\u00ed dijo que una vez que el velero llegara a Asdod, los pasajeros ser\u00edan desembarcados y enviados a sus pa\u00edses de origen.<\/p>\n<p>RR AFP\/DPA<\/p>\n<\/div>\n\n","protected":false},"excerpt":{"rendered":"<p>El velero Madleen, interceptado por Israel este lunes (09.06.2025) cuando intentaba llegar a la Franja de Gaza con ayuda humanitaria y 12 activistas propalestinos a bordo, entre ellos la sueca Greta Thunberg, lleg\u00f3 al puerto israel\u00ed de Asdod. El velero de la Coalici\u00f3n de la Flotilla de la Libertad (FFC, por sus siglas en ingl\u00e9s), &hellip;<\/p>\n","protected":false},"author":1,"featured_media":30964,"comment_status":"open","ping_status":"open","sticky":false,"template":"","format":"standard","meta":{"fifu_image_url":"https:\/\/static.dw.com\/image\/72840259_6.jpg","fifu_image_alt":"","footnotes":""},"categories":[13],"tags":[],"class_list":["post-30963","post","type-post","status-publish","format-standard","has-post-thumbnail","","category-mundo"],"_links":{"self":[{"href":"https:\/\/noticiasveraces.com\/index.php?rest_route=\/wp\/v2\/posts\/30963","targetHints":{"allow":["GET"]}}],"collection":[{"href":"https:\/\/noticiasveraces.com\/index.php?rest_route=\/wp\/v2\/posts"}],"about":[{"href":"https:\/\/noticiasveraces.com\/index.php?rest_route=\/wp\/v2\/types\/post"}],"author":[{"embeddable":true,"href":"https:\/\/noticiasveraces.com\/index.php?rest_route=\/wp\/v2\/users\/1"}],"replies":[{"embeddable":true,"href":"https:\/\/noticiasveraces.com\/index.php?rest_route=%2Fwp%2Fv2%2Fcomments&post=30963"}],"version-history":[{"count":0,"href":"https:\/\/noticiasveraces.com\/index.php?rest_route=\/wp\/v2\/posts\/30963\/revisions"}],"wp:featuredmedia":[{"embeddable":true,"href":"https:\/\/noticiasveraces.com\/index.php?rest_route=\/wp\/v2\/media\/30964"}],"wp:attachment":[{"href":"https:\/\/noticiasveraces.com\/index.php?rest_route=%2Fwp%2Fv2%2Fmedia&parent=30963"}],"wp:term":[{"taxonomy":"category","embeddable":true,"href":"https:\/\/noticiasveraces.com\/index.php?rest_route=%2Fwp%2Fv2%2Fcategories&post=30963"},{"taxonomy":"post_tag","embeddable":true,"href":"https:\/\/noticiasveraces.com\/index.php?rest_route=%2Fwp%2Fv2%2Ftags&post=30963"}],"curies":[{"name":"wp","href":"https:\/\/api.w.org\/{rel}","templated":true}]}}