{"id":30961,"date":"2025-06-09T18:20:19","date_gmt":"2025-06-09T22:20:19","guid":{"rendered":"https:\/\/noticiasveraces.com\/?p=30961"},"modified":"2025-06-09T18:20:19","modified_gmt":"2025-06-09T22:20:19","slug":"las-mujeres-descarriadas-del-franquismo-rechazan-las-disculpas-de-la-conferencia-espanola-de-religiosos-ni-olvido-ni-perdon-sociedad","status":"publish","type":"post","link":"https:\/\/noticiasveraces.com\/?p=30961","title":{"rendered":"Las mujeres \u201cdescarriadas\u201d del franquismo rechazan las disculpas de la Conferencia Espa\u00f1ola de Religiosos: \u201cNi olvido, ni perd\u00f3n\u201d | Sociedad"},"content":{"rendered":"<p> \n<\/p>\n<div data-dtm-region=\"articulo_cuerpo\">\n<p class=\"\">\u201cConseguir\u00e9 que todos sepan lo que nos han hecho aqu\u00ed dentro\u201d. Esta fue la \u00faltima frase con la que Consuelo Garc\u00eda del Cid dijo adi\u00f3s con 16 a\u00f1os a sus compa\u00f1eras del reformatorio Adoratrices de Madrid tras 24 meses de internamiento por rebelde. Ahora tiene 66 a\u00f1os y asiste al acto que la Conferencia Espa\u00f1ola de Religiosos (CONFER) ha convocado este lunes por la tarde para pedir disculpas a las supervivientes del Patronato de Protecci\u00f3n a la Mujer, instituci\u00f3n p\u00fablica espa\u00f1ola que desde 1941 hasta 1985 dijo \u201cproteger y educar a las mujeres consideradas en riesgo moral\u201d. Pero ella y sus compa\u00f1eras interrumpen el acto, al que tambi\u00e9n asisten como p\u00fablico la ministra de Igualdad, Ana Redondo, y su predecesora, Irene Montero, para rechazar las disculpas al grito de \u201cVerdad, justicia y reparaci\u00f3n. Ni olvido ni perd\u00f3n\u201d, mientras sujetan pancartas que rezan \u201cNo\u201d.<\/p>\n<p class=\"\">Esta protesta no entraba en las previsiones de los organizadores, pero la rabia levanta a las v\u00edctimas de las butacas e impide el cierre del acto que estaba programado. El Patronato de Protecci\u00f3n a la Mujer establec\u00eda contratos con centros regentados por congregaciones religiosas y sobrevivi\u00f3 a la muerte del dictador Francisco Franco. Con la promesa de acabar con la prostituci\u00f3n clandestina de menores, form\u00f3 parte del sistema de control social centrado en el adoctrinamiento f\u00edsico y mental de las ciudadanas. <\/p>\n<p class=\"\">El objetivo era amplio: \u201cRedimir a la mujer ca\u00edda y ayudar a la que estaba en peligro de caer\u201d, en referencia a las que fumaban, las que se manifestaban, las que desobedec\u00edan, las que mendigaban, las que eran hijas de delincuentes y madres solteras o las se quedaban embarazadas sin pasar por el altar. En resumen, las \u201cdescarriadas\u201d para el franquismo, seg\u00fan ellas mismas se definen.<\/p>\n<p class=\"\">La gran mayor\u00eda de las mujeres recluidas eran menores. El miedo, la deshumanizaci\u00f3n y la violencia cobraban fuerza. Este lunes, en la Fundaci\u00f3n Pablo VI de Madrid, donde ha tenido lugar el acto, se han conocido algunas historias de las miles que sufrieron las v\u00edctimas supervivientes, una de ellas la de Churra. Pas\u00f3 por uno de estos centros al quedarse embarazada. \u201cTrabaj\u00e9 durante la gestaci\u00f3n y tambi\u00e9n la semana despu\u00e9s de dar a luz. Sufr\u00ed el intento de robo de mi beb\u00e9. Ning\u00fan menor deber\u00eda pasar por esto\u201d, denuncia.<\/p>\n<figure class=\"a_m a_m-h \"><span class=\"_db a_m_w _pr lb_btn\"><img alt=\"El p\u00fablico y supervivientes del Patronato de Protecci\u00f3n a la Mujer sujetan carteles de protesta durante el acto  en la Fundaci\u00f3n Pablo VI en Madrid.\" decoding=\"auto\" class=\"_re lazyload a_m-h\" height=\"276\" srcset=\"https:\/\/imagenes.elpais.com\/resizer\/v2\/I574EJG2W5GTBLPQTV4VFPZIY4.JPG?auth=7935af58faa0fcd416ee31798c2bba0cfbc3ca303429216b0538a6a2de21f253&amp;width=414 414w,https:\/\/imagenes.elpais.com\/resizer\/v2\/I574EJG2W5GTBLPQTV4VFPZIY4.JPG?auth=7935af58faa0fcd416ee31798c2bba0cfbc3ca303429216b0538a6a2de21f253&amp;width=828 640w,https:\/\/imagenes.elpais.com\/resizer\/v2\/I574EJG2W5GTBLPQTV4VFPZIY4.JPG?auth=7935af58faa0fcd416ee31798c2bba0cfbc3ca303429216b0538a6a2de21f253&amp;width=980 1000w,https:\/\/imagenes.elpais.com\/resizer\/v2\/I574EJG2W5GTBLPQTV4VFPZIY4.JPG?auth=7935af58faa0fcd416ee31798c2bba0cfbc3ca303429216b0538a6a2de21f253&amp;width=1960 1960w\" width=\"414\" sizes=\"auto, (min-width:1199px) 1155px,(min-width:1001px) calc(100vw - 44px),(min-width:768px) 767px, 100vw\" src=\"https:\/\/imagenes.elpais.com\/resizer\/v2\/I574EJG2W5GTBLPQTV4VFPZIY4.JPG?auth=7935af58faa0fcd416ee31798c2bba0cfbc3ca303429216b0538a6a2de21f253&amp;width=414\" loading=\"lazy\"\/><svg aria-hidden=\"true\" class=\"icon_multimedia_ampliar | _pa a_m_i a_m_i-a _dn\" viewbox=\"0 0 40 40\"><use xlink:href=\"#svg-ampliar\"\/><\/svg><\/span><figcaption class=\"a_m_p\" aria-hidden=\"true\"><span>El p\u00fablico y supervivientes del Patronato de Protecci\u00f3n a la Mujer sujetan carteles de protesta durante el acto  en la Fundaci\u00f3n Pablo VI en Madrid.<\/span><span class=\"a_m_m\">Andrea Comas<\/span><\/figcaption><\/figure>\n<p class=\"\">\u201cLimpi\u00e1bamos el suelo de rodillas, vi morir a ni\u00f1os. La comida no la tragaban ni los cerdos. Trabajaba a destajo en el taller sin cobrar hasta que logr\u00e9 huir con mi hijo en 1977\u2033, apunta otra mujer. Aseguran haber vivido rodeadas de insultos y humillaciones. <\/p>\n<p class=\"\">Leire termin\u00f3 en el reformatorio Mar\u00eda Goretti de Canillejas, en Madrid, tras confesar que su padre abusaba sexualmente de ella. La dej\u00f3 embarazada y la volvi\u00f3 a violar estando tutelada. \u201cYo no hab\u00eda hecho nada\u201d, insiste. A Mar\u00eda Jes\u00fas, interna en la comunidad Oblatas del Sant\u00edsimo Redentor de Carabanchel Alto, en Madrid, tampoco la protegieron. <\/p>\n<p class=\"\">Su madre trabajaba todo el d\u00eda para sacarla adelante, mientras ella se quedaba al cuidado de su abuela materna, que la maltrataba. Por ello, decidi\u00f3 llevarla a un centro religioso. \u201cPens\u00f3 que estar\u00eda a salvo porque prometieron cuidar de m\u00ed, pero trabajaba a destajo y pasaba hambre. Nos frotaban la vulva con ortigas si nos me\u00e1bamos en la cama\u201d, recuerda.<\/p>\n<p class=\"\">Micaela Ortiz estuvo al cuidado de la misma congregaci\u00f3n, pero en Segovia. Todav\u00eda puede sentir las duchas fr\u00edas, oler las lentejas con gusanos y revivir la obligaci\u00f3n de salir a pedir limosna. \u201c\u00bfEn nombre de qu\u00e9 Dios se hace esto a criaturas que no hab\u00edan cometido ning\u00fan delito?\u201c, se pregunta. Muchas entraron a los centros siendo creyentes, pero salieron ateas, con una losa que las ha acompa\u00f1ado de por vida.<\/p>\n<p class=\"\">El presidente de la CONFER, Jes\u00fas D\u00edaz Sariego, reconoce las experiencias duras y dolorosas que estas ciudadanas vivieron en el Patronato de Protecci\u00f3n a la Mujer. \u201cFuncion\u00f3 como un mecanismo social y de represi\u00f3n, privando a muchas de su libertad con los principios morales y sociales del momento. Las mujeres eran infravaloradas y quedaban relegadas a un segundo plano\u201d, explica. Pero sus palabras no sientan bien entre las v\u00edctimas que consideran que no hay contexto, ni etapa hist\u00f3rica que justifique lo ocurrido.<\/p>\n<p class=\"\">D\u00edaz Sariego entiende el rechazo de las disculpas. \u201cLas heridas de las personas requieren mucho tiempo de sanaci\u00f3n, queremos verlo como una necesidad de expresar rabia por un sufrimiento profundo\u201d, expresa despu\u00e9s de pedir perd\u00f3n de nuevo, como acto de justicia y ejercicio de responsabilidad hist\u00f3rica y moral. Unas disculpas a las que tambi\u00e9n se suman Carmen Ortega, superiora Provincial del Sant\u00edsimo Redentor y sus hom\u00f3logas en las Adoratrices y en las Hermanas Terciarias Capuchinas, Antonia L\u00f3pez y Mati Mena.<\/p>\n<p class=\"\">\u201cEs una oportunidad para recordar aquello que en el pasado no hicimos bien. Reconocemos nuestra participaci\u00f3n en lo que han vivido y queremos decirles que creemos en su testimonio y que nos duele profundamente lo que vivieron. Fue m\u00e1s una c\u00e1rcel que un medio de promoci\u00f3n humana\u201d, insiste D\u00edaz Sariego.<\/p>\n<p class=\"\">Las supervivientes recuerdan electroshocks y aislamientos en celdas de castigo. Algunas como Exp\u00f3sito recib\u00edan inyecciones de cardiazol y trementina. Ella hab\u00eda perdido su nombre. As\u00ed lo decidi\u00f3 su madre, que se resign\u00f3 a bautizarla por miedo a que fuese vejada por las vecinas que le hab\u00edan rapado la cabeza en la plaza del pueblo a modo de castigo tras haber tenido una hija con un dirigente anarquista. <\/p>\n<figure class=\"a_m a_m-h \"><span class=\"_db a_m_w _pr lb_btn\"><img alt=\"Participantes en el acto de reconocimiento y petici\u00f3n de perd\u00f3n en la Fundaci\u00f3n Pablo VI en Madrid.\" decoding=\"auto\" class=\"_re lazyload a_m-h\" height=\"277\" srcset=\"https:\/\/imagenes.elpais.com\/resizer\/v2\/HK3SHFBCLBEA7IFFYFYSC7PVHM.JPG?auth=5be6715680244ec6a166a71b27bf3a2b88c39b2b7d86ce622ac7a980db56229d&amp;width=414 414w,https:\/\/imagenes.elpais.com\/resizer\/v2\/HK3SHFBCLBEA7IFFYFYSC7PVHM.JPG?auth=5be6715680244ec6a166a71b27bf3a2b88c39b2b7d86ce622ac7a980db56229d&amp;width=828 640w,https:\/\/imagenes.elpais.com\/resizer\/v2\/HK3SHFBCLBEA7IFFYFYSC7PVHM.JPG?auth=5be6715680244ec6a166a71b27bf3a2b88c39b2b7d86ce622ac7a980db56229d&amp;width=980 1000w,https:\/\/imagenes.elpais.com\/resizer\/v2\/HK3SHFBCLBEA7IFFYFYSC7PVHM.JPG?auth=5be6715680244ec6a166a71b27bf3a2b88c39b2b7d86ce622ac7a980db56229d&amp;width=1960 1960w\" width=\"414\" sizes=\"auto, (min-width:1199px) 1155px,(min-width:1001px) calc(100vw - 44px),(min-width:768px) 767px, 100vw\" src=\"https:\/\/imagenes.elpais.com\/resizer\/v2\/HK3SHFBCLBEA7IFFYFYSC7PVHM.JPG?auth=5be6715680244ec6a166a71b27bf3a2b88c39b2b7d86ce622ac7a980db56229d&amp;width=414\" loading=\"lazy\"\/><svg aria-hidden=\"true\" class=\"icon_multimedia_ampliar | _pa a_m_i a_m_i-a _dn\" viewbox=\"0 0 40 40\"><use xlink:href=\"#svg-ampliar\"\/><\/svg><\/span><figcaption class=\"a_m_p\" aria-hidden=\"true\"><span>Participantes en el acto de reconocimiento y petici\u00f3n de perd\u00f3n en la Fundaci\u00f3n Pablo VI en Madrid.<\/span><span class=\"a_m_m\">Andrea Comas<\/span><\/figcaption><\/figure>\n<p class=\"\">Estaban \u201ccondenadas de por vida\u201d. As\u00ed lo resume la psiquiatra Mar\u00eda Huertas en su libro <i>Nueve nombres. <\/i>Es una de las trabajadoras del Psiqui\u00e1trico de B\u00e9tera, al que Exp\u00f3sito lleg\u00f3 en 1974 junto a m\u00e1s de 200 internas trasladadas en autobuses. El 9 de noviembre de 1977, en la c\u00e1rcel de Basauri (Bizkaia), Mar\u00eda Isabel falleci\u00f3 de <i>choque<\/i> por quemaduras, tal y como recogi\u00f3 en 2022 la periodista Andrea Momoitio bajo el t\u00edtulo <i>Lun\u00e1tico. <\/i><\/p>\n<p class=\"\">El trabajo<i> Indignas hijas de su patria. Cr\u00f3nicas del Patronato de Protecci\u00f3n a la Mujer en el Pa\u00eds Valenci\u00e0 <\/i>recuerda a Chelo Alfonso, una de las adolescentes embarazadas encerradas en el reformatorio de las Oblatas. Ingres\u00f3 con un nombre falso en la cl\u00ednica La Cig\u00fce\u00f1a, fue anestesiada al ponerse de parto y cuando se despert\u00f3 pregunt\u00f3 por su hijo, pero nunca pudo verlo. Pese a todo, la Ley de Memoria Democr\u00e1tica todav\u00eda no reconoce a las internas del Patronato de Protecci\u00f3n a la Mujer como v\u00edctimas de la dictadura. \u201cIglesia y Estado caminaban de la mano. Es la mayor aberraci\u00f3n del siglo XX, la democracia nos debe 10 a\u00f1os de vida\u201d, denuncia Garc\u00eda del Cid.<\/p>\n<p class=\"\">En declaraciones a la prensa, Irene Montero, hoy europarlamentaria de Podemos, ha anunciado que su grupo registrar\u00e1 una petici\u00f3n para que una comisi\u00f3n parlamentaria \u201cesclarezca la verdad\u201d de lo que vivieron las internas y ha reclamado a la Iglesia que entregue \u201ctodos los archivos disponibles\u201d. <\/p>\n<\/div>\n\n","protected":false},"excerpt":{"rendered":"<p>\u201cConseguir\u00e9 que todos sepan lo que nos han hecho aqu\u00ed dentro\u201d. Esta fue la \u00faltima frase con la que Consuelo Garc\u00eda del Cid dijo adi\u00f3s con 16 a\u00f1os a sus compa\u00f1eras del reformatorio Adoratrices de Madrid tras 24 meses de internamiento por rebelde. Ahora tiene 66 a\u00f1os y asiste al acto que la Conferencia Espa\u00f1ola &hellip;<\/p>\n","protected":false},"author":1,"featured_media":30962,"comment_status":"open","ping_status":"open","sticky":false,"template":"","format":"standard","meta":{"fifu_image_url":"https:\/\/imagenes.elpais.com\/resizer\/v2\/K672CSY26FHQRPPIPQ5UXLONUU.JPG?auth=f29753fd379cd7817bb627068bbc1663e4728f8860703bc62fe15b98c363bb32&width=1200","fifu_image_alt":"","footnotes":""},"categories":[11],"tags":[],"class_list":["post-30961","post","type-post","status-publish","format-standard","has-post-thumbnail","","category-viaje"],"_links":{"self":[{"href":"https:\/\/noticiasveraces.com\/index.php?rest_route=\/wp\/v2\/posts\/30961","targetHints":{"allow":["GET"]}}],"collection":[{"href":"https:\/\/noticiasveraces.com\/index.php?rest_route=\/wp\/v2\/posts"}],"about":[{"href":"https:\/\/noticiasveraces.com\/index.php?rest_route=\/wp\/v2\/types\/post"}],"author":[{"embeddable":true,"href":"https:\/\/noticiasveraces.com\/index.php?rest_route=\/wp\/v2\/users\/1"}],"replies":[{"embeddable":true,"href":"https:\/\/noticiasveraces.com\/index.php?rest_route=%2Fwp%2Fv2%2Fcomments&post=30961"}],"version-history":[{"count":0,"href":"https:\/\/noticiasveraces.com\/index.php?rest_route=\/wp\/v2\/posts\/30961\/revisions"}],"wp:featuredmedia":[{"embeddable":true,"href":"https:\/\/noticiasveraces.com\/index.php?rest_route=\/wp\/v2\/media\/30962"}],"wp:attachment":[{"href":"https:\/\/noticiasveraces.com\/index.php?rest_route=%2Fwp%2Fv2%2Fmedia&parent=30961"}],"wp:term":[{"taxonomy":"category","embeddable":true,"href":"https:\/\/noticiasveraces.com\/index.php?rest_route=%2Fwp%2Fv2%2Fcategories&post=30961"},{"taxonomy":"post_tag","embeddable":true,"href":"https:\/\/noticiasveraces.com\/index.php?rest_route=%2Fwp%2Fv2%2Ftags&post=30961"}],"curies":[{"name":"wp","href":"https:\/\/api.w.org\/{rel}","templated":true}]}}