{"id":30954,"date":"2025-06-09T15:40:58","date_gmt":"2025-06-09T19:40:58","guid":{"rendered":"https:\/\/noticiasveraces.com\/?p=30954"},"modified":"2025-06-09T15:40:58","modified_gmt":"2025-06-09T19:40:58","slug":"trump-culpa-a-insurrectos-de-disturbios-en-los-angeles-dw-09-06-2025","status":"publish","type":"post","link":"https:\/\/noticiasveraces.com\/?p=30954","title":{"rendered":"Trump culpa a \u00abinsurrectos\u00bb de disturbios en Los \u00c1ngeles \u2013 DW \u2013 09\/06\/2025"},"content":{"rendered":"<p> \n<\/p>\n<div>\n<p>El presidente de Estados Unidos, Donald Trump, culp\u00f3 este lunes (09.06.2025) de los disturbios en Los \u00c1ngeles a \u00abinsurrectos\u00bb y \u00abagitadores profesionales\u00bb, tras enviar militares de la Guardia Nacional para sofocar las protestas contra las redadas migratorias.<\/p>\n<p>\u00abLas personas que causan los problemas son agitadores profesionales e insurrectos. Son malas personas\u00bb, declar\u00f3 Trump a periodistas en la Casa Blanca cuando le preguntaron por los enfrentamientos registrados en algunas zonas de la segunda ciudad m\u00e1s grande de Estados Unidos.<\/p>\n<figure class=\"placeholder-image master_landscape big\"><img data-format=\"MASTER_LANDSCAPE\" data-id=\"72839432\" data-url=\"https:\/\/static.dw.com\/image\/72839432_${formatId}.jpg\" data-aspect-ratio=\"16\/9\" alt=\"Estados Unidos Los \u00c1ngeles 2025 | Protesta contra las redadas de inmigraci\u00f3n\" style=\"padding-bottom: 56.25%; height: 0; max-height: 0;\"\/><figcaption class=\"img-caption\"><small class=\"copyright\">Imagen: Etienne Laurent\/AFP\/Getty Images<\/small><\/figcaption><\/figure>\n<p><strong>Despliegue de militares en Los \u00c1ngeles fue una \u00abdecisi\u00f3n excelente\u00bb<\/strong><\/p>\n<p>Trump tambi\u00e9n calific\u00f3 este lunes de \u00abdecisi\u00f3n excelente\u00bb el despliegue de militares. \u00abSi no lo hubi\u00e9ramos hecho, Los \u00c1ngeles habr\u00eda sido completamente arrasada\u00bb, dijo Trump en su red Truth Social<svg xmlns=\"http:\/\/www.w3.org\/2000\/svg\" width=\"20\" height=\"20\" viewbox=\"0 0 20 20\"><path d=\"M11.5 3.5 11.5 4.233C14.342 4.233 15.167 4.245 15.167 4.258L8.984 10.467 10.033 11.516C14.826 6.725 16.228 5.333 16.242 5.333L16.267 9 17.733 9 17.733 2.767 11.5 2.767 11.5 3.5M2.267 11 2.267 17.233 16.733 17.233 16.733 12 15.267 12 15.25 15.75 9.5 15.75 3.75 15.75 3.75 6.25 9.5 6.233 9.5 4.767 2.267 4.767 2.267 11 \"\/><\/svg>.<\/p>\n<p>Asimismo, el l\u00edder republicano arremeti\u00f3 de nuevo contra el gobernador dem\u00f3crata de California, Gavin Newsom, y la alcaldesa de la ciudad, Karen Bass, a los que considera \u00abmuy incompetentes\u00bb.<\/p>\n<figure class=\"placeholder-image master_landscape big\"><img data-format=\"MASTER_LANDSCAPE\" data-id=\"72845679\" data-url=\"https:\/\/static.dw.com\/image\/72845679_${formatId}.jpg\" data-aspect-ratio=\"16\/9\" alt=\"Estados Unidos | Protestas contra el hielo Los \u00c1ngeles\" style=\"padding-bottom: 56.25%; height: 0; max-height: 0;\"\/><figcaption class=\"img-caption\"><small class=\"copyright\">Imagen: Ethan Swope\/AP\/Picture Alliance<\/small><\/figcaption><\/figure>\n<p><strong>ONU en contra de una \u00abmayor militarizaci\u00f3n\u00bb por disturbios en Los \u00c1ngeles<\/strong><\/p>\n<p>La ONU inst\u00f3 este lunes a una \u00abdesescalada\u00bb tras tres d\u00edas de enfrentamientos en Los \u00c1ngeles entre las fuerzas del orden y manifestantes contra la pol\u00edtica migratoria de Trump.<\/p>\n<p>\u00abNo queremos ver una mayor militarizaci\u00f3n de la situaci\u00f3n y pedimos a todas las partes a nivel local, estatal y federal que trabajen en este sentido\u00bb, dijo Farhan Haq, portavoz adjunto del secretario general de la organizaci\u00f3n.<\/p>\n<p>RR AFP\/AP\/DPA<\/p>\n<\/div>\n\n","protected":false},"excerpt":{"rendered":"<p>El presidente de Estados Unidos, Donald Trump, culp\u00f3 este lunes (09.06.2025) de los disturbios en Los \u00c1ngeles a \u00abinsurrectos\u00bb y \u00abagitadores profesionales\u00bb, tras enviar militares de la Guardia Nacional para sofocar las protestas contra las redadas migratorias. \u00abLas personas que causan los problemas son agitadores profesionales e insurrectos. Son malas personas\u00bb, declar\u00f3 Trump a periodistas &hellip;<\/p>\n","protected":false},"author":1,"featured_media":30955,"comment_status":"open","ping_status":"open","sticky":false,"template":"","format":"standard","meta":{"fifu_image_url":"https:\/\/static.dw.com\/image\/72839464_6.jpg","fifu_image_alt":"","footnotes":""},"categories":[13],"tags":[],"class_list":["post-30954","post","type-post","status-publish","format-standard","has-post-thumbnail","","category-mundo"],"_links":{"self":[{"href":"https:\/\/noticiasveraces.com\/index.php?rest_route=\/wp\/v2\/posts\/30954","targetHints":{"allow":["GET"]}}],"collection":[{"href":"https:\/\/noticiasveraces.com\/index.php?rest_route=\/wp\/v2\/posts"}],"about":[{"href":"https:\/\/noticiasveraces.com\/index.php?rest_route=\/wp\/v2\/types\/post"}],"author":[{"embeddable":true,"href":"https:\/\/noticiasveraces.com\/index.php?rest_route=\/wp\/v2\/users\/1"}],"replies":[{"embeddable":true,"href":"https:\/\/noticiasveraces.com\/index.php?rest_route=%2Fwp%2Fv2%2Fcomments&post=30954"}],"version-history":[{"count":0,"href":"https:\/\/noticiasveraces.com\/index.php?rest_route=\/wp\/v2\/posts\/30954\/revisions"}],"wp:featuredmedia":[{"embeddable":true,"href":"https:\/\/noticiasveraces.com\/index.php?rest_route=\/wp\/v2\/media\/30955"}],"wp:attachment":[{"href":"https:\/\/noticiasveraces.com\/index.php?rest_route=%2Fwp%2Fv2%2Fmedia&parent=30954"}],"wp:term":[{"taxonomy":"category","embeddable":true,"href":"https:\/\/noticiasveraces.com\/index.php?rest_route=%2Fwp%2Fv2%2Fcategories&post=30954"},{"taxonomy":"post_tag","embeddable":true,"href":"https:\/\/noticiasveraces.com\/index.php?rest_route=%2Fwp%2Fv2%2Ftags&post=30954"}],"curies":[{"name":"wp","href":"https:\/\/api.w.org\/{rel}","templated":true}]}}