{"id":30947,"date":"2025-06-09T14:17:36","date_gmt":"2025-06-09T18:17:36","guid":{"rendered":"https:\/\/noticiasveraces.com\/?p=30947"},"modified":"2025-06-09T14:17:36","modified_gmt":"2025-06-09T18:17:36","slug":"once-ninos-colombianos-tuvieron-la-oportunidad-de-visitar-turquia-sanchez-y-cuesta-protagonistas-curiosidades-de-futbol","status":"publish","type":"post","link":"https:\/\/noticiasveraces.com\/?p=30947","title":{"rendered":"Once ni\u00f1os colombianos tuvieron la oportunidad de visitar Turqu\u00eda: S\u00e1nchez y Cuesta, protagonistas | Curiosidades de f\u00fatbol"},"content":{"rendered":"<p> \n<\/p>\n<div id=\"cuerpoArticulo\">\n<p class=\"texto intro\" id=\"p248259-m816-815-817\">Once ni\u00f1os de Aguachica, Cesar, tuvieron la posibilidad de estar al otro lado del mundo, m\u00e1s exactamente en Estambul, Turqu\u00eda, en donde estuvieron realizando entrenamientos deportivos junto a grandes figuras del f\u00fatbol colombiano que destacan en el exterior.<\/p>\n<p>Esta experiencia no solo les abri\u00f3 las puertas del deporte internacional, sino que tambi\u00e9n les sembr\u00f3 la semilla del asombro, del respeto por lo diverso y del deseo de so\u00f1ar en grande, m\u00e1s all\u00e1 de cualquier frontera.<\/p>\n<p class=\"texto contenido-parrafo-articulo\" id=\"p248259-m834-2-835\">Con maletas cargadas de ilusiones, llegaron a Bogot\u00e1 el domingo 25 de mayo, con un clima que, a primera impresi\u00f3n, contrastaba con los 28 grados cent\u00edgrados habituales de su municipio. Arrancaron la semana ultimando detalles propios del viaje, como la expedici\u00f3n de los pasaportes que se convertir\u00edan en su puente a estas nuevas experiencias, mientras, a la par, recib\u00edan consejos de la canciller Laura Sarabia, quien los motiv\u00f3 no solo a atesorar cada momento, sino tambi\u00e9n a disfrutar de la gastronom\u00eda y aprender cada detalle de esta nueva cultura. <\/p>\n<div class=\"fotografia caja-articulo\" id=\"p248259-m840-3-841\">\n<div class=\"imagen-cuerpo-bk\">\n<figure itemscope=\"\" itemtype=\"https:\/\/schema.org\/ImageObject\" itemprop=\"image\" id=\"m845-844-846\" class=\"foto-galeria-articulo imagen-articulo foto-texto-articulo-galeria\"><img decoding=\"async\" alt=\"Colombianos visitando Galatasaray\" src=\"data:image\/png;base64,iVBORw0KGgoAAAANSUhEUgAAAAEAAAABCAQAAAC1HAwCAAAAC0lEQVR42mP8\/x0AAvsB+DlKarAAAAAASUVORK5CYII=\" style=\" display: inline;\" data-original=\"\/files\/article_content\/uploads\/2025\/06\/09\/68471690d1ffa.jpeg\"\/><meta itemprop=\"width\" content=\"600\"\/><meta itemprop=\"height\" content=\"450\"\/> <meta itemprop=\"url\" content=\"https:\/\/www.futbolred.com\/files\/article_content\/uploads\/2025\/06\/09\/68471690d1ffa.jpeg\"\/><\/figure>\n<\/div>\n<div class=\"figcaption-cuerpo-bk credito-image-bk\"><figcaption class=\"foto-info\">\n<div class=\"titulo-foto-bk\">\n<p id=\"m852-1-853\" class=\"titulo pie-de-foto\">Colombianos visitando Galatasaray.<\/p>\n<\/div>\n<p class=\"credito\">\n                            <span class=\"linea pre_credito\">Foto:<\/span><\/p>\n<p>                        <span id=\"m858-2-859\" class=\"autor\">Canciller\u00eda de Colombia<\/span><\/p>\n<\/figcaption><\/div>\n<\/p><\/div>\n<p class=\"texto contenido-parrafo-articulo\" id=\"p248259-m866-4-867\">Durante su estancia en Turqu\u00eda, los once j\u00f3venes participaron en una cl\u00ednica deportiva con las fuerzas juveniles del Club Galatasaray, el m\u00e1s grande del f\u00fatbol turco, donde alguna vez entrenaron Falcao Garc\u00eda y Farid Mondrag\u00f3n, y donde hoy brillan Catalina Usme, D\u00e1vinson S\u00e1nchez y Carlos Cuesta.<\/p>\n<p>Bajo la orientaci\u00f3n del exfutbolista turco Orhan Atik, los ni\u00f1os aprendieron mucho m\u00e1s que t\u00e9cnica: aprendieron disciplina, respeto, trabajo en equipo y confianza en s\u00ed mismos. Pero el f\u00fatbol fue solo una parte de la historia.<\/p>\n<div class=\"fotografia caja-articulo\" id=\"p248259-m872-5-873\">\n<div class=\"imagen-cuerpo-bk\">\n<figure itemscope=\"\" itemtype=\"https:\/\/schema.org\/ImageObject\" itemprop=\"image\" id=\"m877-876-878\" class=\"foto-galeria-articulo imagen-articulo foto-texto-articulo-galeria\"><img decoding=\"async\" alt=\"Colombianos visitando Galatasaray\" src=\"data:image\/png;base64,iVBORw0KGgoAAAANSUhEUgAAAAEAAAABCAQAAAC1HAwCAAAAC0lEQVR42mP8\/x0AAvsB+DlKarAAAAAASUVORK5CYII=\" style=\" display: inline;\" data-original=\"\/files\/article_content\/uploads\/2025\/06\/09\/684716a09ff6a.jpeg\"\/><meta itemprop=\"width\" content=\"600\"\/><meta itemprop=\"height\" content=\"450\"\/> <meta itemprop=\"url\" content=\"https:\/\/www.futbolred.com\/files\/article_content\/uploads\/2025\/06\/09\/684716a09ff6a.jpeg\"\/><\/figure>\n<\/div>\n<div class=\"figcaption-cuerpo-bk credito-image-bk\"><figcaption class=\"foto-info\">\n<div class=\"titulo-foto-bk\">\n<p id=\"m884-1-885\" class=\"titulo pie-de-foto\">Colombianos visitando Galatasaray<\/p>\n<\/div>\n<p class=\"credito\">\n                            <span class=\"linea pre_credito\">Foto:<\/span><\/p>\n<p>                        <span id=\"m890-2-891\" class=\"autor\">Canciller\u00eda de Colombia<\/span><\/p>\n<\/figcaption><\/div>\n<\/p><\/div>\n<p class=\"texto contenido-parrafo-articulo\" id=\"p248259-m898-6-899\">Los j\u00f3venes tambi\u00e9n recorrieron lugares emblem\u00e1ticos de Estambul: la imponente Mezquita Azul, la majestuosa Santa Sof\u00eda, los antiguos palacios de Topkapi y Dolmabahce. Escucharon otras lenguas, probaron nuevos sabores, aprendieron saludos distintos y comprendieron que el mundo es m\u00e1s grande \u2014y tambi\u00e9n m\u00e1s cercano\u2014 de lo que parec\u00eda desde casa.<\/p>\n<p>Uno de los momentos m\u00e1s memorables fue el encuentro con D\u00e1vinson S\u00e1nchez y Carlos Cuesta \u2013sus \u00eddolos\u2013, quienes no solo los recibieron, sino que los invitaron a vivir una celebraci\u00f3n que quedar\u00e1 grabada en sus memorias para siempre: la consagraci\u00f3n del Galatasaray como campe\u00f3n de la Liga y la Copa de Turqu\u00eda.<\/p>\n<p>Esa noche, los once ni\u00f1os colombianos bajaron a la gramilla del estadio Rams Park para alzar los trofeos junto a los jugadores, entre porras, aplausos y banderas. Hubo l\u00e1grimas, pero todas de alegr\u00eda, porque ante sus ojos no solo brillaba la copa y las condecoraciones, sino tambi\u00e9n la certeza de que los sue\u00f1os, por lejanos que parezcan, s\u00ed se pueden alcanzar.<\/p>\n<p class=\"texto contenido-parrafo-articulo\" id=\"p248259-m904-7-905\">\u201cQueremos dejar el nombre de Colombia en alto, porque si nos eligieron a nosotros es porque tenemos mucho para dar\u201d, dijo \u00c1ngel David Osorio, uno de los j\u00f3venes seleccionados, resumiendo el sentimiento de todo el grupo.<\/p>\n<p>La experiencia culmin\u00f3 con el \u00faltimo entrenamiento en las instalaciones del Galatasaray, en el que los j\u00f3venes se integraron con sus hom\u00f3logos turcos.<\/p>\n<p>Catalina Ceballos, directora de Asuntos Culturales de la Canciller\u00eda, destac\u00f3 el alcance de la experiencia: \u201cEstos ni\u00f1os representan a la juventud colombiana de los territorios. Y si bien el f\u00fatbol es la raz\u00f3n por la que viajan, lo hacen tambi\u00e9n con el prop\u00f3sito de estrechar lazos de amistad y entendimiento con Turqu\u00eda.\u201d<\/p>\n<p>Estas experiencias beneficiar\u00e1n a cerca de 105 j\u00f3venes y 12 profesores provenientes de 11 municipios de 7 departamentos: Tumaco y Ricaurte (Nari\u00f1o); Manaure y Uribia (La Guajira); Mocoa y Puerto As\u00eds (Putumayo); Aguachica y Codazzi (Cesar); San Andr\u00e9s (Archipi\u00e9lago); Saravena (Arauca) y Nuqu\u00ed (Choc\u00f3), consolidando as\u00ed una oportunidad invaluable de aprendizaje, intercambio y crecimiento para comunidades hist\u00f3ricamente apartadas del escenario internacional.<\/p>\n<\/p><\/div>\n\n","protected":false},"excerpt":{"rendered":"<p>Once ni\u00f1os de Aguachica, Cesar, tuvieron la posibilidad de estar al otro lado del mundo, m\u00e1s exactamente en Estambul, Turqu\u00eda, en donde estuvieron realizando entrenamientos deportivos junto a grandes figuras del f\u00fatbol colombiano que destacan en el exterior. Esta experiencia no solo les abri\u00f3 las puertas del deporte internacional, sino que tambi\u00e9n les sembr\u00f3 la &hellip;<\/p>\n","protected":false},"author":1,"featured_media":30948,"comment_status":"open","ping_status":"open","sticky":false,"template":"","format":"standard","meta":{"fifu_image_url":"https:\/\/www.futbolred.com\/files\/og_thumbnail\/uploads\/2025\/06\/09\/684713aa850e0.jpeg","fifu_image_alt":"","footnotes":""},"categories":[6],"tags":[],"class_list":["post-30947","post","type-post","status-publish","format-standard","has-post-thumbnail","","category-deportes"],"_links":{"self":[{"href":"https:\/\/noticiasveraces.com\/index.php?rest_route=\/wp\/v2\/posts\/30947","targetHints":{"allow":["GET"]}}],"collection":[{"href":"https:\/\/noticiasveraces.com\/index.php?rest_route=\/wp\/v2\/posts"}],"about":[{"href":"https:\/\/noticiasveraces.com\/index.php?rest_route=\/wp\/v2\/types\/post"}],"author":[{"embeddable":true,"href":"https:\/\/noticiasveraces.com\/index.php?rest_route=\/wp\/v2\/users\/1"}],"replies":[{"embeddable":true,"href":"https:\/\/noticiasveraces.com\/index.php?rest_route=%2Fwp%2Fv2%2Fcomments&post=30947"}],"version-history":[{"count":0,"href":"https:\/\/noticiasveraces.com\/index.php?rest_route=\/wp\/v2\/posts\/30947\/revisions"}],"wp:featuredmedia":[{"embeddable":true,"href":"https:\/\/noticiasveraces.com\/index.php?rest_route=\/wp\/v2\/media\/30948"}],"wp:attachment":[{"href":"https:\/\/noticiasveraces.com\/index.php?rest_route=%2Fwp%2Fv2%2Fmedia&parent=30947"}],"wp:term":[{"taxonomy":"category","embeddable":true,"href":"https:\/\/noticiasveraces.com\/index.php?rest_route=%2Fwp%2Fv2%2Fcategories&post=30947"},{"taxonomy":"post_tag","embeddable":true,"href":"https:\/\/noticiasveraces.com\/index.php?rest_route=%2Fwp%2Fv2%2Ftags&post=30947"}],"curies":[{"name":"wp","href":"https:\/\/api.w.org\/{rel}","templated":true}]}}