{"id":30943,"date":"2025-06-09T13:37:34","date_gmt":"2025-06-09T17:37:34","guid":{"rendered":"https:\/\/noticiasveraces.com\/?p=30943"},"modified":"2025-06-09T13:37:34","modified_gmt":"2025-06-09T17:37:34","slug":"canada-gastara-2-de-pib-en-defensa-para-cumplir-con-la-otan-dw-09-06-2025","status":"publish","type":"post","link":"https:\/\/noticiasveraces.com\/?p=30943","title":{"rendered":"Canad\u00e1 gastar\u00e1 2% de PIB en defensa para cumplir con la OTAN \u2013 DW \u2013 09\/06\/2025"},"content":{"rendered":"<p> \n<\/p>\n<div>\n<p>Canad\u00e1 aumentar\u00e1 su gasto militar para alcanzar este a\u00f1o el objetivo de 2% del producto interno bruto (PIB) establecido por la OTAN, anunci\u00f3 el primer ministro canadiense Mark Carney este lunes (09.06.2025), cinco a\u00f1os \u00abantes de lo previsto\u00bb.<\/p>\n<p>Carney afirm\u00f3 en un discurso en Toronto que Canad\u00e1 necesita incrementar su gasto en defensa por el cambio de las pol\u00edticas en Estados Unidos y la creciente proyecci\u00f3n militar de Rusia y China.<\/p>\n<p>\u00abEstados Unidos est\u00e1 comenzando a monetizar su hegemon\u00eda: cobrando por el acceso a sus mercados y reduciendo sus contribuciones (relativas) a nuestra seguridad colectiva\u00bb, dijo Carney, al condenar la guerra comercial del presidente estadounidense Donald Trump.<\/p>\n<figure class=\"placeholder-image master_landscape big\"><img data-format=\"MASTER_LANDSCAPE\" data-id=\"72385286\" data-url=\"https:\/\/static.dw.com\/image\/72385286_${formatId}.jpg\" data-aspect-ratio=\"16\/9\" alt=\"Carney destac\u00f3 que el incremento en el gasto en defensa est\u00e1 relacionado con el cambio de las pol\u00edticas en Estados Unidos y la creciente proyecci\u00f3n militar de Rusia y China (imagen de archivo)\" style=\"padding-bottom: 56.25%; height: 0; max-height: 0;\"\/><figcaption class=\"img-caption\">Carney destac\u00f3 que el incremento en el gasto en defensa est\u00e1 relacionado con el cambio de las pol\u00edticas en Estados Unidos y la creciente proyecci\u00f3n militar de Rusia y China (imagen de archivo)<small class=\"copyright\">Imagen: Kyodo News\/Imelo<\/small><\/figcaption><\/figure>\n<p><strong>\u00abLas amenazas que enfrenta Canad\u00e1 se est\u00e1n multiplicando\u00bb<\/strong><\/p>\n<p>\u00abNos aseguraremos de que Canad\u00e1 sea fuerte dom\u00e9sticamente y fiable en el exterior\u00bb, declar\u00f3 Carney.\u00a0El pa\u00eds invertir\u00e1 \u00aben nuevos submarinos, aviones, nav\u00edos, veh\u00edculos blindados y artiller\u00eda, as\u00ed como nuevos radares y sensores que vigilen el fondo marino y el \u00c1rtico\u00bb.<\/p>\n<p>Asimismo, el mandatario advirti\u00f3 que Canad\u00e1 \u00abdespert\u00f3 de golpe ante nuevas amenazas a (su) seguridad y soberan\u00eda\u00bb, incluidas de Rusia y China. \u00abLas amenazas que enfrenta Canad\u00e1 se est\u00e1n multiplicando\u00bb, sostuvo. <\/p>\n<p>En abril, la OTAN anunci\u00f3 que 22 de sus 32 miembros alcanzaron el objetivo de gasto de 2%. Los pa\u00edses europeos, en particular, han incrementado sus presupuestos militares desde la invasi\u00f3n rusa de Ucrania en 2022.\u00a0Los Estados que componen el bloque debatir\u00e1n sobre el nuevo objetivo en la pr\u00f3xima cumbre, a celebrarse en La Haya el 24 y el 25 de junio.<\/p>\n<p>RR EFE\/AFP\/AP<\/p>\n<\/div>\n\n","protected":false},"excerpt":{"rendered":"<p>Canad\u00e1 aumentar\u00e1 su gasto militar para alcanzar este a\u00f1o el objetivo de 2% del producto interno bruto (PIB) establecido por la OTAN, anunci\u00f3 el primer ministro canadiense Mark Carney este lunes (09.06.2025), cinco a\u00f1os \u00abantes de lo previsto\u00bb. Carney afirm\u00f3 en un discurso en Toronto que Canad\u00e1 necesita incrementar su gasto en defensa por el &hellip;<\/p>\n","protected":false},"author":1,"featured_media":30944,"comment_status":"open","ping_status":"open","sticky":false,"template":"","format":"standard","meta":{"fifu_image_url":"https:\/\/static.dw.com\/image\/39155193_6.jpg","fifu_image_alt":"","footnotes":""},"categories":[13],"tags":[],"class_list":["post-30943","post","type-post","status-publish","format-standard","has-post-thumbnail","","category-mundo"],"_links":{"self":[{"href":"https:\/\/noticiasveraces.com\/index.php?rest_route=\/wp\/v2\/posts\/30943","targetHints":{"allow":["GET"]}}],"collection":[{"href":"https:\/\/noticiasveraces.com\/index.php?rest_route=\/wp\/v2\/posts"}],"about":[{"href":"https:\/\/noticiasveraces.com\/index.php?rest_route=\/wp\/v2\/types\/post"}],"author":[{"embeddable":true,"href":"https:\/\/noticiasveraces.com\/index.php?rest_route=\/wp\/v2\/users\/1"}],"replies":[{"embeddable":true,"href":"https:\/\/noticiasveraces.com\/index.php?rest_route=%2Fwp%2Fv2%2Fcomments&post=30943"}],"version-history":[{"count":0,"href":"https:\/\/noticiasveraces.com\/index.php?rest_route=\/wp\/v2\/posts\/30943\/revisions"}],"wp:featuredmedia":[{"embeddable":true,"href":"https:\/\/noticiasveraces.com\/index.php?rest_route=\/wp\/v2\/media\/30944"}],"wp:attachment":[{"href":"https:\/\/noticiasveraces.com\/index.php?rest_route=%2Fwp%2Fv2%2Fmedia&parent=30943"}],"wp:term":[{"taxonomy":"category","embeddable":true,"href":"https:\/\/noticiasveraces.com\/index.php?rest_route=%2Fwp%2Fv2%2Fcategories&post=30943"},{"taxonomy":"post_tag","embeddable":true,"href":"https:\/\/noticiasveraces.com\/index.php?rest_route=%2Fwp%2Fv2%2Ftags&post=30943"}],"curies":[{"name":"wp","href":"https:\/\/api.w.org\/{rel}","templated":true}]}}