{"id":30918,"date":"2025-06-09T10:34:31","date_gmt":"2025-06-09T14:34:31","guid":{"rendered":"https:\/\/noticiasveraces.com\/?p=30918"},"modified":"2025-06-09T10:34:31","modified_gmt":"2025-06-09T14:34:31","slug":"detras-del-atentado-contra-uribe-turbay-hay-una-red-criminal-fiscalia-colombiana","status":"publish","type":"post","link":"https:\/\/noticiasveraces.com\/?p=30918","title":{"rendered":"Detr\u00e1s del atentado contra Uribe Turbay hay una red criminal: Fiscal\u00eda colombiana"},"content":{"rendered":"<p> \n<br \/><img decoding=\"async\" src=\"https:\/\/s.france24.com\/media\/display\/974b0752-4406-11f0-a295-005056a90284\/w:1024\/p:16x9\/000_49KX6MZ.jpg\" \/><br \/>La Fiscal\u00eda General de Colombia asegur\u00f3 este lunes 9 de junio que la investigaci\u00f3n por el atentado contra el precandidato presidencial, Miguel Uribe Turbay, apunta a un grupo criminal organizado y confirm\u00f3 que las autoridades se enfocan en esclarecer qui\u00e9nes fueron los autores intelectuales del ataque. El estado de salud del tambi\u00e9n senador es de \u201cm\u00e1xima gravedad\u201d tras mostrar \u201cescasa respuesta\u201d al tratamiento m\u00e9dico, se\u00f1al\u00f3 en las \u00faltimas horas el hospital donde el pol\u00edtico permanece internado.<br \/>\n<br \/>\n","protected":false},"excerpt":{"rendered":"<p>La Fiscal\u00eda General de Colombia asegur\u00f3 este lunes 9 de junio que la investigaci\u00f3n por el atentado contra el precandidato presidencial, Miguel Uribe Turbay, apunta a un grupo criminal organizado y confirm\u00f3 que las autoridades se enfocan en esclarecer qui\u00e9nes fueron los autores intelectuales del ataque. El estado de salud del tambi\u00e9n senador es de &hellip;<\/p>\n","protected":false},"author":1,"featured_media":30920,"comment_status":"open","ping_status":"open","sticky":false,"template":"","format":"standard","meta":{"fifu_image_url":"https:\/\/s.france24.com\/media\/display\/974b0752-4406-11f0-a295-005056a90284\/w:1024\/p:16x9\/000_49KX6MZ.jpg","fifu_image_alt":"","footnotes":""},"categories":[13],"tags":[],"class_list":["post-30918","post","type-post","status-publish","format-standard","has-post-thumbnail","","category-mundo"],"_links":{"self":[{"href":"https:\/\/noticiasveraces.com\/index.php?rest_route=\/wp\/v2\/posts\/30918","targetHints":{"allow":["GET"]}}],"collection":[{"href":"https:\/\/noticiasveraces.com\/index.php?rest_route=\/wp\/v2\/posts"}],"about":[{"href":"https:\/\/noticiasveraces.com\/index.php?rest_route=\/wp\/v2\/types\/post"}],"author":[{"embeddable":true,"href":"https:\/\/noticiasveraces.com\/index.php?rest_route=\/wp\/v2\/users\/1"}],"replies":[{"embeddable":true,"href":"https:\/\/noticiasveraces.com\/index.php?rest_route=%2Fwp%2Fv2%2Fcomments&post=30918"}],"version-history":[{"count":0,"href":"https:\/\/noticiasveraces.com\/index.php?rest_route=\/wp\/v2\/posts\/30918\/revisions"}],"wp:featuredmedia":[{"embeddable":true,"href":"https:\/\/noticiasveraces.com\/index.php?rest_route=\/wp\/v2\/media\/30920"}],"wp:attachment":[{"href":"https:\/\/noticiasveraces.com\/index.php?rest_route=%2Fwp%2Fv2%2Fmedia&parent=30918"}],"wp:term":[{"taxonomy":"category","embeddable":true,"href":"https:\/\/noticiasveraces.com\/index.php?rest_route=%2Fwp%2Fv2%2Fcategories&post=30918"},{"taxonomy":"post_tag","embeddable":true,"href":"https:\/\/noticiasveraces.com\/index.php?rest_route=%2Fwp%2Fv2%2Ftags&post=30918"}],"curies":[{"name":"wp","href":"https:\/\/api.w.org\/{rel}","templated":true}]}}