{"id":30916,"date":"2025-06-09T09:33:24","date_gmt":"2025-06-09T13:33:24","guid":{"rendered":"https:\/\/noticiasveraces.com\/?p=30916"},"modified":"2025-06-09T09:33:24","modified_gmt":"2025-06-09T13:33:24","slug":"ucrania-y-rusia-concretan-canje-de-prisioneros-de-guerra-dw-09-06-2025","status":"publish","type":"post","link":"https:\/\/noticiasveraces.com\/?p=30916","title":{"rendered":"Ucrania y Rusia concretan canje de prisioneros de guerra \u2013 DW \u2013 09\/06\/2025"},"content":{"rendered":"<p> \n<\/p>\n<div>\n<p>Ucrania y Rusia efectuaron este lunes (09.06.2025) el postergado intercambio de prisioneros de guerra menores de 25 a\u00f1os acordado en la segunda ronda de negociaciones de paz celebrada hace una semana en Estambul. El presidente ucraniano, Volodimir Zelenski, confirm\u00f3 la realizaci\u00f3n de la primera fase del proceso, que calific\u00f3 de \u00abbastante complicado\u201d.<\/p>\n<p>De acuerdo con el Ministerio de Defensa ruso, el canje se llev\u00f3 a cabo en l\u00ednea con lo acordado en la ciudad turca. La entidad del r\u00e9gimen de Mosc\u00fa no especific\u00f3 el n\u00famero de prisioneros canjeados ni la fecha de pr\u00f3ximos intercambios, que se efectuar\u00e1n en el formato \u00abtodos por todos\u00bb, pero no menos de mil, seg\u00fan inform\u00f3 anteriormente el jefe negociador ruso, Vladimir Medinski.<\/p>\n<p>\u00abEn estos momentos los militares rusos se encuentran en territorio de Bielorrusia, donde se les ofrece la ayuda psicol\u00f3gica y m\u00e9dica necesaria\u00bb, a\u00f1adi\u00f3 el mando militar ruso. Seg\u00fan Defensa, y como ha se\u00f1alado en todos sus comunicados precedentes sobre este tema, \u00abtodos los militares rusos ser\u00e1n trasladados a Rusia para recibir atenci\u00f3n m\u00e9dica y rehabilitaci\u00f3n en centros m\u00e9dicos del Ministerio de Defensa\u00bb.<\/p>\n<h2>\u00abDetalles sensibles\u201d<\/h2>\n<p>Zelenski, por su parte, se\u00f1al\u00f3 que \u00ablas negociaciones contin\u00faan pr\u00e1cticamente cada d\u00eda\u00bb para que se haga realidad el retorno a casa de m\u00e1s soldados en cautiverio, pero reconoci\u00f3 que se trata de un proceso bastante complicado, ya que -afirm\u00f3- \u00abhay muchos detalles sensibles\u201d. Los prisioneros de guerra que se liberar\u00e1n son tanto los heridos como los menores de 25 a\u00f1os, indic\u00f3 el mandatario.<\/p>\n<p>Esta primera etapa del canje tiene lugar en medio de una pol\u00e9mica en torno a la devoluci\u00f3n por parte de Rusia de 6.000 cuerpos de soldados ucranianos ca\u00eddos en combate. Este s\u00e1bado el negociador jefe ruso acus\u00f3 a Ucrania de \u00abposponer indefinidamente\u00bb la entrega de cad\u00e1veres, ante lo que Kiev llam\u00f3 a \u00abno crear obst\u00e1culos artificiales y declaraciones falsas\u00bb para entorpecer el proceso de canjes.<\/p>\n<p>DZC (EFE, AFP)<\/p>\n<\/div>\n\n","protected":false},"excerpt":{"rendered":"<p>Ucrania y Rusia efectuaron este lunes (09.06.2025) el postergado intercambio de prisioneros de guerra menores de 25 a\u00f1os acordado en la segunda ronda de negociaciones de paz celebrada hace una semana en Estambul. El presidente ucraniano, Volodimir Zelenski, confirm\u00f3 la realizaci\u00f3n de la primera fase del proceso, que calific\u00f3 de \u00abbastante complicado\u201d. De acuerdo con &hellip;<\/p>\n","protected":false},"author":1,"featured_media":30917,"comment_status":"open","ping_status":"open","sticky":false,"template":"","format":"standard","meta":{"fifu_image_url":"https:\/\/static.dw.com\/image\/72668163_6.jpg","fifu_image_alt":"","footnotes":""},"categories":[13],"tags":[],"class_list":["post-30916","post","type-post","status-publish","format-standard","has-post-thumbnail","","category-mundo"],"_links":{"self":[{"href":"https:\/\/noticiasveraces.com\/index.php?rest_route=\/wp\/v2\/posts\/30916","targetHints":{"allow":["GET"]}}],"collection":[{"href":"https:\/\/noticiasveraces.com\/index.php?rest_route=\/wp\/v2\/posts"}],"about":[{"href":"https:\/\/noticiasveraces.com\/index.php?rest_route=\/wp\/v2\/types\/post"}],"author":[{"embeddable":true,"href":"https:\/\/noticiasveraces.com\/index.php?rest_route=\/wp\/v2\/users\/1"}],"replies":[{"embeddable":true,"href":"https:\/\/noticiasveraces.com\/index.php?rest_route=%2Fwp%2Fv2%2Fcomments&post=30916"}],"version-history":[{"count":0,"href":"https:\/\/noticiasveraces.com\/index.php?rest_route=\/wp\/v2\/posts\/30916\/revisions"}],"wp:featuredmedia":[{"embeddable":true,"href":"https:\/\/noticiasveraces.com\/index.php?rest_route=\/wp\/v2\/media\/30917"}],"wp:attachment":[{"href":"https:\/\/noticiasveraces.com\/index.php?rest_route=%2Fwp%2Fv2%2Fmedia&parent=30916"}],"wp:term":[{"taxonomy":"category","embeddable":true,"href":"https:\/\/noticiasveraces.com\/index.php?rest_route=%2Fwp%2Fv2%2Fcategories&post=30916"},{"taxonomy":"post_tag","embeddable":true,"href":"https:\/\/noticiasveraces.com\/index.php?rest_route=%2Fwp%2Fv2%2Ftags&post=30916"}],"curies":[{"name":"wp","href":"https:\/\/api.w.org\/{rel}","templated":true}]}}