{"id":30913,"date":"2025-06-09T08:37:49","date_gmt":"2025-06-09T12:37:49","guid":{"rendered":"https:\/\/noticiasveraces.com\/?p=30913"},"modified":"2025-06-09T08:37:49","modified_gmt":"2025-06-09T12:37:49","slug":"el-fanatico-del-futbol-muere-despues-del-otono-durante-la-final-de-la-liga-de-las-naciones-entre-espana-y-portugal","status":"publish","type":"post","link":"https:\/\/noticiasveraces.com\/?p=30913","title":{"rendered":"El fan\u00e1tico del f\u00fatbol muere despu\u00e9s del oto\u00f1o durante la final de la liga de las naciones entre Espa\u00f1a y Portugal"},"content":{"rendered":"<p> \n<br \/><img decoding=\"async\" src=\"https:\/\/media-cldnry.s-nbcnews.com\/image\/upload\/t_fit_1500w\/rockcms\/2025-06\/250609-spain-portugal-mb-1328-38f660.jpg\" \/><\/p>\n<div>\n<p id=\"anchor-2d4bd5\" class=\"body-graf\">MUNICH &#8211; Un fan\u00e1tico del f\u00fatbol muri\u00f3 durante la final de la Liga de las Naciones entre Espa\u00f1a y Portugal el domingo despu\u00e9s de caer de un nivel superior en un \u00e1rea de medios a continuaci\u00f3n.<\/p>\n<p id=\"anchor-8d6e7b\" class=\"body-graf\">El incidente ocurri\u00f3 durante el primer per\u00edodo de tiempo extra en el estadio de Munich, cuando la tensi\u00f3n era alta entre los jugadores rivales, y los fan\u00e1ticos estaban m\u00e1s animados. Personal m\u00e9dico, mayordomos y polic\u00eda acordon\u00f3 el \u00e1rea.<\/p>\n<section id=\"anchor-cd592f\" class=\"embed-widget embedWidget embed-widget--scroll-table embed-widget--medium\" data-testid=\"embed-widget\">\n<p><iframe loading=\"lazy\" src=\"https:\/\/www.nbcsports.com\/video\/embed\/nbcsports\/7weN_mJ4R0xa?autoPlay=true&amp;mute=true&amp;embedType=nbcnews\" class=\"nbcSports\"><\/iframe><\/p>\n<\/section>\n<p id=\"anchor-08b0e4\" class=\"body-graf\">Portugal gan\u00f3 el juego con penaltis.<\/p>\n<p id=\"anchor-4c2aa3\" class=\"body-graf\">El entrenador de Espa\u00f1a, Luis de la Fuente, abord\u00f3 el incidente al comienzo de su conferencia de prensa posterior al juego.<\/p>\n<p id=\"anchor-f4b707\" class=\"body-graf\">\u00abAntes de comenzar con las preguntas, me gustar\u00eda expresar mis condolencias porque un fan\u00e1tico muri\u00f3 en las gradas hoy\u00bb, dijo De La Fuente. \u00abMis condolencias a la familia\u00bb.<\/p>\n<p id=\"anchor-ade405\" class=\"endmark body-graf\">Portugal derrot\u00f3 a Espa\u00f1a en patadas de penalizaci\u00f3n.<\/p>\n<\/div>\n\n","protected":false},"excerpt":{"rendered":"<p>MUNICH &#8211; Un fan\u00e1tico del f\u00fatbol muri\u00f3 durante la final de la Liga de las Naciones entre Espa\u00f1a y Portugal el domingo despu\u00e9s de caer de un nivel superior en un \u00e1rea de medios a continuaci\u00f3n. El incidente ocurri\u00f3 durante el primer per\u00edodo de tiempo extra en el estadio de Munich, cuando la tensi\u00f3n era &hellip;<\/p>\n","protected":false},"author":1,"featured_media":30915,"comment_status":"open","ping_status":"open","sticky":false,"template":"","format":"standard","meta":{"fifu_image_url":"https:\/\/media-cldnry.s-nbcnews.com\/image\/upload\/t_nbcnews-fp-1200-630,f_auto,q_auto:best\/rockcms\/2025-06\/250609-spain-portugal-mb-1328-38f660.jpg","fifu_image_alt":"","footnotes":""},"categories":[4],"tags":[],"class_list":["post-30913","post","type-post","status-publish","format-standard","has-post-thumbnail","","category-historias-destacadas"],"_links":{"self":[{"href":"https:\/\/noticiasveraces.com\/index.php?rest_route=\/wp\/v2\/posts\/30913","targetHints":{"allow":["GET"]}}],"collection":[{"href":"https:\/\/noticiasveraces.com\/index.php?rest_route=\/wp\/v2\/posts"}],"about":[{"href":"https:\/\/noticiasveraces.com\/index.php?rest_route=\/wp\/v2\/types\/post"}],"author":[{"embeddable":true,"href":"https:\/\/noticiasveraces.com\/index.php?rest_route=\/wp\/v2\/users\/1"}],"replies":[{"embeddable":true,"href":"https:\/\/noticiasveraces.com\/index.php?rest_route=%2Fwp%2Fv2%2Fcomments&post=30913"}],"version-history":[{"count":0,"href":"https:\/\/noticiasveraces.com\/index.php?rest_route=\/wp\/v2\/posts\/30913\/revisions"}],"wp:featuredmedia":[{"embeddable":true,"href":"https:\/\/noticiasveraces.com\/index.php?rest_route=\/wp\/v2\/media\/30915"}],"wp:attachment":[{"href":"https:\/\/noticiasveraces.com\/index.php?rest_route=%2Fwp%2Fv2%2Fmedia&parent=30913"}],"wp:term":[{"taxonomy":"category","embeddable":true,"href":"https:\/\/noticiasveraces.com\/index.php?rest_route=%2Fwp%2Fv2%2Fcategories&post=30913"},{"taxonomy":"post_tag","embeddable":true,"href":"https:\/\/noticiasveraces.com\/index.php?rest_route=%2Fwp%2Fv2%2Ftags&post=30913"}],"curies":[{"name":"wp","href":"https:\/\/api.w.org\/{rel}","templated":true}]}}