{"id":30888,"date":"2025-06-09T04:11:02","date_gmt":"2025-06-09T08:11:02","guid":{"rendered":"https:\/\/noticiasveraces.com\/?p=30888"},"modified":"2025-06-09T04:11:02","modified_gmt":"2025-06-09T08:11:02","slug":"estigmatizada-por-ser-sorda-la-historia-de-zenabou","status":"publish","type":"post","link":"https:\/\/noticiasveraces.com\/?p=30888","title":{"rendered":"Estigmatizada por ser sorda: La historia de Z\u00e9nabou"},"content":{"rendered":"<p> \n<\/p>\n<div>\n<p>En la Rep\u00fablica Centroafricana, la discapacidad conlleva un estigma muy arraigado; las personas con discapacidad a menudo se ven <strong>excluidas de casi todos los \u00e1mbitos de la vida<\/strong>. Z\u00e9nabou, que es sorda y no habla, ha sufrido los prejuicios, pero un programa educativo impulsado por la ONU le ofrece un rayo de esperanza.<\/p>\n<p>\u201cSiempre tuve la dolorosa experiencia de ver a los otros ni\u00f1os ir a la escuela con sus mochilas\u201d, se\u00f1ala Z\u00e9nabou, de 14 a\u00f1os. \u201cMe atormentaba porque, aunque ard\u00eda en deseos de saber qu\u00e9 pasaba en las escuelas a las que esos ni\u00f1os iban cada ma\u00f1ana, me di cuenta muy pronto de que era <strong>un sistema que no estaba hecho para m\u00ed, porque yo era diferente<\/strong>\u00ab.<\/p>\n<p>Para muchos ni\u00f1os con discapacidad, las puertas de la educaci\u00f3n han permanecido firmemente cerradas, dej\u00e1ndoles pocas oportunidades y escasas esperanzas de futuro.<\/p>\n<p>Sin embargo, hoy en d\u00eda, en la Rep\u00fablica Centroafricana, ni\u00f1os como Z\u00e9nabou reciben por fin el apoyo adaptado y las oportunidades educativas que merecen gracias a una <strong>nueva iniciativa piloto de educaci\u00f3n inclusiva<\/strong>.<\/p>\n<p>El programa est\u00e1 proporcionando recursos esenciales como material did\u00e1ctico, ayudas para la movilidad y clases especializadas para aprender braille y lenguaje de signos; creando una red de apoyo comunitario para las familias e integrando a los ni\u00f1os con discapacidad en las escuelas locales.<\/p>\n<div class=\"context-un_news_large_credit type-entermedia_image media media--type-entermedia-image media--view-mode-un-news-large-credit\">\n<div class=\"field field--name-thumbnail field--type-image field--label-hidden field__item\"><img decoding=\"async\" src=\"https:\/\/global.unitednations.entermediadb.net\/assets\/mediadb\/services\/module\/asset\/downloads\/preset\/Libraries\/Production%20Library\/04-06-2025-Z\u00e9nabou3.jpg\/image770x420cropped.jpg\" alt=\"  Z\u00e9nabou, una adolescente sorda de la Rep\u00fablica Centroafricana, en su clase.\" title=\" Z\u00e9nabou, una adolescente sorda de la Rep\u00fablica Centroafricana, en su clase.\" loading=\"lazy\" width=\"770\" height=\"420\"\/>\n<\/div>\n<\/div>\n<h2>Se abre una puerta<\/h2>\n<p>Z\u00e9nabou est\u00e1 sentada en el pupitre de su clase, con el cuaderno delante y rodeada de compa\u00f1eros. Sonr\u00ede mientras observa a su profesor escribir algo en la pizarra. Podr\u00eda parecer una escena corriente para alguien que pasara por all\u00ed, pero para esta ni\u00f1a de 14 a\u00f1os y para otros ni\u00f1os discapacitados como ella, se trata de un momento extraordinario.<\/p>\n<p>Antes de matricularse en clase, Z\u00e9nabou pasaba la mayor parte del d\u00eda en casa, ayudando a su madre con las tareas dom\u00e9sticas. Pasaba las horas fregando platos, limpiando ropa y buscando agua para su familia.<\/p>\n<p><strong>\u201cIr a la escuela era algo que nunca hab\u00eda esperado\u201d<\/strong>firma. \u201cEl d\u00eda que fui a la escuela por primera vez, de repente me di cuenta de que no era la \u00fanica en esta situaci\u00f3n. Ver a m\u00e1s de 30 personas sordas en el mismo lugar fue asombroso\u201d.<\/p>\n<p>Gracias a una inversi\u00f3n plurianual, en Bambari (Rep\u00fablica Centroafricana) se <strong>imparten clases especializadas para ni\u00f1os sordos y deficientes visuales dentro de las escuelas primarias ordinarias<\/strong>. All\u00ed, a ni\u00f1os como Z\u00e9nabou, que a menudo ni siquiera han pisado la escuela, se les ense\u00f1a a leer, escribir y contar, y aprenden braille o lenguaje de signos. Estas <strong>habilidades cruciales les abren un mundo de aprendizaje<\/strong>.<\/p>\n<p>Antes de ir a la escuela, Z\u00e9nabou apenas pod\u00eda comunicarse con los que la rodeaban. Sus padres ve\u00edan pocas oportunidades para su futuro. Analfabetos ellos mismos, quer\u00edan m\u00e1s para su hija, pero teniendo en cuenta su discapacidad, no ten\u00edan esperanzas. Pero todo cambi\u00f3 cuando le dieron acceso, recursos y apoyo para aprender.<\/p>\n<p>\u00ab<strong>Mi hija Z\u00e9nabou es ahora capaz de afirmarse como persona<\/strong>a pesar de las barreras de comunicaci\u00f3n que le causa el hecho de ser sorda\u201d, dice el padre de Z\u00e9nabou. \u201cAhora soy optimista sobre el futuro de Z\u00e9nabou y s\u00e9 que va a triunfar\u201d.<\/p>\n<div class=\"context-un_news_large_credit type-entermedia_image media media--type-entermedia-image media--view-mode-un-news-large-credit\">\n<div class=\"field field--name-thumbnail field--type-image field--label-hidden field__item\"><img decoding=\"async\" src=\"https:\/\/global.unitednations.entermediadb.net\/assets\/mediadb\/services\/module\/asset\/downloads\/preset\/Libraries\/Production%20Library\/04-06-2025-Z\u00e9nabou2.jpg\/image770x420cropped.jpg\" alt=\"  Z\u00e9nabou en su clase.\" title=\" Z\u00e9nabou en su clase.\" loading=\"lazy\" width=\"770\" height=\"420\"\/>\n<\/div>\n<\/div>\n<h2>Crisis educativa ha dejado a un mill\u00f3n de ni\u00f1os y adolescentes sin escolarizar<\/h2>\n<p>La Rep\u00fablica Centroafricana es uno de los lugares m\u00e1s dif\u00edciles del mundo para ser ni\u00f1o. Los conflictos, los desplazamientos y la inestabilidad est\u00e1n <strong>socavando los esfuerzos en favor de un desarrollo pac\u00edfico<\/strong>poniendo en grave peligro a ni\u00f1os y adolescentes.<\/p>\n<p>A\u00f1os de violencia han contribuido al <strong>colapso de lo que ya eran unos servicios limitados<\/strong>. El acceso a la atenci\u00f3n sanitaria, a los medios de subsistencia y a la educaci\u00f3n es muy limitado o inexistente en amplias zonas del pa\u00eds.<\/p>\n<p>El <strong>sistema educativo del pa\u00eds se enfrenta a importantes retos<\/strong>especialmente para los ni\u00f1os con discapacidades. Los conflictos prolongados han devastado la infraestructura educativa, dejando a un mill\u00f3n de ni\u00f1os y adolescentes sin escolarizar.<\/p>\n<p>Adem\u00e1s, la crisis afecta de forma desproporcionada a estos ni\u00f1os, que se enfrentan a obst\u00e1culos agravados para acceder a la educaci\u00f3n debido al estigma que rodea a las discapacidades y al acceso limitado a apoyo especializado.<\/p>\n<p>Abordar estos retos exige esfuerzos concertados para reconstruir la infraestructura educativa, promover pr\u00e1cticas pedag\u00f3gicas integradoras y <strong>combatir el estigma social para garantizar que todos los ni\u00f1os tengan acceso a una educaci\u00f3n<\/strong> integradora y de calidad.<\/p>\n<div class=\"context-un_news_large_credit type-entermedia_image media media--type-entermedia-image media--view-mode-un-news-large-credit\">\n<div class=\"field field--name-thumbnail field--type-image field--label-hidden field__item\"><img decoding=\"async\" src=\"https:\/\/global.unitednations.entermediadb.net\/assets\/mediadb\/services\/module\/asset\/downloads\/preset\/Libraries\/Production%20Library\/04-06-2025-Z\u00e9nabou1.jpg\/image770x420cropped.jpg\" alt=\"  Z\u00e9nabou con su hermana Aziza.\" title=\" Z\u00e9nabou con su hermana Aziza.\" loading=\"lazy\" width=\"770\" height=\"420\"\/>\n<\/div>\n<\/div>\n<div class=\"panel panel-default\">\n<p><h3>Educaci\u00f3n inclusiva en la Rep\u00fablica Centroafricana<\/h3>\n<\/p>\n<div class=\"panel-body\">\n<ul>\n<li>Trabajar con organizaciones que representan a las personas con discapacidad es clave para garantizar su participaci\u00f3n en la toma de decisiones, tal y como se recoge en la Convenci\u00f3n sobre los Derechos de las Personas con Discapacidad. Tambi\u00e9n se ha reconocido que es necesario para el cambio social, para promover la autonom\u00eda y para garantizar el empoderamiento de las personas con discapacidad.<\/li>\n<li>Esta innovadora iniciativa est\u00e1 financiada por La educaci\u00f3n no puede esperar, el fondo mundial para la educaci\u00f3n en situaciones de emergencia y crisis prolongadas de las Naciones Unidas.<\/li>\n<li>Cuenta con el apoyo del Fondo de la ONU para la Infancia (UNICEF), socios como Humanidad e Inclusi\u00f3n y organizaciones nacionales, entre ellas el Centro de Alfabetizaci\u00f3n y Formaci\u00f3n en Braille para Ciegos de la Rep\u00fablica Centroafricana y la Asociaci\u00f3n Nacional de los Discapacitados Auditivos de la Rep\u00fablica Centroafricana.<\/li>\n<\/ul>\n<\/div>\n<\/div>\n<\/div>\n\n","protected":false},"excerpt":{"rendered":"<p>En la Rep\u00fablica Centroafricana, la discapacidad conlleva un estigma muy arraigado; las personas con discapacidad a menudo se ven excluidas de casi todos los \u00e1mbitos de la vida. Z\u00e9nabou, que es sorda y no habla, ha sufrido los prejuicios, pero un programa educativo impulsado por la ONU le ofrece un rayo de esperanza. \u201cSiempre tuve &hellip;<\/p>\n","protected":false},"author":1,"featured_media":30890,"comment_status":"open","ping_status":"open","sticky":false,"template":"","format":"standard","meta":{"fifu_image_url":"https:\/\/global.unitednations.entermediadb.net\/assets\/mediadb\/services\/module\/asset\/downloads\/preset\/Libraries\/Production%20Library\/04-06-2025-Z\u00e9nabou4.jpg\/image770x420cropped.jpg","fifu_image_alt":"","footnotes":""},"categories":[3],"tags":[],"class_list":["post-30888","post","type-post","status-publish","format-standard","has-post-thumbnail","","category-negocio"],"_links":{"self":[{"href":"https:\/\/noticiasveraces.com\/index.php?rest_route=\/wp\/v2\/posts\/30888","targetHints":{"allow":["GET"]}}],"collection":[{"href":"https:\/\/noticiasveraces.com\/index.php?rest_route=\/wp\/v2\/posts"}],"about":[{"href":"https:\/\/noticiasveraces.com\/index.php?rest_route=\/wp\/v2\/types\/post"}],"author":[{"embeddable":true,"href":"https:\/\/noticiasveraces.com\/index.php?rest_route=\/wp\/v2\/users\/1"}],"replies":[{"embeddable":true,"href":"https:\/\/noticiasveraces.com\/index.php?rest_route=%2Fwp%2Fv2%2Fcomments&post=30888"}],"version-history":[{"count":0,"href":"https:\/\/noticiasveraces.com\/index.php?rest_route=\/wp\/v2\/posts\/30888\/revisions"}],"wp:featuredmedia":[{"embeddable":true,"href":"https:\/\/noticiasveraces.com\/index.php?rest_route=\/wp\/v2\/media\/30890"}],"wp:attachment":[{"href":"https:\/\/noticiasveraces.com\/index.php?rest_route=%2Fwp%2Fv2%2Fmedia&parent=30888"}],"wp:term":[{"taxonomy":"category","embeddable":true,"href":"https:\/\/noticiasveraces.com\/index.php?rest_route=%2Fwp%2Fv2%2Fcategories&post=30888"},{"taxonomy":"post_tag","embeddable":true,"href":"https:\/\/noticiasveraces.com\/index.php?rest_route=%2Fwp%2Fv2%2Ftags&post=30888"}],"curies":[{"name":"wp","href":"https:\/\/api.w.org\/{rel}","templated":true}]}}