{"id":30880,"date":"2025-06-09T03:26:54","date_gmt":"2025-06-09T07:26:54","guid":{"rendered":"https:\/\/noticiasveraces.com\/?p=30880"},"modified":"2025-06-09T03:26:54","modified_gmt":"2025-06-09T07:26:54","slug":"emperador-marco-aurelio-disfruta-del-auge-de-redes-sociales-dw-09-06-2025","status":"publish","type":"post","link":"https:\/\/noticiasveraces.com\/?p=30880","title":{"rendered":"Emperador Marco Aurelio disfruta del auge de redes sociales \u2013 DW \u2013 09\/06\/2025"},"content":{"rendered":"<p> \n<\/p>\n<div>\n<p>\u00abMira en tu interior. En tu interior est\u00e1 la fuente del bien, y siempre brotar\u00e1 si excavas\u00bb.<\/p>\n<p>Sabias afirmaciones como esta se pueden encontrar en las <em>Meditaciones<\/em> del emperador romano Marco Aurelio (121-180 d. e. c.). Nunca tuvo la intenci\u00f3n de publicar estas reflexiones, pues las escribi\u00f3 exclusivamente para s\u00ed mismo, pero se han convertido en algunos de los escritos m\u00e1s le\u00eddos despu\u00e9s de la Biblia y el Cor\u00e1n. Un \u00e9xito de ventas, por as\u00ed decirlo, que ha sido traducido a numerosos idiomas en todo el mundo.<\/p>\n<p>Conocido hoy como un emperador fil\u00f3sofo, Marco Aurelio gobern\u00f3 en una \u00e9poca marcada por crisis y cat\u00e1strofes. Ascendi\u00f3 al trono en el a\u00f1o 161 d. e. c., pocos a\u00f1os antes de las Guerras Marcomanas (166-180 d. e. c.), que sacudir\u00edan el Imperio romano hasta sus cimientos. Adem\u00e1s, hubo problemas econ\u00f3micos, tensiones sociales y la propagaci\u00f3n de la peste antonina, una forma de viruela, por todo el territorio romano.<\/p>\n<figure class=\"placeholder-image master_landscape big\"><img data-format=\"MASTER_LANDSCAPE\" data-id=\"72690554\" data-url=\"https:\/\/static.dw.com\/image\/72690554_${formatId}.jpg\" data-aspect-ratio=\"16\/9\" alt=\"Dos museos de Trier organizan conjuntamente una gran exposici\u00f3n sobre Marco Aurelio.\" style=\"padding-bottom: 56.25%; height: 0; max-height: 0;\"\/><figcaption class=\"img-caption\">Dos museos de Trier organizan conjuntamente una gran exposici\u00f3n sobre Marco Aurelio.<small class=\"copyright\">Im\u00e1genes: Estado Museum Trier<\/small><\/figcaption><\/figure>\n<h2>\u00abTienes poder sobre tu mente, no sobre los acontecimientos externos\u00bb<\/h2>\n<p>Ecuanimidad. Este fue uno de los principios b\u00e1sicos de Marco Aurelio, gran admirador de los estoicos, una antigua escuela filos\u00f3fica fundada por el griego Zen\u00f3n de Citio en el a\u00f1o 300 a. e. c.<\/p>\n<p>Marco Aurelio quer\u00eda ser un buen gobernante, pero \u00bfqu\u00e9 es un buen gobierno? Esta pregunta, que sigue vigente hasta nuestros d\u00edas, le preocupaba profundamente, como se refleja en sus <em>Meditaciones<\/em>.<\/p>\n<p>Pero sus contempor\u00e1neos jam\u00e1s habr\u00edan le\u00eddo sus escritos, seg\u00fan el arque\u00f3logo Marcus Reuter, director del Museo Renano de Trier, en Alemania. \u00abLos romanos tampoco lo consideraron un rey fil\u00f3sofo. Sus escritos nunca se hicieron p\u00fablicos durante su vida. Escrib\u00eda para s\u00ed mismo, en la tranquilidad de su habitaci\u00f3n por las noches\u00bb.<\/p>\n<p>Aurelio solo adquiri\u00f3 la imagen del rey fil\u00f3sofo tras la publicaci\u00f3n de sus <em>Meditaciones<\/em> en los siglos XV o XVI.<\/p>\n<figure class=\"placeholder-image master_landscape big\"><img data-format=\"MASTER_LANDSCAPE\" data-id=\"72691358\" data-url=\"https:\/\/static.dw.com\/image\/72691358_${formatId}.jpg\" data-aspect-ratio=\"16\/9\" alt=\"Marcus Reuter y Viola Skiba son co-curadores de la exposici\u00f3n conjunta.\" style=\"padding-bottom: 56.25%; height: 0; max-height: 0;\"\/><figcaption class=\"img-caption\">Marcus Reuter y Viola Skiba son co-curadores de la exposici\u00f3n conjunta.<small class=\"copyright\">Im\u00e1genes: Rheinische Landesmuseum Trier<\/small><\/figcaption><\/figure>\n<p>Reuter y la historiadora Viola Skiba, directora del Museo Simeonstift de Trier, co-curaron una exposici\u00f3n conjunta en cada una de sus instituciones sobre Marco Aurelio, la cual se presentar\u00e1 del 15 de junio al 23 de noviembre de 2025. Skiba afirma que los temas de la exposici\u00f3n son m\u00e1s actuales de lo que hab\u00edan previsto. Especialmente en estos tiempos de crisis y polarizaci\u00f3n, la cuesti\u00f3n de c\u00f3mo es un buen liderazgo ha cobrado una nueva urgencia. Al mismo tiempo, la pregunta es tan antigua como la propia historia de la humanidad y fue claramente un tema central en el mundo antiguo.<\/p>\n<p><span data-slot-id=\"Article_InContent-1\" class=\"rich-text-ad\"\/><\/p>\n<h2>Donald Trump no es \u00abun modelo a seguir\u00bb<\/h2>\n<p>\u00bfQu\u00e9, seg\u00fan Marco Aurelio, distingue a un buen gobierno? \u00abB\u00e1sicamente, se gu\u00eda por las virtudes cardinales de la antig\u00fcedad\u00bb, afirma Skiba. Estas virtudes deseables incluyen la sabidur\u00eda, la justicia, la prudencia y la moderaci\u00f3n. Un concepto clave es la \u00aborientaci\u00f3n hacia el bien com\u00fan\u00bb.<\/p>\n<p>Reuter agrega que Marco Aurelio probablemente habr\u00eda considerado a Donald Trump \u00abno un buen l\u00edder y ciertamente no un modelo a seguir\u00bb.<\/p>\n<p>Pero, por supuesto, Marco Aurelio fue un producto de su tiempo, que creci\u00f3 dentro de las estructuras sociales de la antig\u00fcedad. \u00abHab\u00eda esclavitud, y ni siquiera Marco Aurelio quiso abolirla\u00bb, seg\u00fan Reuter. El emperador tampoco cuestion\u00f3 \u00abque hubiera personas con y sin derechos civiles romanos, ni que las mujeres no tuvieran los mismos derechos que los hombres\u00bb.<\/p>\n<figure class=\"placeholder-image master_landscape big\"><img data-format=\"MASTER_LANDSCAPE\" data-id=\"72690639\" data-url=\"https:\/\/static.dw.com\/image\/72690639_${formatId}.jpg\" data-aspect-ratio=\"16\/9\" alt=\"Un fragmento de las &quot;Meditaciones&quot; de Marco Aurelio, del siglo XV.\" style=\"padding-bottom: 56.25%; height: 0; max-height: 0;\"\/><figcaption class=\"img-caption\">Un fragmento de las \u00abMeditaciones\u00bb de Marco Aurelio, del siglo XV.<small class=\"copyright\">Imagen: Di\u00f3cesis Archive Trier (BATR) Departamento 95.1 No. 23<\/small><\/figcaption><\/figure>\n<p>Desde la perspectiva actual, tambi\u00e9n puede resultar extra\u00f1o considerar virtuoso a un emperador que libr\u00f3 guerras brutales. \u00abSeg\u00fan los est\u00e1ndares antiguos, se esperaba que el emperador garantizara la seguridad del imperio y protegiera a sus habitantes, incluso con medios brutales si era necesario\u00bb, explica Reuter.<\/p>\n<h2>\u00abSe necesita muy poco para ser feliz\u00bb<\/h2>\n<p>Aforismos como este pueden parecer una burla viniendo de un emperador adinerado, pero eran sinceros. De hecho, Marco Aurelio llev\u00f3 un estilo de vida bastante modesto e incluso mand\u00f3 a subastar sus bienes personales cuando el estado atravesaba una crisis financiera. \u00abQue yo sepa, ning\u00fan emperador romano, ni antes ni despu\u00e9s de \u00e9l, hizo eso\u00bb, apunta Reuter.<\/p>\n<p>Al parecer, el emperador tambi\u00e9n dedic\u00f3 mucho tiempo a reflexionar sobre el sentido de la vida, lo que presumiblemente explica el inter\u00e9s de tantos j\u00f3venes hoy en d\u00eda por \u00e9l y sus escritos. En opini\u00f3n de Reuter, \u00absus <em>Meditaciones<\/em> son un peque\u00f1o tesoro que contiene informaci\u00f3n para abordar casi cualquier situaci\u00f3n de la vida\u00bb.<\/p>\n<p>(R\/DZC)<\/p>\n<\/div>\n\n","protected":false},"excerpt":{"rendered":"<p>\u00abMira en tu interior. En tu interior est\u00e1 la fuente del bien, y siempre brotar\u00e1 si excavas\u00bb. Sabias afirmaciones como esta se pueden encontrar en las Meditaciones del emperador romano Marco Aurelio (121-180 d. e. c.). Nunca tuvo la intenci\u00f3n de publicar estas reflexiones, pues las escribi\u00f3 exclusivamente para s\u00ed mismo, pero se han convertido &hellip;<\/p>\n","protected":false},"author":1,"featured_media":30881,"comment_status":"open","ping_status":"open","sticky":false,"template":"","format":"standard","meta":{"fifu_image_url":"https:\/\/static.dw.com\/image\/72687319_6.jpg","fifu_image_alt":"","footnotes":""},"categories":[13],"tags":[],"class_list":["post-30880","post","type-post","status-publish","format-standard","has-post-thumbnail","","category-mundo"],"_links":{"self":[{"href":"https:\/\/noticiasveraces.com\/index.php?rest_route=\/wp\/v2\/posts\/30880","targetHints":{"allow":["GET"]}}],"collection":[{"href":"https:\/\/noticiasveraces.com\/index.php?rest_route=\/wp\/v2\/posts"}],"about":[{"href":"https:\/\/noticiasveraces.com\/index.php?rest_route=\/wp\/v2\/types\/post"}],"author":[{"embeddable":true,"href":"https:\/\/noticiasveraces.com\/index.php?rest_route=\/wp\/v2\/users\/1"}],"replies":[{"embeddable":true,"href":"https:\/\/noticiasveraces.com\/index.php?rest_route=%2Fwp%2Fv2%2Fcomments&post=30880"}],"version-history":[{"count":0,"href":"https:\/\/noticiasveraces.com\/index.php?rest_route=\/wp\/v2\/posts\/30880\/revisions"}],"wp:featuredmedia":[{"embeddable":true,"href":"https:\/\/noticiasveraces.com\/index.php?rest_route=\/wp\/v2\/media\/30881"}],"wp:attachment":[{"href":"https:\/\/noticiasveraces.com\/index.php?rest_route=%2Fwp%2Fv2%2Fmedia&parent=30880"}],"wp:term":[{"taxonomy":"category","embeddable":true,"href":"https:\/\/noticiasveraces.com\/index.php?rest_route=%2Fwp%2Fv2%2Fcategories&post=30880"},{"taxonomy":"post_tag","embeddable":true,"href":"https:\/\/noticiasveraces.com\/index.php?rest_route=%2Fwp%2Fv2%2Ftags&post=30880"}],"curies":[{"name":"wp","href":"https:\/\/api.w.org\/{rel}","templated":true}]}}