{"id":30877,"date":"2025-06-09T03:21:10","date_gmt":"2025-06-09T07:21:10","guid":{"rendered":"https:\/\/noticiasveraces.com\/?p=30877"},"modified":"2025-06-09T03:21:10","modified_gmt":"2025-06-09T07:21:10","slug":"la-dieta-de-la-mente-reduce-significativamente-el-riesgo-de-demencia-muestra-una-nueva-investigacion","status":"publish","type":"post","link":"https:\/\/noticiasveraces.com\/?p=30877","title":{"rendered":"La dieta de la mente reduce significativamente el riesgo de demencia, muestra una nueva investigaci\u00f3n"},"content":{"rendered":"<p> \n<\/p>\n<div>\n<div id=\"beyondwords-wrapper\" class=\"beyondwords-wrapper\">\n<p><span class=\"label-bg\">NUEVO<\/span>\u00a1Ahora puedes escuchar art\u00edculos de Fox News!\n  <\/p>\n<\/div>\n<p class=\"speakable\">Ciertos alimentos pueden alimentar al cerebro mejor que otros.<\/p>\n<p class=\"speakable\">Una nueva investigaci\u00f3n presentada esta semana en Nutrition 2025, la reuni\u00f3n anual de la Sociedad Americana de Nutrici\u00f3n en Orlando, Florida, descubri\u00f3 que la dieta mental es particularmente beneficiosa para la salud cognitiva.<\/p>\n<p>Las personas que siguieron el plan de alimentaci\u00f3n mental, que representa la intervenci\u00f3n mediterr\u00e1nea-dash para el retraso neurodegenerativo, eran \u00absignificativamente menos probables\u00bb de desarrollar la enfermedad de Alzheimer u otras formas de demencia, seg\u00fan un comunicado de prensa de la Sociedad Americana de Nutrici\u00f3n.<\/p>\n<p><strong><u>El cerebro y la memoria se impulsan al comer una dieta en particular, el estudio encuentra<\/u><\/strong><\/p>\n<h2><strong>\u00bfCu\u00e1l es la dieta mental?<\/strong><\/h2>\n<p>La mente es un h\u00edbrido de la dieta mediterr\u00e1nea y la dieta Dash (enfoques diet\u00e9ticos para detener la hipertensi\u00f3n), la \u00faltima de las cuales est\u00e1 dise\u00f1ada para reducir la presi\u00f3n arterial.<\/p>\n<p>La dieta se centra en \u00abalimentos saludables para el cerebro\u00bb como las verduras verdes de hoja, las bayas, las nueces y el aceite de oliva.<\/p>\n<div class=\"image-ct inline\">\n<div class=\"m\"><picture><source media=\"(max-width: 767px)\" srcset=\"https:\/\/a57.foxnews.com\/static.foxnews.com\/foxnews.com\/content\/uploads\/2023\/09\/343\/192\/plant-based-foods.jpg?ve=1&amp;tl=1, https:\/\/a57.foxnews.com\/static.foxnews.com\/foxnews.com\/content\/uploads\/2023\/09\/686\/384\/plant-based-foods.jpg?ve=1&amp;tl=1 2x\" height=\"192\" width=\"343\"><source media=\"(min-width: 768px) and (max-width: 1023px)\" srcset=\"https:\/\/a57.foxnews.com\/static.foxnews.com\/foxnews.com\/content\/uploads\/2023\/09\/672\/378\/plant-based-foods.jpg?ve=1&amp;tl=1, https:\/\/a57.foxnews.com\/static.foxnews.com\/foxnews.com\/content\/uploads\/2023\/09\/1344\/756\/plant-based-foods.jpg?ve=1&amp;tl=1 2x\" height=\"378\" width=\"672\"><source media=\"(min-width: 1024px) and (max-width: 1279px)\" srcset=\"https:\/\/a57.foxnews.com\/static.foxnews.com\/foxnews.com\/content\/uploads\/2023\/09\/931\/523\/plant-based-foods.jpg?ve=1&amp;tl=1, https:\/\/a57.foxnews.com\/static.foxnews.com\/foxnews.com\/content\/uploads\/2023\/09\/1862\/1046\/plant-based-foods.jpg?ve=1&amp;tl=1 2x\" height=\"523\" width=\"931\"><source media=\"(min-width: 1280px)\" srcset=\"https:\/\/a57.foxnews.com\/static.foxnews.com\/foxnews.com\/content\/uploads\/2023\/09\/720\/405\/plant-based-foods.jpg?ve=1&amp;tl=1, https:\/\/a57.foxnews.com\/static.foxnews.com\/foxnews.com\/content\/uploads\/2023\/09\/1440\/810\/plant-based-foods.jpg?ve=1&amp;tl=1 2x\" height=\"405\" width=\"720\"><img loading=\"lazy\" decoding=\"async\" src=\"https:\/\/a57.foxnews.com\/static.foxnews.com\/foxnews.com\/content\/uploads\/2023\/09\/1200\/675\/plant-based-foods.jpg?ve=1&amp;tl=1\" alt=\"Alimentaci\u00f3n saludable\" width=\"1200\" height=\"675\"\/><\/source><\/source><\/source><\/source><\/picture><\/div>\n<div class=\"info\">\n<div class=\"caption\">\n<p><span>\u00abLa dieta mental es \u00fanica ya que el primer plan de alimentaci\u00f3n centrado en los alimentos para mejorar y apoyar espec\u00edficamente la salud cognitiva\u00bb, dijo un nutricionista dietista registrado.<\/span> <span>(Istock)<\/span><\/p>\n<\/div>\n<\/div>\n<\/div>\n<p>\u00abLa dieta mental es \u00fanica ya que el primer plan de alimentaci\u00f3n se centr\u00f3 en los alimentos para mejorar y apoyar espec\u00edficamente la salud cognitiva\u00bb, Lauren Harris-Pincus, nutricionista dietista registrado y fundador de Nutritionstarringyou.com y autora de \u00abEl Libro de cocina PREDIABETES Everything F\u00e1cil\u00bb, dijo Fox News Digital. <\/p>\n<p>La dieta mental centrada en las plantas destaca 10 tipos de alimentos, que incluyen bayas, verduras de hoja verde, verduras, granos integrales, nueces y semillas, frijoles, legumbres, mariscos, aves de corral y aceite de oliva, seg\u00fan Harris-Pincus, que no estuvo involucrado en la investigaci\u00f3n. <\/p>\n<p><strong><u>La carne roja podr\u00eda aumentar el riesgo de demencia, afirman los investigadores, sin embargo, algunos m\u00e9dicos tienen preguntas<\/u><\/strong><\/p>\n<p>\u00abEstos alimentos de enfoque contienen nutrientes que juegan un papel fundamental en el apoyo a la salud del cerebro, incluidos los flavonoides, los carotenoides, las vitaminas B, los \u00e1cidos grasos omega-3 (especialmente el DHA), la colina y los minerales como el magnesio, el potasio y el calcio\u00bb, dijo.<\/p>\n<p><strong><u>Haga clic aqu\u00ed para obtener la aplicaci\u00f3n Fox News<\/u><\/strong><\/p>\n<p>\u00abLa dieta tambi\u00e9n sugiere limitar alimentos como pasteles, az\u00facar refinada, carne roja, queso, alimentos fritos, comida r\u00e1pida y mantequilla o margarina\u00bb.<\/p>\n<h2><strong>El impacto de la mente en la salud del cerebro<\/strong><\/h2>\n<p>Investigadores de la Universidad de Hawai analizaron datos de casi 93,000 adultos estadounidenses que informaron sus h\u00e1bitos diet\u00e9ticos durante la d\u00e9cada de 1990 como parte del estudio de cohorte multi\u00e9tnico.<\/p>\n<p>Al comienzo del estudio, los participantes ten\u00edan edades comprendidas entre 45 y 75 a\u00f1os.<\/p>\n<blockquote class=\"pull-quote\">\n<p class=\"quote-text\">\u00abLa dieta mental es \u00fanica ya que el primer plan de alimentaci\u00f3n centrado en los alimentos para mejorar espec\u00edficamente y apoyar la salud cognitiva\u00bb.<\/p>\n<p> <!----><\/p><\/blockquote>\n<p>Al analizar qu\u00e9 participantes desarrollaron el Alzheimer u otras demencias en a\u00f1os posteriores, el plan de alimentaci\u00f3n mental funcion\u00f3 mejor que otras dietas saludables en t\u00e9rminos de reducir el riesgo de demencia, con los beneficios observados entre los grupos m\u00e1s j\u00f3venes y mayores.<\/p>\n<p><strong><u>Haga clic aqu\u00ed para registrarse en nuestro bolet\u00edn de salud<\/u><\/strong><\/p>\n<p>Se demostr\u00f3 que los que siguieron la dieta ten\u00edan un riesgo general de demencia en el 9%, y algunos grupos, participantes afroamericanos, latinos y blancos, mostraron un riesgo 13% menor.<\/p>\n<p>Los asi\u00e1tico-estadounidenses y los hawaianos nativos no se mostraron tan pronunciados de una reducci\u00f3n del riesgo.<\/p>\n<div class=\"image-ct inline\">\n<div class=\"m\"><picture><source media=\"(max-width: 767px)\" srcset=\"https:\/\/a57.foxnews.com\/static.foxnews.com\/foxnews.com\/content\/uploads\/2023\/10\/343\/192\/mind-diet-woman.jpg?ve=1&amp;tl=1, https:\/\/a57.foxnews.com\/static.foxnews.com\/foxnews.com\/content\/uploads\/2023\/10\/686\/384\/mind-diet-woman.jpg?ve=1&amp;tl=1 2x\" height=\"192\" width=\"343\"><source media=\"(min-width: 768px) and (max-width: 1023px)\" srcset=\"https:\/\/a57.foxnews.com\/static.foxnews.com\/foxnews.com\/content\/uploads\/2023\/10\/672\/378\/mind-diet-woman.jpg?ve=1&amp;tl=1, https:\/\/a57.foxnews.com\/static.foxnews.com\/foxnews.com\/content\/uploads\/2023\/10\/1344\/756\/mind-diet-woman.jpg?ve=1&amp;tl=1 2x\" height=\"378\" width=\"672\"><source media=\"(min-width: 1024px) and (max-width: 1279px)\" srcset=\"https:\/\/a57.foxnews.com\/static.foxnews.com\/foxnews.com\/content\/uploads\/2023\/10\/931\/523\/mind-diet-woman.jpg?ve=1&amp;tl=1, https:\/\/a57.foxnews.com\/static.foxnews.com\/foxnews.com\/content\/uploads\/2023\/10\/1862\/1046\/mind-diet-woman.jpg?ve=1&amp;tl=1 2x\" height=\"523\" width=\"931\"><source media=\"(min-width: 1280px)\" srcset=\"https:\/\/a57.foxnews.com\/static.foxnews.com\/foxnews.com\/content\/uploads\/2023\/10\/720\/405\/mind-diet-woman.jpg?ve=1&amp;tl=1, https:\/\/a57.foxnews.com\/static.foxnews.com\/foxnews.com\/content\/uploads\/2023\/10\/1440\/810\/mind-diet-woman.jpg?ve=1&amp;tl=1 2x\" height=\"405\" width=\"720\"><img loading=\"lazy\" decoding=\"async\" src=\"https:\/\/a57.foxnews.com\/static.foxnews.com\/foxnews.com\/content\/uploads\/2023\/10\/1200\/675\/mind-diet-woman.jpg?ve=1&amp;tl=1\" alt=\"Dieta de la mente de la mujer\" width=\"1200\" height=\"675\"\/><\/source><\/source><\/source><\/source><\/picture><\/div>\n<div class=\"info\">\n<div class=\"caption\">\n<p><span>Aquellos que siguieron el plan durante un per\u00edodo de 10 a\u00f1os tuvieron un riesgo 25% menor en comparaci\u00f3n con aquellos que no se quedaron con \u00e9l.<\/span> <span>(Istock)<\/span><\/p>\n<\/div>\n<\/div>\n<\/div>\n<p>Cuanto m\u00e1s largas personas se adhirieran a la dieta, mayor ser\u00e1 la reducci\u00f3n del riesgo. Aquellos que siguieron el plan durante un per\u00edodo de 10 a\u00f1os tuvieron un riesgo 25% menor en comparaci\u00f3n con aquellos que no se quedaron con \u00e9l.<\/p>\n<p>\u00abNuestros resultados del estudio confirman que los patrones diet\u00e9ticos saludables en la vida media o tard\u00eda y su mejora con el tiempo pueden prevenir el Alzheimer y las demencias relacionadas\u00bb, dijo Song-Yi Park, PhD, profesor asociado de la Universidad de Hawai en Manoa, en el comunicado.<\/p>\n<p><i><strong><u>Para m\u00e1s art\u00edculos de salud, visite <\/u><\/strong><\/i><i><strong><u>www.foxnews.com\/Health<\/u><\/strong><\/i><\/p>\n<p>\u00abEsto sugiere que nunca es demasiado tarde para adoptar una dieta saludable para prevenir la demencia\u00bb.<\/p>\n<p> <!----> <\/p>\n<div class=\"article-meta\">\n<div class=\"author-bio\">\n<p>Melissa Rudy es editora de salud senior y miembro del equipo de estilo de vida en Fox News Digital. Los consejos de la historia se pueden enviar a melissa.rudy@fox.com.<\/p>\n<\/div>\n<\/div>\n<\/div>\n\n","protected":false},"excerpt":{"rendered":"<p>NUEVO\u00a1Ahora puedes escuchar art\u00edculos de Fox News! Ciertos alimentos pueden alimentar al cerebro mejor que otros. Una nueva investigaci\u00f3n presentada esta semana en Nutrition 2025, la reuni\u00f3n anual de la Sociedad Americana de Nutrici\u00f3n en Orlando, Florida, descubri\u00f3 que la dieta mental es particularmente beneficiosa para la salud cognitiva. Las personas que siguieron el plan &hellip;<\/p>\n","protected":false},"author":1,"featured_media":30879,"comment_status":"open","ping_status":"open","sticky":false,"template":"","format":"standard","meta":{"fifu_image_url":"https:\/\/a57.foxnews.com\/static.foxnews.com\/foxnews.com\/content\/uploads\/2023\/09\/1200\/675\/plant-based-foods.jpg?ve=1&tl=1","fifu_image_alt":"","footnotes":""},"categories":[8],"tags":[],"class_list":["post-30877","post","type-post","status-publish","format-standard","has-post-thumbnail","","category-salud"],"_links":{"self":[{"href":"https:\/\/noticiasveraces.com\/index.php?rest_route=\/wp\/v2\/posts\/30877","targetHints":{"allow":["GET"]}}],"collection":[{"href":"https:\/\/noticiasveraces.com\/index.php?rest_route=\/wp\/v2\/posts"}],"about":[{"href":"https:\/\/noticiasveraces.com\/index.php?rest_route=\/wp\/v2\/types\/post"}],"author":[{"embeddable":true,"href":"https:\/\/noticiasveraces.com\/index.php?rest_route=\/wp\/v2\/users\/1"}],"replies":[{"embeddable":true,"href":"https:\/\/noticiasveraces.com\/index.php?rest_route=%2Fwp%2Fv2%2Fcomments&post=30877"}],"version-history":[{"count":0,"href":"https:\/\/noticiasveraces.com\/index.php?rest_route=\/wp\/v2\/posts\/30877\/revisions"}],"wp:featuredmedia":[{"embeddable":true,"href":"https:\/\/noticiasveraces.com\/index.php?rest_route=\/wp\/v2\/media\/30879"}],"wp:attachment":[{"href":"https:\/\/noticiasveraces.com\/index.php?rest_route=%2Fwp%2Fv2%2Fmedia&parent=30877"}],"wp:term":[{"taxonomy":"category","embeddable":true,"href":"https:\/\/noticiasveraces.com\/index.php?rest_route=%2Fwp%2Fv2%2Fcategories&post=30877"},{"taxonomy":"post_tag","embeddable":true,"href":"https:\/\/noticiasveraces.com\/index.php?rest_route=%2Fwp%2Fv2%2Ftags&post=30877"}],"curies":[{"name":"wp","href":"https:\/\/api.w.org\/{rel}","templated":true}]}}