{"id":30857,"date":"2025-06-08T23:18:24","date_gmt":"2025-06-09T03:18:24","guid":{"rendered":"https:\/\/noticiasveraces.com\/?p=30857"},"modified":"2025-06-08T23:18:24","modified_gmt":"2025-06-09T03:18:24","slug":"protestas-en-los-angeles-contra-redadas-enfurecen-a-trump-dw-09-06-2025","status":"publish","type":"post","link":"https:\/\/noticiasveraces.com\/?p=30857","title":{"rendered":"Protestas en Los \u00c1ngeles contra redadas enfurecen a Trump \u2013 DW \u2013 09\/06\/2025"},"content":{"rendered":"<p> \n<\/p>\n<div>\n<p>El presidente de Estados Unidos, Donald Trump, describi\u00f3 este domingo a Los \u00c1ngeles como una ciudad \u00abinvadida y ocupada por inmigrantes ilegales y criminales\u00bb y asegur\u00f3 que las protestas desatadas en respuesta a las redadas masivas de migrantes \u00abfortalecen\u00bb su determinaci\u00f3n de deportar.<\/p>\n<p>\u00abEstos disturbios sin ley s\u00f3lo fortalecen nuestra determinaci\u00f3n. Estoy ordenando a la secretaria de Seguridad Nacional, Kristi Noem; al secretario de Defensa, Pete Hegseth; y a la fiscal general, Pam Bondi (&#8230;) que tomen todas las medidas necesarias para liberar a Los \u00c1ngeles de la invasi\u00f3n de inmigrantes y poner fin a estos disturbios de inmigrantes\u00bb, escribi\u00f3 el mandatario en Truth Social.<\/p>\n<p>Los comentarios de Trump llegan en el tercer d\u00eda consecutivo de protestas en la ciudad de Los \u00c1ngeles, despu\u00e9s de que el viernes el Servicio de Control de Inmigraci\u00f3n y Aduanas (ICE) realizara al menos siete redadas migratorias.<\/p>\n<p>En respuesta a las manifestaciones desatadas, Trump orden\u00f3 el despliegue de 2.000 efectivos de la Guardia Nacional y este domingo algunos de estos militares fueron desplegados frente al edificio federal, ubicado en el centro de Los \u00c1ngeles.<\/p>\n<p>La orden del presidente se ejecut\u00f3 amparada en una controvertida disposici\u00f3n federal que pas\u00f3 por alto al gobernador de California, Gavin Newsom, en un hecho sin precedentes en los \u00faltimos 60 a\u00f1os.<\/p>\n<p>Tanto Newsom, como la alcaldesa de Los \u00c1ngeles, Karen Bass, han hecho un llamado a la comunidad californiana a ejercer su derecho a protestar de forma pac\u00edfica.<\/p>\n<p>\u00abNo le den a Trump lo que quiere\u00bb, escribi\u00f3 Newsom en sus redes sociales.<\/p>\n<p>Las protestas realizadas este domingo derivaron en enfrentamientos entre manifestantes y agentes de la Polic\u00eda local (LAPD), que calificaron la manifestaci\u00f3n como una \u00abasamblea ilegal\u00bb, para poder dispersar a las multitudes, aunque no se han informado de arrestos. <\/p>\n<p><span data-slot-id=\"Article_InContent-1\" class=\"rich-text-ad\"\/><\/p>\n<h2>\u00abUna asamblea ilegal\u201d<\/h2>\n<p>Al un\u00edsono de \u00abqu\u00e9 verg\u00fcenza\u201d cientos de personas se manifestaron en el centro de Los \u00c1ngeles por la presencia en la ciudad de la Guardia Nacional, enviada por Trump, tras las protestas por las redadas migratorias ocurridas en el condado.<\/p>\n<p>El mensaje sigue siendo el mismo de los \u00faltimos d\u00edas, los manifestantes -entre los que se contaban familias completas con ni\u00f1os peque\u00f1os- se opusieron a los operativos del Servicio de Control de Inmigraci\u00f3n y Aduanas (ICE) y a la escalada de la Casa Blanca para presionar el poder del gobernador Newsom, con la presencia y el accionar de los militares. <\/p>\n<p>La manifestaci\u00f3n que comenz\u00f3 frente al Ayuntamiento angelino se desplaz\u00f3 un kil\u00f3metro hasta donde se encontraban unas dos docenas de miembros de la Guardia Nacional al cuidado del ingreso del edificio federal, que alberga la c\u00e1rcel de ICE, a los que increparon por obedecer al presidente.<\/p>\n<p>El Departamento de Polic\u00eda de Los \u00c1ngeles (LAPD) declar\u00f3 la manifestaci\u00f3n como \u00abuna asamblea ilegal\u201d, lo que le permiti\u00f3 dispersar a los manifestantes, que en momentos le arrojaron confeti a la polic\u00eda y alguna que otra botella de agua.<\/p>\n<p>Al verse empujados por las autoridades angelinas, los manifestantes se tomaron la Autopista 101, donde bloquearon el tr\u00e1fico por varias horas. Por su parte, la Polic\u00eda us\u00f3 gases para dispersar a la multitud.<\/p>\n<p>Los manifestantes mostraron, con banderas de diferentes pa\u00edses -incluida la estadounidense-, la diversidad de la comunidad del condado, el m\u00e1s poblado de EE.UU., con alrededor de diez millones de habitantes. Se estima que cerca de un mill\u00f3n de estos es indocumentado, la gran mayor\u00eda trabajadores.<\/p>\n<p>Trump culp\u00f3 este domingo a la \u00abizquierda radical\u00bb de estar detr\u00e1s de las protestas de Los \u00c1ngeles, al asegurar que a partir de ahora no se permitir\u00e1 el uso de m\u00e1scaras en las protestas.<\/p>\n<p>Hasta la tarde del domingo, el LAPD no hab\u00eda confirmado arrestos entre los manifestantes y trataba de sacar a las personas que protestaban de la autopista, una rutina a la que est\u00e1n acostumbrados los manifestantes que recurren a bloquear las grandes v\u00edas para llamar la atenci\u00f3n en una ciudad cruzada por carreteras.<\/p>\n<p>MG (EFE, DPA, AP)<\/p>\n<\/p>\n<\/div>\n\n","protected":false},"excerpt":{"rendered":"<p>El presidente de Estados Unidos, Donald Trump, describi\u00f3 este domingo a Los \u00c1ngeles como una ciudad \u00abinvadida y ocupada por inmigrantes ilegales y criminales\u00bb y asegur\u00f3 que las protestas desatadas en respuesta a las redadas masivas de migrantes \u00abfortalecen\u00bb su determinaci\u00f3n de deportar. \u00abEstos disturbios sin ley s\u00f3lo fortalecen nuestra determinaci\u00f3n. Estoy ordenando a la &hellip;<\/p>\n","protected":false},"author":1,"featured_media":30858,"comment_status":"open","ping_status":"open","sticky":false,"template":"","format":"standard","meta":{"fifu_image_url":"https:\/\/static.dw.com\/image\/72839464_6.jpg","fifu_image_alt":"","footnotes":""},"categories":[13],"tags":[],"class_list":["post-30857","post","type-post","status-publish","format-standard","has-post-thumbnail","","category-mundo"],"_links":{"self":[{"href":"https:\/\/noticiasveraces.com\/index.php?rest_route=\/wp\/v2\/posts\/30857","targetHints":{"allow":["GET"]}}],"collection":[{"href":"https:\/\/noticiasveraces.com\/index.php?rest_route=\/wp\/v2\/posts"}],"about":[{"href":"https:\/\/noticiasveraces.com\/index.php?rest_route=\/wp\/v2\/types\/post"}],"author":[{"embeddable":true,"href":"https:\/\/noticiasveraces.com\/index.php?rest_route=\/wp\/v2\/users\/1"}],"replies":[{"embeddable":true,"href":"https:\/\/noticiasveraces.com\/index.php?rest_route=%2Fwp%2Fv2%2Fcomments&post=30857"}],"version-history":[{"count":0,"href":"https:\/\/noticiasveraces.com\/index.php?rest_route=\/wp\/v2\/posts\/30857\/revisions"}],"wp:featuredmedia":[{"embeddable":true,"href":"https:\/\/noticiasveraces.com\/index.php?rest_route=\/wp\/v2\/media\/30858"}],"wp:attachment":[{"href":"https:\/\/noticiasveraces.com\/index.php?rest_route=%2Fwp%2Fv2%2Fmedia&parent=30857"}],"wp:term":[{"taxonomy":"category","embeddable":true,"href":"https:\/\/noticiasveraces.com\/index.php?rest_route=%2Fwp%2Fv2%2Fcategories&post=30857"},{"taxonomy":"post_tag","embeddable":true,"href":"https:\/\/noticiasveraces.com\/index.php?rest_route=%2Fwp%2Fv2%2Ftags&post=30857"}],"curies":[{"name":"wp","href":"https:\/\/api.w.org\/{rel}","templated":true}]}}