{"id":30839,"date":"2025-06-08T19:59:35","date_gmt":"2025-06-08T23:59:35","guid":{"rendered":"https:\/\/noticiasveraces.com\/?p=30839"},"modified":"2025-06-08T19:59:35","modified_gmt":"2025-06-08T23:59:35","slug":"max-schrems-jurista-la-promesa-de-la-nube-fue-que-todo-seria-mucho-mas-barato-pero-resulta-que-funciona-con-monopolios-tecnologia","status":"publish","type":"post","link":"https:\/\/noticiasveraces.com\/?p=30839","title":{"rendered":"Max Schrems, jurista: \u201cLa promesa de la nube fue que todo ser\u00eda mucho m\u00e1s barato, pero resulta que funciona con monopolios\u201d | Tecnolog\u00eda"},"content":{"rendered":"<p> \n<\/p>\n<div data-dtm-region=\"articulo_cuerpo\">\n<p class=\"\">Pocos particulares han influido tanto en la legislaci\u00f3n europea como el austriaco Max Schrems (Viena, 37 a\u00f1os). A los 23, de vuelta a casa tras estudiar un semestre de Derecho en la Universidad de Santa Clara, California, present\u00f3 22 denuncias contra Facebook despu\u00e9s de analizar la informaci\u00f3n que la compa\u00f1\u00eda ten\u00eda sobre \u00e9l (1.200 folios) y detectar varias posibles violaciones de su privacidad. El proceso no acab\u00f3 en sanci\u00f3n, pero provoc\u00f3 revuelo en Europa. Tanto, que la excomisaria de Justicia Viviane Reading reconocer\u00eda m\u00e1s tarde que la cruzada de Schrems inspir\u00f3 el Reglamento General de Protecci\u00f3n de Datos (RGPD), que entr\u00f3 en vigor en 2018.<\/p>\n<p class=\"\">A los 26 a\u00f1os inici\u00f3 un nuevo proceso contra Facebook, esta vez por enviar sus datos personales a EE UU, donde la normativa de privacidad es m\u00e1s laxa que en la UE. Los tribunales le dieron la raz\u00f3n en 2015: desde entonces, la informaci\u00f3n personal de los ciudadanos europeos solo se puede transferir a aquellos pa\u00edses que garanticen un tratamiento equiparable al europeo. En 2020, el Tribunal de Justicia de la UE tumb\u00f3 el r\u00e9gimen de transferencia de datos entre EE UU y la UE, tambi\u00e9n a instancias de Schrems, al considerar que no era suficientemente garantista.<\/p>\n<aside class=\"a_ei\">\n<header class=\"a_ei_h _db\">M\u00e1s informaci\u00f3n<\/header>\n<\/aside>\n<p class=\"\">El jurista ha demandado a Apple y a Google por rastrear sin permiso los tel\u00e9fonos m\u00f3viles que funcionan con los sistemas operativos de las respectivas compa\u00f1\u00edas. O a Microsoft por hacer un mal uso de los datos de menores con su paquete 365 Educaci\u00f3n. O a X por entrenar su herramienta de inteligencia artificial (IA) con datos de los usuarios sin avisarles. No se arruga ante las grandes tecnol\u00f3gicas, que conocen perfectamente la organizaci\u00f3n desde la que Schrems ejerce el activismo: Noyb (acr\u00f3nimo de <i>No es asunto tuyo<\/i>No es asunto tuyo). Atiende a EL PA\u00cdS en Madrid tras participar en el Cloud Summit 2025, un evento celebrado en la Universidad de Nebrija en colaboraci\u00f3n con la Asociaci\u00f3n Espa\u00f1ola de Proveedores de Cloud y Data Centers (Apecdata).<\/p>\n<p class=\"\"><b>Pregunta.<\/b> Usted lleva a\u00f1os tratando de que las tecnol\u00f3gicas estadounidenses traten los datos de los ciudadanos europeos de acuerdo a los est\u00e1ndares comunitarios. \u00bfEs eso posible con Trump en la Casa Blanca?<\/p>\n<p class=\"\"><b>Respuesta.<\/b> Un sistema legal demuestra si es estable en situaciones en las que tienes un presidente loco. Si todo el mundo fuera amable y amistoso, no necesitar\u00edamos ley. Para calibrar el problema hay que saber qu\u00e9 parte de la econom\u00eda de datos se puede ver afectada por la guerra comercial. Uno de los \u00fanicos terrenos en los que Europa puede tomar represalias contra EE UU es en la industria digital, donde tiene empresas que ganan un mont\u00f3n de dinero. La Comisi\u00f3n acaba de multar a Meta y Apple, y la primera respondi\u00f3 con un comunicado de prensa muy trumpista, diciendo: \u201cOh, esto es un arancel\u201d. Acabas de romper la ley y sab\u00edas que lo hac\u00edas, as\u00ed que ahora no puedes decir que es un arancel. Es como si alguien conduce con su Porsche a 300 km\/h y, cuando le multan, dice que van contra \u00e9l porque es rico. <\/p>\n<p class=\"\"><b>PAG. <\/b>\u00bfHace bien la Comisi\u00f3n multando a dos gigantes tecnol\u00f3gicos en plena guerra arancelaria?<\/p>\n<p class=\"\"><b>R. <\/b>La Comisi\u00f3n va despacio porque no quiere ser quien lance la primera piedra. Pero en alg\u00fan momento tienes que hacer cumplir tu ley. Debemos afrontar la cuesti\u00f3n de la dependencia tecnol\u00f3gica. En EE UU se ha hablado incluso de que las empresas estadounidenses no ofrezcan sus servicios en Groenlandia y Dinamarca. Es una locura, porque entonces nadie volver\u00eda a confiar en esas compa\u00f1\u00edas, pero tambi\u00e9n pens\u00e1bamos que nadie har\u00eda nunca una guerra comercial.<\/p>\n<p class=\"\"><b>PAG. <\/b>\u00bfC\u00f3mo debe abordar la UE esta situaci\u00f3n?<\/p>\n<p class=\"\"><b>R. <\/b>Creo que lo m\u00e1s importante es que la respuesta sea gradual. No se crea una red social o un servicio de mensajer\u00eda instant\u00e1nea por arte de magia. Yo estudi\u00e9 en EE UU y una gran cosa all\u00ed es que, ya en la escuela secundaria, te dicen que eres el mejor, que eres el m\u00e1s grande. En Europa, generalmente, tendemos a lo contrario, dudamos de si somos lo suficientemente buenos. Debemos ser conscientes de que somos capaces de ser menos dependientes tecnol\u00f3gicamente de EE UU, siempre que haya un plan. Y lo que creo que falta es ese plan. Para las transferencias de datos, por ejemplo, una de las opciones ser\u00eda decir: hay que ir elimin\u00e1ndolas gradualmente, porque el marco legal no es tan estable como se nos prometi\u00f3. <\/p>\n<figure class=\"a_m a_m-h \"><span class=\"_db a_m_w _pr lb_btn\"><img alt=\"Schrems dio en la Universidad de Nebrija una conferencia magistral sobre transferencia de datos entre EE UU y la UE.\" decoding=\"auto\" class=\"_re lazyload a_m-h\" height=\"284\" srcset=\"https:\/\/imagenes.elpais.com\/resizer\/v2\/PLA7NWMSEBFI5HT4SBXVCQZPOM.jpg?auth=983b2ffe6a8f6393ac2ffb03b4134b01a0e2510975418d75c76bfe3714c1ff0b&amp;width=414 414w,https:\/\/imagenes.elpais.com\/resizer\/v2\/PLA7NWMSEBFI5HT4SBXVCQZPOM.jpg?auth=983b2ffe6a8f6393ac2ffb03b4134b01a0e2510975418d75c76bfe3714c1ff0b&amp;width=828 640w,https:\/\/imagenes.elpais.com\/resizer\/v2\/PLA7NWMSEBFI5HT4SBXVCQZPOM.jpg?auth=983b2ffe6a8f6393ac2ffb03b4134b01a0e2510975418d75c76bfe3714c1ff0b&amp;width=980 1000w,https:\/\/imagenes.elpais.com\/resizer\/v2\/PLA7NWMSEBFI5HT4SBXVCQZPOM.jpg?auth=983b2ffe6a8f6393ac2ffb03b4134b01a0e2510975418d75c76bfe3714c1ff0b&amp;width=1960 1960w\" width=\"414\" sizes=\"auto, (min-width:1199px) 1155px,(min-width:1001px) calc(100vw - 44px),(min-width:768px) 767px, 100vw\" src=\"https:\/\/imagenes.elpais.com\/resizer\/v2\/PLA7NWMSEBFI5HT4SBXVCQZPOM.jpg?auth=983b2ffe6a8f6393ac2ffb03b4134b01a0e2510975418d75c76bfe3714c1ff0b&amp;width=414\" loading=\"lazy\"\/><svg aria-hidden=\"true\" class=\"icon_multimedia_ampliar | _pa a_m_i a_m_i-a _dn\" viewbox=\"0 0 40 40\"><use xlink:href=\"#svg-ampliar\"\/><\/svg><\/span><figcaption class=\"a_m_p\" aria-hidden=\"true\"><span>Schrems dio en la Universidad de Nebrija una conferencia magistral sobre transferencia de datos entre EE UU y la UE.<\/span><span class=\"a_m_m\">\u00c1lvaro Garc\u00eda<\/span><\/figcaption><\/figure>\n<p class=\"\"><b>PAG. <\/b>\u00bfVe factible desarrollar una infraestructura digital realmente europea?<\/p>\n<p class=\"\"><b>R. <\/b>La industrializaci\u00f3n arranc\u00f3 en Reino Unido, pero el resto del mundo se acab\u00f3 sumando a ella hasta superar a quien la inici\u00f3. Creo que en el terreno digital puede pasar lo mismo. Deber\u00edamos adoptar un marco regulatorio que propicie estos desarrollos. La alternativa es seguir controlados por las grandes tecnol\u00f3gicas. Hay empresas o incluso pa\u00edses, como el m\u00edo, que ya no pueden negociar con Microsoft, porque ahora dicen: \u201cLo hacemos todo en la nube y tienes que mover toda tu administraci\u00f3n ah\u00ed, o no podr\u00e1s usar nuestro software\u201d.<\/p>\n<p class=\"\"><b>PAG. <\/b>Desarrollar infraestructuras realmente propias, que no dependan de software ni hardware extranjero, costar\u00eda mucho dinero. <\/p>\n<p class=\"\"><b>R. <\/b>S\u00ed. Por eso creo que la \u00fanica forma de hacerlo es gradualmente. Se puede ir cambiando seg\u00fan toque ir renovando licencias. Una gran promesa de la nube fue que todo ser\u00eda mucho m\u00e1s barato y mejor, pero resulta que funciona con monopolios, ajustan exactamente el precio a tu punto de ruptura. Por eso cada vez se habla m\u00e1s de volver a las instalaciones propias: porque las promesas de la nube no se han hecho realidad. Deber\u00edamos tener un entorno en el que realmente pudieras cambiar de proveedor de nube sin problemas, como sucede con las compa\u00f1\u00edas de gas o electricidad. Necesitamos tener un sistema que tenga sentido. El RGPD creo que est\u00e1 razonablemente bien redactado, pero lo que ha venido despu\u00e9s, no tanto. As\u00ed que ahora se habla en Bruselas de tener una sola ley digital que fusione toda la legislaci\u00f3n aplicable.<\/p>\n<p class=\"\"><b>PAG. <\/b>\u00bfEl Reglamento Europeo de IA entr\u00f3 en vigor el a\u00f1o pasado y ya se quiere cambiar?<\/p>\n<p class=\"\"><b>R. <\/b>Exacto. Si la UE quiere ser un referente en regulaci\u00f3n tecnol\u00f3gica, tambi\u00e9n se debe ser m\u00e1s honesto con la calidad de los textos que se entregan. Y las leyes europeas no han salido de los cerebros m\u00e1s brillantes.<\/p>\n<p class=\"\"><b>PAG. <\/b>Muchos abogados dicen que el RGPD est\u00e1 bien, pero que el problema es que no se hace cumplir.<\/p>\n<p class=\"\"><b>R. <\/b>S\u00ed. El problema de la aplicaci\u00f3n del RGPD es enorme. Si miras todas las quejas en Europa, como promedio, solo se sanciona el 1,3% o 1,4% con cantidades que a veces son de solo 500 euros. La realidad es que, incluso en los casos en los que encuentras una violaci\u00f3n, simplemente no hay consecuencia. <\/p>\n<p class=\"\"><b>PAG. <\/b>\u00bfC\u00f3mo cree que afectar\u00e1 a la privacidad el auge de la IA?<\/p>\n<p class=\"\"><b>R. <\/b>Desde el punto de vista del RGPD, la gran batalla es que las grandes empresas tecnol\u00f3gicas quieren justificar el entrenamiento de sus modelos con datos ajenos bas\u00e1ndose en el inter\u00e9s leg\u00edtimo, lo que b\u00e1sicamente significa que la gente que est\u00e9 en desacuerdo tiene que optar por no participar antes de que se entrene el sistema. \u00bfC\u00f3mo se hace eso? Creo que toda la aplicaci\u00f3n real de la IA, desde una perspectiva del RGPD, no es problem\u00e1tica. Las alucinaciones son un problema de responsabilidad, de correcci\u00f3n de datos, pero no son ilegales.<\/p>\n<p class=\"\"><b>PAG. <\/b>Su historia con Facebook es larga. \u00bfQu\u00e9 evoluci\u00f3n ha visto en la compa\u00f1\u00eda desde la primera vez que los demand\u00f3 hasta ahora?<\/p>\n<p class=\"\"><b>R. <\/b>No ha cambiado mucho, siempre han sido m\u00e1s agresivos y audaces que los dem\u00e1s. Y mucho m\u00e1s est\u00fapidos: Google es m\u00e1s inteligente en la forma en que comunican y hacen las cosas. Meta es el mat\u00f3n de las Big Tech, por as\u00ed decirlo. Lo realmente interesante es que todav\u00eda mantienen esa narrativa de ser innovadores y modernos, pese a que no han logrado nada grande en los \u00faltimos 10 o 15 a\u00f1os, m\u00e1s all\u00e1 de comprar empresas como Instagram o WhatsApp. Todav\u00eda se alimentan de la enorme m\u00e1quina de dinero que han construido con la publicidad online, que curiosamente tambi\u00e9n est\u00e1 muy poco regulada.<\/p>\n<p class=\"\"><b>PAG. <\/b>\u00bfCree que habr\u00eda que legislar ah\u00ed?<\/p>\n<p class=\"\"><b>R. <\/b>En Europa tenemos una ley que dice que no puede haber m\u00e1s de seis minutos de publicidad por hora en televisi\u00f3n. \u00bfPor qu\u00e9 demonios no podemos regular la publicidad en redes sociales y fijar, por ejemplo, que no supere el 10% de tu feed?<\/p>\n<p class=\"\"><b>PAG. <\/b>Ya ha dicho que la UE deber\u00eda responder a la guerra comercial de EE UU de forma gradual. \u00bfC\u00f3mo cree que lo har\u00e1 realmente?<\/p>\n<p class=\"\"><b>R. <\/b>Quiz\u00e1s sea el momento de aprovechar el conocimiento t\u00e9cnico que ya existe en Europa para desarrollar una aut\u00e9ntica autonom\u00eda digital. Esa ser\u00eda una salida positiva. La negativa es que no hagamos nada, que nos sentemos y nos quejemos. Creo que estamos en ese punto. Pero tengo la sensaci\u00f3n de que la fase de queja dura un tiempo y luego la gente se levanta de su silla y act\u00faa. Entonces ser\u00e1 el momento de convencernos de que Europa probablemente sea el lugar m\u00e1s estable que hay ahora mismo para alojar tus datos.<\/p>\n<\/div>\n\n","protected":false},"excerpt":{"rendered":"<p>Pocos particulares han influido tanto en la legislaci\u00f3n europea como el austriaco Max Schrems (Viena, 37 a\u00f1os). A los 23, de vuelta a casa tras estudiar un semestre de Derecho en la Universidad de Santa Clara, California, present\u00f3 22 denuncias contra Facebook despu\u00e9s de analizar la informaci\u00f3n que la compa\u00f1\u00eda ten\u00eda sobre \u00e9l (1.200 folios) &hellip;<\/p>\n","protected":false},"author":1,"featured_media":30840,"comment_status":"open","ping_status":"open","sticky":false,"template":"","format":"standard","meta":{"fifu_image_url":"https:\/\/imagenes.elpais.com\/resizer\/v2\/S7VQPUGNLNESJE6HARHE4KPLOM.jpg?auth=a884140e5708be0f9447ffe0b1b58fd4582335b235f718fb812b97880a5d8e36&width=1200","fifu_image_alt":"","footnotes":""},"categories":[2],"tags":[],"class_list":["post-30839","post","type-post","status-publish","format-standard","has-post-thumbnail","","category-tecnologia"],"_links":{"self":[{"href":"https:\/\/noticiasveraces.com\/index.php?rest_route=\/wp\/v2\/posts\/30839","targetHints":{"allow":["GET"]}}],"collection":[{"href":"https:\/\/noticiasveraces.com\/index.php?rest_route=\/wp\/v2\/posts"}],"about":[{"href":"https:\/\/noticiasveraces.com\/index.php?rest_route=\/wp\/v2\/types\/post"}],"author":[{"embeddable":true,"href":"https:\/\/noticiasveraces.com\/index.php?rest_route=\/wp\/v2\/users\/1"}],"replies":[{"embeddable":true,"href":"https:\/\/noticiasveraces.com\/index.php?rest_route=%2Fwp%2Fv2%2Fcomments&post=30839"}],"version-history":[{"count":0,"href":"https:\/\/noticiasveraces.com\/index.php?rest_route=\/wp\/v2\/posts\/30839\/revisions"}],"wp:featuredmedia":[{"embeddable":true,"href":"https:\/\/noticiasveraces.com\/index.php?rest_route=\/wp\/v2\/media\/30840"}],"wp:attachment":[{"href":"https:\/\/noticiasveraces.com\/index.php?rest_route=%2Fwp%2Fv2%2Fmedia&parent=30839"}],"wp:term":[{"taxonomy":"category","embeddable":true,"href":"https:\/\/noticiasveraces.com\/index.php?rest_route=%2Fwp%2Fv2%2Fcategories&post=30839"},{"taxonomy":"post_tag","embeddable":true,"href":"https:\/\/noticiasveraces.com\/index.php?rest_route=%2Fwp%2Fv2%2Ftags&post=30839"}],"curies":[{"name":"wp","href":"https:\/\/api.w.org\/{rel}","templated":true}]}}