{"id":30827,"date":"2025-06-08T19:08:12","date_gmt":"2025-06-08T23:08:12","guid":{"rendered":"https:\/\/noticiasveraces.com\/?p=30827"},"modified":"2025-06-08T19:08:12","modified_gmt":"2025-06-08T23:08:12","slug":"portugal-destrona-a-espana-en-la-liga-de-naciones-dw-09-06-2025","status":"publish","type":"post","link":"https:\/\/noticiasveraces.com\/?p=30827","title":{"rendered":"Portugal destrona a Espa\u00f1a en la Liga de Naciones \u2013 DW \u2013 09\/06\/2025"},"content":{"rendered":"<p> \n<\/p>\n<div>\n<p>Portugal destron\u00f3 a la defensora del t\u00edtulo Espa\u00f1a en la Liga de Naciones europea al imponerse en la tanda de penales (5-3 tras empate 2-2) de un emocionante y tenso derbi ib\u00e9rico, este domingo (08.06.2025) en la final de M\u00fanich.<\/p>\n<p>Un fallo de \u00c1lvaro Morata en el cuarto lanzamiento de la tanda, que adivin\u00f3 el arquero Diogo Costa, termin\u00f3 dando el trofeo a la Sele\u00e7ao, donde Ruben Neves anot\u00f3 a continuaci\u00f3n el definitivo.<\/p>\n<p>Mart\u00edn Zubimendi (minuto 21) y Mikel Oyarzabal (45), dos jugadores vascos de la Real Sociedad, hab\u00edan adelantado dos veces a Espa\u00f1a, pero Portugal consigui\u00f3 nivelar en ambos casos, con tantos de Nuno Mendes (26) y Cristiano Ronaldo (61).<\/p>\n<p>Ese \u00faltimo fue sustituido, aparentemente por un problema f\u00edsico, en el 87, pero a sus 40 a\u00f1os pudo tener con su gol un papel activo en la conquista del que es su tercer t\u00edtulo con la selecci\u00f3n absoluta portuguesa, despu\u00e9s de la Eurocopa-2016 y la Liga de Naciones de 2019.<\/p>\n<p>En el palmar\u00e9s de esta joven competici\u00f3n UEFA, Portugal queda en solitario en cabeza con sus dos t\u00edtulos, por delante de Francia (2021) y Espa\u00f1a (2023), con uno cada una.<\/p>\n<p>Para los espa\u00f1oles es su segundo rev\u00e9s en tres finales en esta competici\u00f3n, ya que perdieron la de 2021 ante la Francia de Kylian Mbapp\u00e9, antes de sacarse la espina dos a\u00f1os despu\u00e9s contra Croacia.<\/p>\n<p>Pero sobre todo corta la euforia del equipo y le deja sin una triple corona en otros tantos a\u00f1os, despu\u00e9s de haber levantado la Nations en 2023 y, sobre todo, la Eurocopa el a\u00f1o pasado.<\/p>\n<p>Mg (AFP, Efe)<\/p>\n<\/p>\n<\/div>\n\n","protected":false},"excerpt":{"rendered":"<p>Portugal destron\u00f3 a la defensora del t\u00edtulo Espa\u00f1a en la Liga de Naciones europea al imponerse en la tanda de penales (5-3 tras empate 2-2) de un emocionante y tenso derbi ib\u00e9rico, este domingo (08.06.2025) en la final de M\u00fanich. Un fallo de \u00c1lvaro Morata en el cuarto lanzamiento de la tanda, que adivin\u00f3 el &hellip;<\/p>\n","protected":false},"author":1,"featured_media":30828,"comment_status":"open","ping_status":"open","sticky":false,"template":"","format":"standard","meta":{"fifu_image_url":"https:\/\/static.dw.com\/image\/72838818_6.jpg","fifu_image_alt":"","footnotes":""},"categories":[13],"tags":[],"class_list":["post-30827","post","type-post","status-publish","format-standard","has-post-thumbnail","","category-mundo"],"_links":{"self":[{"href":"https:\/\/noticiasveraces.com\/index.php?rest_route=\/wp\/v2\/posts\/30827","targetHints":{"allow":["GET"]}}],"collection":[{"href":"https:\/\/noticiasveraces.com\/index.php?rest_route=\/wp\/v2\/posts"}],"about":[{"href":"https:\/\/noticiasveraces.com\/index.php?rest_route=\/wp\/v2\/types\/post"}],"author":[{"embeddable":true,"href":"https:\/\/noticiasveraces.com\/index.php?rest_route=\/wp\/v2\/users\/1"}],"replies":[{"embeddable":true,"href":"https:\/\/noticiasveraces.com\/index.php?rest_route=%2Fwp%2Fv2%2Fcomments&post=30827"}],"version-history":[{"count":0,"href":"https:\/\/noticiasveraces.com\/index.php?rest_route=\/wp\/v2\/posts\/30827\/revisions"}],"wp:featuredmedia":[{"embeddable":true,"href":"https:\/\/noticiasveraces.com\/index.php?rest_route=\/wp\/v2\/media\/30828"}],"wp:attachment":[{"href":"https:\/\/noticiasveraces.com\/index.php?rest_route=%2Fwp%2Fv2%2Fmedia&parent=30827"}],"wp:term":[{"taxonomy":"category","embeddable":true,"href":"https:\/\/noticiasveraces.com\/index.php?rest_route=%2Fwp%2Fv2%2Fcategories&post=30827"},{"taxonomy":"post_tag","embeddable":true,"href":"https:\/\/noticiasveraces.com\/index.php?rest_route=%2Fwp%2Fv2%2Ftags&post=30827"}],"curies":[{"name":"wp","href":"https:\/\/api.w.org\/{rel}","templated":true}]}}