{"id":30821,"date":"2025-06-08T18:18:28","date_gmt":"2025-06-08T22:18:28","guid":{"rendered":"https:\/\/noticiasveraces.com\/?p=30821"},"modified":"2025-06-08T18:18:28","modified_gmt":"2025-06-08T22:18:28","slug":"la-mujer-asesinada-en-marbella-por-su-pareja-tenia-un-hijo-mayor-de-edad-sociedad","status":"publish","type":"post","link":"https:\/\/noticiasveraces.com\/?p=30821","title":{"rendered":"La mujer asesinada en Marbella por su pareja ten\u00eda un hijo mayor de edad | Sociedad"},"content":{"rendered":"<p> \n<br \/><img decoding=\"async\" src=\"https:\/\/imagenes.elpais.com\/resizer\/v2\/NOZ3MNGPGVE7TJ2I5LETNFHZ4I.jpg?auth=c204dfaad5e74eb64346dd574ddc967da19cc16218ab8b81cb334730261b180b\" \/><\/p>\n<div data-dtm-region=\"articulo_cuerpo\">\n<p class=\"\">La Polic\u00eda Nacional ha detenido en Marbella a un hombre de 47 a\u00f1os como presunto autor del asesinato de su pareja, una mujer de 53 a\u00f1os. El cad\u00e1ver fue encontrado la ma\u00f1ana de este s\u00e1bado pasado en un descampado de la localidad malague\u00f1a y poco despu\u00e9s del hallazgo varios agentes arrestaban al presunto autor del crimen a unos cuantos metros de la comisar\u00eda de la ciudad, hacia donde iba para entregarse, seg\u00fan han explicado fuentes cercanas a la investigaci\u00f3n. Seg\u00fan fuentes del Gobierno, ni la v\u00edctima ni el agresor se encontraban en el Sistema VioG\u00e9n (el de seguimiento integral en casos de violencia de g\u00e9nero) y no constaban denuncias previas, algo que sucede en casi dos de cada tres de estos asesinatos, sobre todo, por el miedo de las mujeres a sus agresores, por el miedo que sienten por sus hijos o hijas o a no ser cre\u00eddas. De las v\u00edctimas que se registran desde 2003, en 284 casos s\u00ed exist\u00eda denuncia, en 201 no consta y no las hab\u00eda en 821. <\/p>\n<p class=\"\">La alerta la dieron unos operarios de una gasolinera ubicada en la zona este de la ciudad de Marbella, quienes encontraron a primera hora de la ma\u00f1ana el cuerpo sin vida de la mujer. Estaba en un descampado en la calle V\u00e9lez, muy cerca de la estaci\u00f3n de servicio. Dieron el aviso a los servicios de emergencias y hasta el lugar se acercaron, adem\u00e1s de una ambulancia, varios agentes de la Polic\u00eda Nacional. Los agentes comprobaron que el cad\u00e1ver ten\u00eda signos de violencia y tras identificar a la v\u00edctima, de nacionalidad espa\u00f1ola, abrieron una investigaci\u00f3n para tratar de esclarecer lo ocurrido, y un equipo de la polic\u00eda cient\u00edfica acudi\u00f3 para recabar pruebas. <\/p>\n<p class=\"\">Las primeras averiguaciones indicaron que su pareja actual era un hombre de 47 a\u00f1os y nacionalidad b\u00falgara al que consideraron como principal sospechoso. Fue poco despu\u00e9s de las doce del mediod\u00eda cuando los agentes lo arrestaron en las inmediaciones de la comisar\u00eda de la Polic\u00eda Nacional en Marbella. Fuentes del caso explican que cuando los investigadores sal\u00edan en su busca se lo encontraron cerca ya de las instalaciones policiales, a donde hab\u00eda acudido a entregarse. <\/p>\n<p class=\"\">Tras ser identificado, fue arrestado como presunto autor del asesinato de su pareja. Fuentes del caso han subrayado que no est\u00e1 previsto que pase hoy a disposici\u00f3n judicial y no han aclarado si ha confesado o no los hechos. Ella ten\u00eda un hijo mayor de edad fruto de otra relaci\u00f3n anterior que ahora queda hu\u00e9rfano de madre aunque no entre a formar parte de la estad\u00edstica oficial ya que, hasta ahora, el conteo solo recoge menores de edad.<\/p>\n<p class=\"\">El cuerpo de la mujer fue trasladado al Instituto de Medicina Legal (IML) de M\u00e1laga, donde se le va a practicar la autopsia. A la espera de los resultados, el caso se investiga como violencia machista y la Delegaci\u00f3n del Gobierno contra la Violencia de G\u00e9nero inform\u00f3 que ya estaba recopilando informaci\u00f3n este s\u00e1bado por la noche. \u201cEstamos recabando datos\u201d, informaban en la tarde del s\u00e1bado en la red social X. <\/p>\n<p class=\"\">Cuando se confirme de manera oficial como crimen machista, esta mujer ser\u00e1 la segunda v\u00edctima en lo que va de a\u00f1o en la provincia de M\u00e1laga, despu\u00e9s del asesinato de Catalina, con tres hijos menores, el pasado febrero en Benalm\u00e1dena, solo d\u00edas despu\u00e9s de que ella hubiera denunciado a su agresor y de que una jueza denegase la petici\u00f3n de medidas alejamiento que ella solicit\u00f3. Desde que comenz\u00f3 este a\u00f1o, el n\u00famero de mujeres asesinadas por violencia de g\u00e9nero en casos ya confirmados asciende a 12; y son 1.306 desde 2003, cuando comenz\u00f3 la estad\u00edstica oficial.<\/p>\n<p class=\"\"><i>El tel\u00e9fono 016 atiende a las v\u00edctimas de violencia machista, a sus familias y a su entorno las 24 horas del d\u00eda, todos los d\u00edas del a\u00f1o, en 53 idiomas diferentes. El n\u00famero no queda registrado en la factura telef\u00f3nica, pero hay que borrar la llamada del dispositivo. Tambi\u00e9n se puede contactar a trav\u00e9s del correo electr\u00f3nico <\/i><i>016-online@igualdad.gob.es<\/i><i>  y por WhatsApp en el n\u00famero 600 000 016. Los menores pueden dirigirse al tel\u00e9fono de la Fundaci\u00f3n ANAR 900 20 20 10. Si es una situaci\u00f3n de emergencia, se puede llamar al 112 o a los tel\u00e9fonos de la Polic\u00eda Nacional (091) y de la Guardia Civil (062). Y en caso de no poder llamar, se puede recurrir a la aplicaci\u00f3n ALERTCOPS, desde la que se env\u00eda una se\u00f1al de alerta a la Polic\u00eda con geolocalizaci\u00f3n.<\/i><\/p>\n<\/div>\n\n","protected":false},"excerpt":{"rendered":"<p>La Polic\u00eda Nacional ha detenido en Marbella a un hombre de 47 a\u00f1os como presunto autor del asesinato de su pareja, una mujer de 53 a\u00f1os. El cad\u00e1ver fue encontrado la ma\u00f1ana de este s\u00e1bado pasado en un descampado de la localidad malague\u00f1a y poco despu\u00e9s del hallazgo varios agentes arrestaban al presunto autor del &hellip;<\/p>\n","protected":false},"author":1,"featured_media":30823,"comment_status":"open","ping_status":"open","sticky":false,"template":"","format":"standard","meta":{"fifu_image_url":"https:\/\/imagenes.elpais.com\/resizer\/v2\/NOZ3MNGPGVE7TJ2I5LETNFHZ4I.jpg?auth=c204dfaad5e74eb64346dd574ddc967da19cc16218ab8b81cb334730261b180b&width=1200","fifu_image_alt":"","footnotes":""},"categories":[11],"tags":[],"class_list":["post-30821","post","type-post","status-publish","format-standard","has-post-thumbnail","","category-viaje"],"_links":{"self":[{"href":"https:\/\/noticiasveraces.com\/index.php?rest_route=\/wp\/v2\/posts\/30821","targetHints":{"allow":["GET"]}}],"collection":[{"href":"https:\/\/noticiasveraces.com\/index.php?rest_route=\/wp\/v2\/posts"}],"about":[{"href":"https:\/\/noticiasveraces.com\/index.php?rest_route=\/wp\/v2\/types\/post"}],"author":[{"embeddable":true,"href":"https:\/\/noticiasveraces.com\/index.php?rest_route=\/wp\/v2\/users\/1"}],"replies":[{"embeddable":true,"href":"https:\/\/noticiasveraces.com\/index.php?rest_route=%2Fwp%2Fv2%2Fcomments&post=30821"}],"version-history":[{"count":0,"href":"https:\/\/noticiasveraces.com\/index.php?rest_route=\/wp\/v2\/posts\/30821\/revisions"}],"wp:featuredmedia":[{"embeddable":true,"href":"https:\/\/noticiasveraces.com\/index.php?rest_route=\/wp\/v2\/media\/30823"}],"wp:attachment":[{"href":"https:\/\/noticiasveraces.com\/index.php?rest_route=%2Fwp%2Fv2%2Fmedia&parent=30821"}],"wp:term":[{"taxonomy":"category","embeddable":true,"href":"https:\/\/noticiasveraces.com\/index.php?rest_route=%2Fwp%2Fv2%2Fcategories&post=30821"},{"taxonomy":"post_tag","embeddable":true,"href":"https:\/\/noticiasveraces.com\/index.php?rest_route=%2Fwp%2Fv2%2Ftags&post=30821"}],"curies":[{"name":"wp","href":"https:\/\/api.w.org\/{rel}","templated":true}]}}