{"id":30816,"date":"2025-06-08T17:03:59","date_gmt":"2025-06-08T21:03:59","guid":{"rendered":"https:\/\/noticiasveraces.com\/?p=30816"},"modified":"2025-06-08T17:03:59","modified_gmt":"2025-06-08T21:03:59","slug":"alcaraz-gana-su-segundo-roland-garros-tras-doblegar-a-sinner-dw-08-06-2025","status":"publish","type":"post","link":"https:\/\/noticiasveraces.com\/?p=30816","title":{"rendered":"Alcaraz gana su segundo Roland Garros tras doblegar a Sinner \u2013 DW \u2013 08\/06\/2025"},"content":{"rendered":"<p> \n<\/p>\n<div>\n<p>Tras protagonizar la final m\u00e1s larga de la historia de Roland Garros (5 horas y 29 minutos), el espa\u00f1ol Carlos Alcaraz retuvo el t\u00edtulo en Roland Garros ante Jannik Sinner 4-6, 6-7 (4\/7), 6-4, 7-6 (7\/3) y 7-6 (10\/2).<\/p>\n<p>Dos semanas despu\u00e9s del inmenso homenaje a Rafael Nadal que finaliz\u00f3 con el descubrimiento en la tierra batida de una placa que recuerda sus 14 coronas en Par\u00eds, Alcaraz y Sinner le rindieron honores con una de las mejores finales de la historia.<\/p>\n<p>\u00abEs incre\u00edble el nivel que tienes, las dos semanas que has hecho, s\u00e9 lo duro que trabajas y es un privilegio jugar contra ti. Eres una enorme inspiraci\u00f3n para los j\u00f3venes y para m\u00ed\u00bb, dijo Alcaraz a Sinner tras escuchar el himno espa\u00f1ol.<\/p>\n<p>\u00abEs m\u00e1s f\u00e1cil jugar que hablar ahora mismo\u00bb, dijo un devastado Sinner. \u00abIntentamos dar lo mejor hoy, dimos todo lo que ten\u00edamos. No dormir\u00e9 demasiado bien hoy, pero est\u00e1 bien\u00bb.<\/p>\n<p>Alcaraz, de 22 a\u00f1os, retiene el t\u00edtulo en Roland Garros y alcanza los cinco Grand Slam en cinco finales disputadas, mientras que Sinner, de 23, pierde la primera tras haber ganado sus tres anteriores (Australia 2024 y 2025 y el US Open 2024).<\/p>\n<p>RR AFP\/Reuters<\/p>\n<\/div>\n\n","protected":false},"excerpt":{"rendered":"<p>Tras protagonizar la final m\u00e1s larga de la historia de Roland Garros (5 horas y 29 minutos), el espa\u00f1ol Carlos Alcaraz retuvo el t\u00edtulo en Roland Garros ante Jannik Sinner 4-6, 6-7 (4\/7), 6-4, 7-6 (7\/3) y 7-6 (10\/2). Dos semanas despu\u00e9s del inmenso homenaje a Rafael Nadal que finaliz\u00f3 con el descubrimiento en la &hellip;<\/p>\n","protected":false},"author":1,"featured_media":30817,"comment_status":"open","ping_status":"open","sticky":false,"template":"","format":"standard","meta":{"fifu_image_url":"https:\/\/static.dw.com\/image\/72838519_6.jpg","fifu_image_alt":"","footnotes":""},"categories":[13],"tags":[],"class_list":["post-30816","post","type-post","status-publish","format-standard","has-post-thumbnail","","category-mundo"],"_links":{"self":[{"href":"https:\/\/noticiasveraces.com\/index.php?rest_route=\/wp\/v2\/posts\/30816","targetHints":{"allow":["GET"]}}],"collection":[{"href":"https:\/\/noticiasveraces.com\/index.php?rest_route=\/wp\/v2\/posts"}],"about":[{"href":"https:\/\/noticiasveraces.com\/index.php?rest_route=\/wp\/v2\/types\/post"}],"author":[{"embeddable":true,"href":"https:\/\/noticiasveraces.com\/index.php?rest_route=\/wp\/v2\/users\/1"}],"replies":[{"embeddable":true,"href":"https:\/\/noticiasveraces.com\/index.php?rest_route=%2Fwp%2Fv2%2Fcomments&post=30816"}],"version-history":[{"count":0,"href":"https:\/\/noticiasveraces.com\/index.php?rest_route=\/wp\/v2\/posts\/30816\/revisions"}],"wp:featuredmedia":[{"embeddable":true,"href":"https:\/\/noticiasveraces.com\/index.php?rest_route=\/wp\/v2\/media\/30817"}],"wp:attachment":[{"href":"https:\/\/noticiasveraces.com\/index.php?rest_route=%2Fwp%2Fv2%2Fmedia&parent=30816"}],"wp:term":[{"taxonomy":"category","embeddable":true,"href":"https:\/\/noticiasveraces.com\/index.php?rest_route=%2Fwp%2Fv2%2Fcategories&post=30816"},{"taxonomy":"post_tag","embeddable":true,"href":"https:\/\/noticiasveraces.com\/index.php?rest_route=%2Fwp%2Fv2%2Ftags&post=30816"}],"curies":[{"name":"wp","href":"https:\/\/api.w.org\/{rel}","templated":true}]}}