{"id":30813,"date":"2025-06-08T16:02:13","date_gmt":"2025-06-08T20:02:13","guid":{"rendered":"https:\/\/noticiasveraces.com\/?p=30813"},"modified":"2025-06-08T16:02:13","modified_gmt":"2025-06-08T20:02:13","slug":"fuerte-sismo-de-magnitud-65-sacudio-colombia-este-domingo","status":"publish","type":"post","link":"https:\/\/noticiasveraces.com\/?p=30813","title":{"rendered":"Fuerte sismo de magnitud 6,5 sacudi\u00f3 Colombia este domingo"},"content":{"rendered":"<p> \n<br \/><img decoding=\"async\" src=\"https:\/\/s.france24.com\/media\/display\/9483b8fa-446c-11f0-8496-005056a97e36\/w:1024\/p:16x9\/Captura%20de%20pantalla%202025-06-08%20a%20las%202.27.09%E2%80%AFp.%E2%80%AFm..png\" \/><br \/>Un fuerte sismo de magnitud 6,5, seg\u00fan el bolet\u00edn n\u00famero uno del Servicio Geol\u00f3gico Colombiano, se sinti\u00f3 en la ma\u00f1ana de este domingo en varias regiones de Colombia, sin reportes preliminares de v\u00edctimas o da\u00f1os.\u00a0<br \/>\n<br \/>\n","protected":false},"excerpt":{"rendered":"<p>Un fuerte sismo de magnitud 6,5, seg\u00fan el bolet\u00edn n\u00famero uno del Servicio Geol\u00f3gico Colombiano, se sinti\u00f3 en la ma\u00f1ana de este domingo en varias regiones de Colombia, sin reportes preliminares de v\u00edctimas o da\u00f1os.\u00a0<\/p>\n","protected":false},"author":1,"featured_media":30815,"comment_status":"open","ping_status":"open","sticky":false,"template":"","format":"standard","meta":{"fifu_image_url":"https:\/\/s.france24.com\/media\/display\/9483b8fa-446c-11f0-8496-005056a97e36\/w:1024\/p:16x9\/Captura%20de%20pantalla%202025-06-08%20a%20las%202.27.09%E2%80%AFp.%E2%80%AFm..png","fifu_image_alt":"","footnotes":""},"categories":[13],"tags":[],"class_list":["post-30813","post","type-post","status-publish","format-standard","has-post-thumbnail","","category-mundo"],"_links":{"self":[{"href":"https:\/\/noticiasveraces.com\/index.php?rest_route=\/wp\/v2\/posts\/30813","targetHints":{"allow":["GET"]}}],"collection":[{"href":"https:\/\/noticiasveraces.com\/index.php?rest_route=\/wp\/v2\/posts"}],"about":[{"href":"https:\/\/noticiasveraces.com\/index.php?rest_route=\/wp\/v2\/types\/post"}],"author":[{"embeddable":true,"href":"https:\/\/noticiasveraces.com\/index.php?rest_route=\/wp\/v2\/users\/1"}],"replies":[{"embeddable":true,"href":"https:\/\/noticiasveraces.com\/index.php?rest_route=%2Fwp%2Fv2%2Fcomments&post=30813"}],"version-history":[{"count":0,"href":"https:\/\/noticiasveraces.com\/index.php?rest_route=\/wp\/v2\/posts\/30813\/revisions"}],"wp:featuredmedia":[{"embeddable":true,"href":"https:\/\/noticiasveraces.com\/index.php?rest_route=\/wp\/v2\/media\/30815"}],"wp:attachment":[{"href":"https:\/\/noticiasveraces.com\/index.php?rest_route=%2Fwp%2Fv2%2Fmedia&parent=30813"}],"wp:term":[{"taxonomy":"category","embeddable":true,"href":"https:\/\/noticiasveraces.com\/index.php?rest_route=%2Fwp%2Fv2%2Fcategories&post=30813"},{"taxonomy":"post_tag","embeddable":true,"href":"https:\/\/noticiasveraces.com\/index.php?rest_route=%2Fwp%2Fv2%2Ftags&post=30813"}],"curies":[{"name":"wp","href":"https:\/\/api.w.org\/{rel}","templated":true}]}}