{"id":30799,"date":"2025-06-08T12:59:32","date_gmt":"2025-06-08T16:59:32","guid":{"rendered":"https:\/\/noticiasveraces.com\/?p=30799"},"modified":"2025-06-08T12:59:32","modified_gmt":"2025-06-08T16:59:32","slug":"manifestacion-en-madrid-contra-el-gobierno-de-pedro-sanchez-dw-08-06-2025","status":"publish","type":"post","link":"https:\/\/noticiasveraces.com\/?p=30799","title":{"rendered":"Manifestaci\u00f3n en Madrid contra el gobierno de Pedro S\u00e1nchez \u2013 DW \u2013 08\/06\/2025"},"content":{"rendered":"<p> \n<\/p>\n<div>\n<p>El l\u00edder del Partido Popular (PP), Alberto N\u00fa\u00f1ez Feij\u00f3o, ha exigido este domingo (08.06.2025) al presidente del Gobierno de Espa\u00f1a, Pedro S\u00e1nchez, que se \u00abrinda\u00bb ante la democracia y convoque ya elecciones, ante una multitud congregada por su partido en la madrile\u00f1a plaza de Espa\u00f1a a la que ha transmitido su convencimiento de que est\u00e1 preparado para relevarle.<\/p>\n<p>El PP convoc\u00f3 la manifestaci\u00f3n despu\u00e9s de que se filtraran grabaciones de audio que supuestamente mostraban a Leire D\u00edez, miembro del Partido Socialista, llevando a cabo una campa\u00f1a de desprestigio contra una unidad policial que investigaba las acusaciones de corrupci\u00f3n contra la esposa, el hermano, que ser\u00e1 juzgado por tr\u00e1fico de influencias, y la ex mano derecha de S\u00e1nchez.<\/p>\n<blockquote class=\"tweet embed\" data-id=\"1931674302308315236\"\/>\n<p>\u00abR\u00edndase a la democracia. Convoque elecciones, las queremos ya porque nadie le vot\u00f3 para esto\u00bb, ha clamado Feij\u00f3o en un encendido discurso en el que se ha mostrado dispuesto a \u00abliderar la revoluci\u00f3n de la decencia y la libertad\u00bb y en el que ha sido aclamado como \u00abpresidente, presidente\u00bb, entre gritos de \u00abS\u00e1nchez dimisi\u00f3n\u00bb.<\/p>\n<h2>Entre 100.000 y 50.000 personas<\/h2>\n<p>El PP calcula que a la concentraci\u00f3n han acudido m\u00e1s de 100.000 personas a la convocatoria en la Plaza de Espa\u00f1a, ocupando tambi\u00e9n calles aleda\u00f1as, pero la Delegaci\u00f3n del Gobierno rebaja la cifra a entre 45.000 y 50.000 asistentes. Acompa\u00f1ado por el alcalde de la ciudad, Jos\u00e9 Luis Mart\u00ednez-Almeida, y la presidenta de la comunidad, Isabel D\u00edaz Ayuso, el l\u00edder del PP ha agradecido su presencia especialmente a quienes hab\u00edan acudido sin tener \u00abadscripci\u00f3n pol\u00edtica\u00bb a su partido.<\/p>\n<p>El ministro para la Transformaci\u00f3n Digital y de la Funci\u00f3n P\u00fablica, \u00d3scar L\u00f3pez, ha asegurado que el PP ha llenado la Plaza de Espa\u00f1a \u00abde odio e insultos pero no de gente\u00bb. El tambi\u00e9n l\u00edder de los socialistas madrile\u00f1os se ha referido a la manifestaci\u00f3n en el homenaje al pol\u00edtico Pedro Zerolo<svg xmlns=\"http:\/\/www.w3.org\/2000\/svg\" width=\"20\" height=\"20\" viewbox=\"0 0 20 20\"><path d=\"M11.5 3.5 11.5 4.233C14.342 4.233 15.167 4.245 15.167 4.258L8.984 10.467 10.033 11.516C14.826 6.725 16.228 5.333 16.242 5.333L16.267 9 17.733 9 17.733 2.767 11.5 2.767 11.5 3.5M2.267 11 2.267 17.233 16.733 17.233 16.733 12 15.267 12 15.25 15.75 9.5 15.75 3.75 15.75 3.75 6.25 9.5 6.233 9.5 4.767 2.267 4.767 2.267 11 \"\/><\/svg>fallecido hace diez a\u00f1os, desde la plaza que lleva su nombre.<\/p>\n<p>LGC (EFE, AFP)<\/p>\n<figure class=\"placeholder-image master_landscape big\"><img data-format=\"MASTER_LANDSCAPE\" data-id=\"72835765\" data-url=\"https:\/\/static.dw.com\/image\/72835765_${formatId}.jpg\" data-aspect-ratio=\"16\/9\" alt=\"Asistentes a la concentraci\u00f3n ondean banderas de Espa\u00f1a.\" style=\"padding-bottom: 56.25%; height: 0; max-height: 0;\"\/><figcaption class=\"img-caption\">Asistentes a la concentraci\u00f3n ondean banderas de Espa\u00f1a.<small class=\"copyright\">Imagen: Thomas Coex\/AFP<\/small><\/figcaption><\/figure>\n<\/div>\n\n","protected":false},"excerpt":{"rendered":"<p>El l\u00edder del Partido Popular (PP), Alberto N\u00fa\u00f1ez Feij\u00f3o, ha exigido este domingo (08.06.2025) al presidente del Gobierno de Espa\u00f1a, Pedro S\u00e1nchez, que se \u00abrinda\u00bb ante la democracia y convoque ya elecciones, ante una multitud congregada por su partido en la madrile\u00f1a plaza de Espa\u00f1a a la que ha transmitido su convencimiento de que est\u00e1 &hellip;<\/p>\n","protected":false},"author":1,"featured_media":30800,"comment_status":"open","ping_status":"open","sticky":false,"template":"","format":"standard","meta":{"fifu_image_url":"https:\/\/static.dw.com\/image\/72835712_6.jpg","fifu_image_alt":"","footnotes":""},"categories":[13],"tags":[],"class_list":["post-30799","post","type-post","status-publish","format-standard","has-post-thumbnail","","category-mundo"],"_links":{"self":[{"href":"https:\/\/noticiasveraces.com\/index.php?rest_route=\/wp\/v2\/posts\/30799","targetHints":{"allow":["GET"]}}],"collection":[{"href":"https:\/\/noticiasveraces.com\/index.php?rest_route=\/wp\/v2\/posts"}],"about":[{"href":"https:\/\/noticiasveraces.com\/index.php?rest_route=\/wp\/v2\/types\/post"}],"author":[{"embeddable":true,"href":"https:\/\/noticiasveraces.com\/index.php?rest_route=\/wp\/v2\/users\/1"}],"replies":[{"embeddable":true,"href":"https:\/\/noticiasveraces.com\/index.php?rest_route=%2Fwp%2Fv2%2Fcomments&post=30799"}],"version-history":[{"count":0,"href":"https:\/\/noticiasveraces.com\/index.php?rest_route=\/wp\/v2\/posts\/30799\/revisions"}],"wp:featuredmedia":[{"embeddable":true,"href":"https:\/\/noticiasveraces.com\/index.php?rest_route=\/wp\/v2\/media\/30800"}],"wp:attachment":[{"href":"https:\/\/noticiasveraces.com\/index.php?rest_route=%2Fwp%2Fv2%2Fmedia&parent=30799"}],"wp:term":[{"taxonomy":"category","embeddable":true,"href":"https:\/\/noticiasveraces.com\/index.php?rest_route=%2Fwp%2Fv2%2Fcategories&post=30799"},{"taxonomy":"post_tag","embeddable":true,"href":"https:\/\/noticiasveraces.com\/index.php?rest_route=%2Fwp%2Fv2%2Ftags&post=30799"}],"curies":[{"name":"wp","href":"https:\/\/api.w.org\/{rel}","templated":true}]}}