{"id":30793,"date":"2025-06-08T11:57:33","date_gmt":"2025-06-08T15:57:33","guid":{"rendered":"https:\/\/noticiasveraces.com\/?p=30793"},"modified":"2025-06-08T11:57:33","modified_gmt":"2025-06-08T15:57:33","slug":"marc-marquez-gana-el-gp-de-aragon-de-motogp-dw-08-06-2025","status":"publish","type":"post","link":"https:\/\/noticiasveraces.com\/?p=30793","title":{"rendered":"Marc M\u00e1rquez gana el GP de Arag\u00f3n de MotoGP \u2013 DW \u2013 08\/06\/2025"},"content":{"rendered":"<p> \n<\/p>\n<div>\n<p>El espa\u00f1ol Marc M\u00e1rquez (Ducati) se adjudic\u00f3 la victoria del Gran Premio de Gran Arag\u00f3n de MotoGP, octava de las 22 pruebas puntuables del mundial de motociclismo, que se disput\u00f3 este domingo (08.06.2025) en el circuito Motorland de Alca\u00f1iz (noreste de Espa\u00f1a). Acab\u00f3 por delante de su hermano \u00c1lex (Ducati-Gresini) y del italiano Francesco Bagnaia (Ducati), ampliando su ventaja al frente de la clasificaci\u00f3n del campeonato, a 32 puntos sobre \u00c1lex y 93 unidades sobre &#8216;Pecco&#8217;.<\/p>\n<p>El seis veces campe\u00f3n del mundo de la categor\u00eda reina, que part\u00eda desde la &#8216;pole position&#8217;, lider\u00f3 la carrera de principio a fin. Para delirio de sus decenas de miles de aficionados vestidos de rojo congregados en Alca\u00f1iz, el catal\u00e1n logr\u00f3 su 66\u00aa victoria en la categor\u00eda reina, la s\u00e9ptima en once GP en el circuito de Arag\u00f3n, donde realmente se siente como en casa. M\u00e1rquez suma as\u00ed su cuarta victoria de la temporada, tras las conseguidas en Tailandia, Argentina y Catar, la \u00faltima vez que se subi\u00f3 a lo m\u00e1s alto del podio, en la cuarta prueba de la temporada.<\/p>\n<p>El turco Deniz \u00d6nc\u00fc y el espa\u00f1ol David Mu\u00f1oz lograron el primer triunfo en sus respectivas categor\u00edas. \u00d6nc\u00fc (Kalex) consigui\u00f3 por escasamente tres mil\u00e9simas de segundo sobre el brasile\u00f1o Diogo Moreira (Kalex), vencer en Moto2, a pesar de que inicialmente fue \u00e9ste quien se puso l\u00edder desde la &#8216;pole position&#8217;. Mu\u00f1oz (KTM) sum\u00f3 su primera victoria en el campeonato del mundo de motociclismo al vencer por apenas 50 mil\u00e9simas de segundo a su compatriota y debutante en el campeonato, M\u00e1ximo Quiles (KTM).<\/p>\n<p>LGC (AFP, EFE)<\/p>\n<\/div>\n\n","protected":false},"excerpt":{"rendered":"<p>El espa\u00f1ol Marc M\u00e1rquez (Ducati) se adjudic\u00f3 la victoria del Gran Premio de Gran Arag\u00f3n de MotoGP, octava de las 22 pruebas puntuables del mundial de motociclismo, que se disput\u00f3 este domingo (08.06.2025) en el circuito Motorland de Alca\u00f1iz (noreste de Espa\u00f1a). Acab\u00f3 por delante de su hermano \u00c1lex (Ducati-Gresini) y del italiano Francesco Bagnaia &hellip;<\/p>\n","protected":false},"author":1,"featured_media":30794,"comment_status":"open","ping_status":"open","sticky":false,"template":"","format":"standard","meta":{"fifu_image_url":"https:\/\/static.dw.com\/image\/72836519_6.jpg","fifu_image_alt":"","footnotes":""},"categories":[13],"tags":[],"class_list":["post-30793","post","type-post","status-publish","format-standard","has-post-thumbnail","","category-mundo"],"_links":{"self":[{"href":"https:\/\/noticiasveraces.com\/index.php?rest_route=\/wp\/v2\/posts\/30793","targetHints":{"allow":["GET"]}}],"collection":[{"href":"https:\/\/noticiasveraces.com\/index.php?rest_route=\/wp\/v2\/posts"}],"about":[{"href":"https:\/\/noticiasveraces.com\/index.php?rest_route=\/wp\/v2\/types\/post"}],"author":[{"embeddable":true,"href":"https:\/\/noticiasveraces.com\/index.php?rest_route=\/wp\/v2\/users\/1"}],"replies":[{"embeddable":true,"href":"https:\/\/noticiasveraces.com\/index.php?rest_route=%2Fwp%2Fv2%2Fcomments&post=30793"}],"version-history":[{"count":0,"href":"https:\/\/noticiasveraces.com\/index.php?rest_route=\/wp\/v2\/posts\/30793\/revisions"}],"wp:featuredmedia":[{"embeddable":true,"href":"https:\/\/noticiasveraces.com\/index.php?rest_route=\/wp\/v2\/media\/30794"}],"wp:attachment":[{"href":"https:\/\/noticiasveraces.com\/index.php?rest_route=%2Fwp%2Fv2%2Fmedia&parent=30793"}],"wp:term":[{"taxonomy":"category","embeddable":true,"href":"https:\/\/noticiasveraces.com\/index.php?rest_route=%2Fwp%2Fv2%2Fcategories&post=30793"},{"taxonomy":"post_tag","embeddable":true,"href":"https:\/\/noticiasveraces.com\/index.php?rest_route=%2Fwp%2Fv2%2Ftags&post=30793"}],"curies":[{"name":"wp","href":"https:\/\/api.w.org\/{rel}","templated":true}]}}