{"id":30779,"date":"2025-06-08T10:50:56","date_gmt":"2025-06-08T14:50:56","guid":{"rendered":"https:\/\/noticiasveraces.com\/?p=30779"},"modified":"2025-06-08T10:50:56","modified_gmt":"2025-06-08T14:50:56","slug":"la-busqueda-de-madeleine-mccann-probablemente-provocada-por-el-consejo-interno-dice-expert","status":"publish","type":"post","link":"https:\/\/noticiasveraces.com\/?p=30779","title":{"rendered":"La b\u00fasqueda de Madeleine McCann probablemente provocada por el consejo interno, dice Expert."},"content":{"rendered":"<p> \n<\/p>\n<div>\n<div id=\"beyondwords-wrapper\" class=\"beyondwords-wrapper\">\n<p><span class=\"label-bg\">NUEVO<\/span>\u00a1Ahora puedes escuchar art\u00edculos de Fox News!\n  <\/p>\n<\/div>\n<p class=\"speakable\">Una b\u00fasqueda renovada de Madeleine McCann, una ni\u00f1a inglesa que desapareci\u00f3 de unas vacaciones familiares a Portugal el 3 de mayo de 2007, probablemente proven\u00eda de un consejo interno de confianza, seg\u00fan el fundador de Gray Bull Rescue Bryan Stern.<\/p>\n<p class=\"speakable\">Madeleine fue secuestrada del apartamento en la planta baja de la familia en Praia da Luz, una ciudad costera del sur de la portuguesa, cuando ten\u00eda 3 a\u00f1os.<\/p>\n<p>La polic\u00eda portuguesa y alemana comenzaron una nueva b\u00fasqueda esta semana en Praia da Luz que concluy\u00f3 el jueves, y las autoridades a\u00fan no han dicho si descubrieron alguna evidencia que puede ser significativa para el caso de las personas desaparecidas, seg\u00fan Reuters.<\/p>\n<p><strong>Los padres de extra\u00f1os de Madeleine McCann dicen que la investigaci\u00f3n sobre el secuestro de Notdler &#8216;eventualmente producir\u00e1 resultados&#8217;<\/strong><\/p>\n<p>\u00abLos cinco W est\u00e1n sin respuesta en este momento: \u00bfa qui\u00e9n lo hizo? \u00bfC\u00f3mo sucedi\u00f3? \u00bfCu\u00e1ndo sucedi\u00f3? \u00bfD\u00f3nde sucedi\u00f3, ya sabes?\u00bb Stern, un veterano de combate de m\u00faltiples tour del Ej\u00e9rcito y la Marina de los EE. UU. Que ahora rescata a las personas para ganarse la vida, dijo a Fox News Digital. <\/p>\n<p>\u00abEs por eso que estas situaciones son tan frustrantes &#8230; porque hay muchas m\u00e1s preguntas que respuestas. Lo \u00fanico que cualquiera sabe con certeza es que hay una ni\u00f1a que sol\u00eda caminar por las calles; ahora no lo es\u00bb.<\/p>\n<div class=\"image-ct inline\">\n<div class=\"m\"><picture><source media=\"(max-width: 767px)\" srcset=\"https:\/\/a57.foxnews.com\/static.foxnews.com\/foxnews.com\/content\/uploads\/2018\/09\/343\/192\/7a2861de-madeleine-mccann.jpg?ve=1&amp;tl=1, https:\/\/a57.foxnews.com\/static.foxnews.com\/foxnews.com\/content\/uploads\/2018\/09\/686\/384\/7a2861de-madeleine-mccann.jpg?ve=1&amp;tl=1 2x\" height=\"192\" width=\"343\"><source media=\"(min-width: 768px) and (max-width: 1023px)\" srcset=\"https:\/\/a57.foxnews.com\/static.foxnews.com\/foxnews.com\/content\/uploads\/2018\/09\/672\/378\/7a2861de-madeleine-mccann.jpg?ve=1&amp;tl=1, https:\/\/a57.foxnews.com\/static.foxnews.com\/foxnews.com\/content\/uploads\/2018\/09\/1344\/756\/7a2861de-madeleine-mccann.jpg?ve=1&amp;tl=1 2x\" height=\"378\" width=\"672\"><source media=\"(min-width: 1024px) and (max-width: 1279px)\" srcset=\"https:\/\/a57.foxnews.com\/static.foxnews.com\/foxnews.com\/content\/uploads\/2018\/09\/931\/523\/7a2861de-madeleine-mccann.jpg?ve=1&amp;tl=1, https:\/\/a57.foxnews.com\/static.foxnews.com\/foxnews.com\/content\/uploads\/2018\/09\/1862\/1046\/7a2861de-madeleine-mccann.jpg?ve=1&amp;tl=1 2x\" height=\"523\" width=\"931\"><source media=\"(min-width: 1280px)\" srcset=\"https:\/\/a57.foxnews.com\/static.foxnews.com\/foxnews.com\/content\/uploads\/2018\/09\/720\/405\/7a2861de-madeleine-mccann.jpg?ve=1&amp;tl=1, https:\/\/a57.foxnews.com\/static.foxnews.com\/foxnews.com\/content\/uploads\/2018\/09\/1440\/810\/7a2861de-madeleine-mccann.jpg?ve=1&amp;tl=1 2x\" height=\"405\" width=\"720\"><img loading=\"lazy\" decoding=\"async\" src=\"https:\/\/a57.foxnews.com\/static.foxnews.com\/foxnews.com\/content\/uploads\/2018\/09\/1200\/675\/7a2861de-madeleine-mccann.jpg?ve=1&amp;tl=1\" alt=\"Madeleine McCann antes de desaparecer\" width=\"1200\" height=\"675\"\/><\/source><\/source><\/source><\/source><\/picture><\/div>\n<div class=\"info\">\n<div class=\"caption\">\n<p><span>Esta foto de archivo sin fecha puesta a disposici\u00f3n de la Polic\u00eda Metropolitana de Londres muestra a la ni\u00f1a brit\u00e1nica desaparecida Madeleine McCann antes de desaparecer de un complejo de vacaciones portugu\u00e9s el 3 de mayo de 2007.<\/span> <span>(AP\/Polic\u00eda Metropolitana de Londres)<\/span><\/p>\n<\/div>\n<\/div>\n<\/div>\n<p>Agreg\u00f3 que las b\u00fasquedas renovadas como esta para Madeleine muestran que las agencias de aplicaci\u00f3n de la ley todav\u00eda est\u00e1n buscando activamente respuestas en un caso sin resolver, y pueden haber recibido una propina de alguien que conoc\u00eda al principal sospechoso en su desaparici\u00f3n o el sospechoso mismo como parte de un acuerdo con los fiscales. <\/p>\n<p><strong><u>El testigo de Madeleine McCann afirma que sospecha en su secuestro confes\u00f3 borracho al crimen<\/u><\/strong><\/p>\n<div class=\"image-ct inline\">\n<div class=\"m\"><picture><source media=\"(max-width: 767px)\" srcset=\"https:\/\/a57.foxnews.com\/static.foxnews.com\/foxnews.com\/content\/uploads\/2025\/06\/343\/192\/gettyimages-2218023624-1.jpg?ve=1&amp;tl=1, https:\/\/a57.foxnews.com\/static.foxnews.com\/foxnews.com\/content\/uploads\/2025\/06\/686\/384\/gettyimages-2218023624-1.jpg?ve=1&amp;tl=1 2x\" height=\"192\" width=\"343\"><source media=\"(min-width: 768px) and (max-width: 1023px)\" srcset=\"https:\/\/a57.foxnews.com\/static.foxnews.com\/foxnews.com\/content\/uploads\/2025\/06\/672\/378\/gettyimages-2218023624-1.jpg?ve=1&amp;tl=1, https:\/\/a57.foxnews.com\/static.foxnews.com\/foxnews.com\/content\/uploads\/2025\/06\/1344\/756\/gettyimages-2218023624-1.jpg?ve=1&amp;tl=1 2x\" height=\"378\" width=\"672\"><source media=\"(min-width: 1024px) and (max-width: 1279px)\" srcset=\"https:\/\/a57.foxnews.com\/static.foxnews.com\/foxnews.com\/content\/uploads\/2025\/06\/931\/523\/gettyimages-2218023624-1.jpg?ve=1&amp;tl=1, https:\/\/a57.foxnews.com\/static.foxnews.com\/foxnews.com\/content\/uploads\/2025\/06\/1862\/1046\/gettyimages-2218023624-1.jpg?ve=1&amp;tl=1 2x\" height=\"523\" width=\"931\"><source media=\"(min-width: 1280px)\" srcset=\"https:\/\/a57.foxnews.com\/static.foxnews.com\/foxnews.com\/content\/uploads\/2025\/06\/720\/405\/gettyimages-2218023624-1.jpg?ve=1&amp;tl=1, https:\/\/a57.foxnews.com\/static.foxnews.com\/foxnews.com\/content\/uploads\/2025\/06\/1440\/810\/gettyimages-2218023624-1.jpg?ve=1&amp;tl=1 2x\" height=\"405\" width=\"720\"><img loading=\"lazy\" decoding=\"async\" src=\"https:\/\/a57.foxnews.com\/static.foxnews.com\/foxnews.com\/content\/uploads\/2025\/06\/1200\/675\/gettyimages-2218023624-1.jpg?ve=1&amp;tl=1\" alt=\"Un equipo de b\u00fasqueda \" width=\"1200\" height=\"675\"\/><\/source><\/source><\/source><\/source><\/picture><\/div>\n<div class=\"info\">\n<div class=\"caption\">\n<p><span>Se realiz\u00f3 una b\u00fasqueda el 5 de junio de 2025 a pedido de la Polic\u00eda Federal alemana de buscar evidencia que pudiera implicar a Christian Brueckner, quien dicen que los fiscales alemanes es el principal sospechoso en la desaparici\u00f3n de Madeleine McCann.<\/span> <span>(Im\u00e1genes de James Manning\/PA)<\/span><\/p>\n<\/div>\n<\/div>\n<\/div>\n<p>En 2020, <u>Autoridades alemanas<\/u> Llamado Christian Brueckner, de 45 a\u00f1os, el principal sospechoso de la desaparici\u00f3n de Madeleine. Ese mismo a\u00f1o, los funcionarios alemanes la declararon muerta.<\/p>\n<p><strong><u>Search de Madeleine McCann en Portugal, elementos recolectados para pruebas: Polic\u00eda<\/u><\/strong><\/p>\n<div class=\"image-ct inline\">\n<div class=\"m\"><picture><source media=\"(max-width: 767px)\" srcset=\"https:\/\/a57.foxnews.com\/static.foxnews.com\/foxnews.com\/content\/uploads\/2025\/06\/343\/192\/gettyimages-2218057954-1.jpg?ve=1&amp;tl=1, https:\/\/a57.foxnews.com\/static.foxnews.com\/foxnews.com\/content\/uploads\/2025\/06\/686\/384\/gettyimages-2218057954-1.jpg?ve=1&amp;tl=1 2x\" height=\"192\" width=\"343\"><source media=\"(min-width: 768px) and (max-width: 1023px)\" srcset=\"https:\/\/a57.foxnews.com\/static.foxnews.com\/foxnews.com\/content\/uploads\/2025\/06\/672\/378\/gettyimages-2218057954-1.jpg?ve=1&amp;tl=1, https:\/\/a57.foxnews.com\/static.foxnews.com\/foxnews.com\/content\/uploads\/2025\/06\/1344\/756\/gettyimages-2218057954-1.jpg?ve=1&amp;tl=1 2x\" height=\"378\" width=\"672\"><source media=\"(min-width: 1024px) and (max-width: 1279px)\" srcset=\"https:\/\/a57.foxnews.com\/static.foxnews.com\/foxnews.com\/content\/uploads\/2025\/06\/931\/523\/gettyimages-2218057954-1.jpg?ve=1&amp;tl=1, https:\/\/a57.foxnews.com\/static.foxnews.com\/foxnews.com\/content\/uploads\/2025\/06\/1862\/1046\/gettyimages-2218057954-1.jpg?ve=1&amp;tl=1 2x\" height=\"523\" width=\"931\"><source media=\"(min-width: 1280px)\" srcset=\"https:\/\/a57.foxnews.com\/static.foxnews.com\/foxnews.com\/content\/uploads\/2025\/06\/720\/405\/gettyimages-2218057954-1.jpg?ve=1&amp;tl=1, https:\/\/a57.foxnews.com\/static.foxnews.com\/foxnews.com\/content\/uploads\/2025\/06\/1440\/810\/gettyimages-2218057954-1.jpg?ve=1&amp;tl=1 2x\" height=\"405\" width=\"720\"><img loading=\"lazy\" decoding=\"async\" src=\"https:\/\/a57.foxnews.com\/static.foxnews.com\/foxnews.com\/content\/uploads\/2025\/06\/1200\/675\/gettyimages-2218057954-1.jpg?ve=1&amp;tl=1\" alt=\"Equipo de b\u00fasqueda cerca de Praia de Luz, Portugal\" width=\"1200\" height=\"675\"\/><\/source><\/source><\/source><\/source><\/picture><\/div>\n<div class=\"info\">\n<div class=\"caption\">\n<p><span>Las autoridades buscan evidencia en la desaparici\u00f3n de Madeleine McCann.<\/span> <span>(Im\u00e1genes de James Manning\/PA)<\/span><\/p>\n<\/div>\n<\/div>\n<\/div>\n<p>Brueckner contin\u00faa negando su participaci\u00f3n en el caso. Brueckner pas\u00f3 muchos a\u00f1os en Portugal, incluso en Praia da Luz, alrededor de la \u00e9poca de la desaparici\u00f3n de Madeleine.<\/p>\n<p><strong><u>Extra\u00f1ando a Madeleine McCann: la corte alemana arroja cargos sexuales contra el sospechoso de la desaparici\u00f3n de los peque\u00f1os<\/u><\/strong><\/p>\n<div class=\"image-ct inline\">\n<div class=\"m\"><picture><source media=\"(max-width: 767px)\" srcset=\"https:\/\/a57.foxnews.com\/static.foxnews.com\/foxnews.com\/content\/uploads\/2025\/06\/343\/192\/gettyimages-2217951757-1.jpg?ve=1&amp;tl=1, https:\/\/a57.foxnews.com\/static.foxnews.com\/foxnews.com\/content\/uploads\/2025\/06\/686\/384\/gettyimages-2217951757-1.jpg?ve=1&amp;tl=1 2x\" height=\"192\" width=\"343\"><source media=\"(min-width: 768px) and (max-width: 1023px)\" srcset=\"https:\/\/a57.foxnews.com\/static.foxnews.com\/foxnews.com\/content\/uploads\/2025\/06\/672\/378\/gettyimages-2217951757-1.jpg?ve=1&amp;tl=1, https:\/\/a57.foxnews.com\/static.foxnews.com\/foxnews.com\/content\/uploads\/2025\/06\/1344\/756\/gettyimages-2217951757-1.jpg?ve=1&amp;tl=1 2x\" height=\"378\" width=\"672\"><source media=\"(min-width: 1024px) and (max-width: 1279px)\" srcset=\"https:\/\/a57.foxnews.com\/static.foxnews.com\/foxnews.com\/content\/uploads\/2025\/06\/931\/523\/gettyimages-2217951757-1.jpg?ve=1&amp;tl=1, https:\/\/a57.foxnews.com\/static.foxnews.com\/foxnews.com\/content\/uploads\/2025\/06\/1862\/1046\/gettyimages-2217951757-1.jpg?ve=1&amp;tl=1 2x\" height=\"523\" width=\"931\"><source media=\"(min-width: 1280px)\" srcset=\"https:\/\/a57.foxnews.com\/static.foxnews.com\/foxnews.com\/content\/uploads\/2025\/06\/720\/405\/gettyimages-2217951757-1.jpg?ve=1&amp;tl=1, https:\/\/a57.foxnews.com\/static.foxnews.com\/foxnews.com\/content\/uploads\/2025\/06\/1440\/810\/gettyimages-2217951757-1.jpg?ve=1&amp;tl=1 2x\" height=\"405\" width=\"720\"><img loading=\"lazy\" decoding=\"async\" src=\"https:\/\/a57.foxnews.com\/static.foxnews.com\/foxnews.com\/content\/uploads\/2025\/06\/1200\/675\/gettyimages-2217951757-1.jpg?ve=1&amp;tl=1\" alt=\"La casa donde se quedaba Christian Brueckner\" width=\"1200\" height=\"675\"\/><\/source><\/source><\/source><\/source><\/picture><\/div>\n<div class=\"info\">\n<div class=\"caption\">\n<p><span>Seg\u00fan los informes, la casa donde Christian Brueckner se quedaba en Monte Judeu, Portugal. <\/span> <span>(Im\u00e1genes de James Manning\/PA)<\/span><\/p>\n<\/div>\n<\/div>\n<\/div>\n<p>Seg\u00fan Reuters, cumple una sentencia de siete a\u00f1os por violar a una mujer de 72 a\u00f1os en 2005 y est\u00e1 programada para ser lanzada en septiembre.<\/p>\n<p>Brueckner tambi\u00e9n fue acusado en 2022 por cr\u00edmenes sexuales contra ni\u00f1os que <u>Las autoridades alemanas alegan<\/u> Se comprometi\u00f3 en Portugal entre 2000 y 2017.<\/p>\n<div class=\"image-ct inline\">\n<div class=\"m\"><picture><source media=\"(max-width: 767px)\" srcset=\"https:\/\/a57.foxnews.com\/static.foxnews.com\/foxnews.com\/content\/uploads\/2025\/06\/343\/192\/gettyimages-2218016459-1.jpg?ve=1&amp;tl=1, https:\/\/a57.foxnews.com\/static.foxnews.com\/foxnews.com\/content\/uploads\/2025\/06\/686\/384\/gettyimages-2218016459-1.jpg?ve=1&amp;tl=1 2x\" height=\"192\" width=\"343\"><source media=\"(min-width: 768px) and (max-width: 1023px)\" srcset=\"https:\/\/a57.foxnews.com\/static.foxnews.com\/foxnews.com\/content\/uploads\/2025\/06\/672\/378\/gettyimages-2218016459-1.jpg?ve=1&amp;tl=1, https:\/\/a57.foxnews.com\/static.foxnews.com\/foxnews.com\/content\/uploads\/2025\/06\/1344\/756\/gettyimages-2218016459-1.jpg?ve=1&amp;tl=1 2x\" height=\"378\" width=\"672\"><source media=\"(min-width: 1024px) and (max-width: 1279px)\" srcset=\"https:\/\/a57.foxnews.com\/static.foxnews.com\/foxnews.com\/content\/uploads\/2025\/06\/931\/523\/gettyimages-2218016459-1.jpg?ve=1&amp;tl=1, https:\/\/a57.foxnews.com\/static.foxnews.com\/foxnews.com\/content\/uploads\/2025\/06\/1862\/1046\/gettyimages-2218016459-1.jpg?ve=1&amp;tl=1 2x\" height=\"523\" width=\"931\"><source media=\"(min-width: 1280px)\" srcset=\"https:\/\/a57.foxnews.com\/static.foxnews.com\/foxnews.com\/content\/uploads\/2025\/06\/720\/405\/gettyimages-2218016459-1.jpg?ve=1&amp;tl=1, https:\/\/a57.foxnews.com\/static.foxnews.com\/foxnews.com\/content\/uploads\/2025\/06\/1440\/810\/gettyimages-2218016459-1.jpg?ve=1&amp;tl=1 2x\" height=\"405\" width=\"720\"><img loading=\"lazy\" decoding=\"async\" src=\"https:\/\/a57.foxnews.com\/static.foxnews.com\/foxnews.com\/content\/uploads\/2025\/06\/1200\/675\/gettyimages-2218016459-1.jpg?ve=1&amp;tl=1\" alt=\"Un equipo de b\u00fasqueda cercano a Praia de Luz, Portugal, donde los oficiales realizan b\u00fasquedas que investigan la desaparici\u00f3n de Madeleine McCann, en el campo a pocas millas del resort, donde fue vista por \u00faltima vez en 2007.\" width=\"1200\" height=\"675\"\/><\/source><\/source><\/source><\/source><\/picture><\/div>\n<div class=\"info\">\n<div class=\"caption\">\n<p><span>Los investigadores policiales llegan para continuar una operaci\u00f3n de b\u00fasqueda continua en la investigaci\u00f3n sobre la desaparici\u00f3n de Madeleine McCann en Atalaia, Lagos, en Algarve, el 5 de junio de 2025.<\/span> <span>(Patricia de Melo Moreira\/AFP)<\/span><\/p>\n<\/div>\n<\/div>\n<\/div>\n<p>Una fuente involucrada con la b\u00fasqueda en Praia da Luz le dijo esta semana a Reuters que incluy\u00f3 varias casas abandonadas, pozos y embalses que cubren \u00abdocenas de hect\u00e1reas\u00bb.<\/p>\n<p>Los funcionarios notados de Stern tambi\u00e9n usaron tecnolog\u00eda de radar que \u00abpuede ver en el suelo\u00bb.<\/p>\n<div class=\"image-ct inline\">\n<div class=\"m\"><picture><source media=\"(max-width: 767px)\" srcset=\"https:\/\/a57.foxnews.com\/static.foxnews.com\/foxnews.com\/content\/uploads\/2021\/06\/343\/192\/christian-bruckner-split.jpg?ve=1&amp;tl=1, https:\/\/a57.foxnews.com\/static.foxnews.com\/foxnews.com\/content\/uploads\/2021\/06\/686\/384\/christian-bruckner-split.jpg?ve=1&amp;tl=1 2x\" height=\"192\" width=\"343\"><source media=\"(min-width: 768px) and (max-width: 1023px)\" srcset=\"https:\/\/a57.foxnews.com\/static.foxnews.com\/foxnews.com\/content\/uploads\/2021\/06\/672\/378\/christian-bruckner-split.jpg?ve=1&amp;tl=1, https:\/\/a57.foxnews.com\/static.foxnews.com\/foxnews.com\/content\/uploads\/2021\/06\/1344\/756\/christian-bruckner-split.jpg?ve=1&amp;tl=1 2x\" height=\"378\" width=\"672\"><source media=\"(min-width: 1024px) and (max-width: 1279px)\" srcset=\"https:\/\/a57.foxnews.com\/static.foxnews.com\/foxnews.com\/content\/uploads\/2021\/06\/931\/523\/christian-bruckner-split.jpg?ve=1&amp;tl=1, https:\/\/a57.foxnews.com\/static.foxnews.com\/foxnews.com\/content\/uploads\/2021\/06\/1862\/1046\/christian-bruckner-split.jpg?ve=1&amp;tl=1 2x\" height=\"523\" width=\"931\"><source media=\"(min-width: 1280px)\" srcset=\"https:\/\/a57.foxnews.com\/static.foxnews.com\/foxnews.com\/content\/uploads\/2021\/06\/720\/405\/christian-bruckner-split.jpg?ve=1&amp;tl=1, https:\/\/a57.foxnews.com\/static.foxnews.com\/foxnews.com\/content\/uploads\/2021\/06\/1440\/810\/christian-bruckner-split.jpg?ve=1&amp;tl=1 2x\" height=\"405\" width=\"720\"><img loading=\"lazy\" decoding=\"async\" src=\"https:\/\/a57.foxnews.com\/static.foxnews.com\/foxnews.com\/content\/uploads\/2021\/06\/1200\/675\/christian-bruckner-split.jpg?ve=1&amp;tl=1\" alt=\"Una imagen dividida de Christian Brueckner y Madeliene McCann\" width=\"1200\" height=\"675\"\/><\/source><\/source><\/source><\/source><\/picture><\/div>\n<div class=\"info\">\n<div class=\"caption\">\n<p><span>Madeleine McCann desapareci\u00f3 de unas vacaciones de Portugal hace 18 a\u00f1os.<\/span> <span>(Carabinieri Mil\u00e1n\/folleto)<\/span><\/p>\n<\/div>\n<\/div>\n<\/div>\n<p>\u00abEncuentran cosas en la tierra todo el tiempo, todo el tiempo. Es 2025. La tecnolog\u00eda es incre\u00edble. La tecnolog\u00eda de ADN, espec\u00edficamente, es incre\u00edble. El ADN no muere\u00bb, dijo Stern. \u00abHay tecnolog\u00eda que puede ver en el suelo. La usan para f\u00f3siles todo el tiempo. La usan para personas desaparecidas todo el tiempo.<\/p>\n<p>\u00abLo usan para la perforaci\u00f3n de petr\u00f3leo. Los usan para la mitigaci\u00f3n de agua, todo tipo de cosas &#8230; Es un tipo de radar que empuja el sonido y la energ\u00eda hacia abajo, y vuelve a aparecer con un regreso, y ese retorno, en el mundo de hoy, puede ser extremadamente, extremadamente detallado\u00bb.<\/p>\n<p><strong><u>Los padres de Madeleine McCann lanzan un video en el vig\u00e9simo cumplea\u00f1os de la hija desaparecida<\/u><\/strong><\/p>\n<div class=\"image-ct inline\">\n<div class=\"m\"><picture><source media=\"(max-width: 767px)\" srcset=\"https:\/\/a57.foxnews.com\/static.foxnews.com\/foxnews.com\/content\/uploads\/2025\/06\/343\/192\/gettyimages-2218057682-1.jpg?ve=1&amp;tl=1, https:\/\/a57.foxnews.com\/static.foxnews.com\/foxnews.com\/content\/uploads\/2025\/06\/686\/384\/gettyimages-2218057682-1.jpg?ve=1&amp;tl=1 2x\" height=\"192\" width=\"343\"><source media=\"(min-width: 768px) and (max-width: 1023px)\" srcset=\"https:\/\/a57.foxnews.com\/static.foxnews.com\/foxnews.com\/content\/uploads\/2025\/06\/672\/378\/gettyimages-2218057682-1.jpg?ve=1&amp;tl=1, https:\/\/a57.foxnews.com\/static.foxnews.com\/foxnews.com\/content\/uploads\/2025\/06\/1344\/756\/gettyimages-2218057682-1.jpg?ve=1&amp;tl=1 2x\" height=\"378\" width=\"672\"><source media=\"(min-width: 1024px) and (max-width: 1279px)\" srcset=\"https:\/\/a57.foxnews.com\/static.foxnews.com\/foxnews.com\/content\/uploads\/2025\/06\/931\/523\/gettyimages-2218057682-1.jpg?ve=1&amp;tl=1, https:\/\/a57.foxnews.com\/static.foxnews.com\/foxnews.com\/content\/uploads\/2025\/06\/1862\/1046\/gettyimages-2218057682-1.jpg?ve=1&amp;tl=1 2x\" height=\"523\" width=\"931\"><source media=\"(min-width: 1280px)\" srcset=\"https:\/\/a57.foxnews.com\/static.foxnews.com\/foxnews.com\/content\/uploads\/2025\/06\/720\/405\/gettyimages-2218057682-1.jpg?ve=1&amp;tl=1, https:\/\/a57.foxnews.com\/static.foxnews.com\/foxnews.com\/content\/uploads\/2025\/06\/1440\/810\/gettyimages-2218057682-1.jpg?ve=1&amp;tl=1 2x\" height=\"405\" width=\"720\"><img loading=\"lazy\" decoding=\"async\" src=\"https:\/\/a57.foxnews.com\/static.foxnews.com\/foxnews.com\/content\/uploads\/2025\/06\/1200\/675\/gettyimages-2218057682-1.jpg?ve=1&amp;tl=1\" alt=\"Miembros de los equipos de b\u00fasqueda\" width=\"1200\" height=\"675\"\/><\/source><\/source><\/source><\/source><\/picture><\/div>\n<div class=\"info\">\n<div class=\"caption\">\n<p><span>Las autoridades buscan evidencia en la desaparici\u00f3n de Madeleine McCann.<\/span> <span>(Im\u00e1genes de James Manning\/PA)<\/span><\/p>\n<\/div>\n<\/div>\n<\/div>\n<p>Stern trabaja \u00abtodo el tiempo\u00bb con padres que han perdido hijos, y dijo que hablar con ellos es la parte m\u00e1s dif\u00edcil de su trabajo. <\/p>\n<p>\u00abNo me importan los malos. No me importan los rusos o Hezbol\u00e1 ni nada de eso. Lo que me importa es la mam\u00e1 que depende de m\u00ed para traer a su hijo de regreso. Eso es lo que realmente, realmente me impulsa y me asusta &#8230; Mi mayor cosa que temo es tener que ir a una madre que fall\u00e9. Sevenas y veintinueve misiones m\u00e1s tarde, nunca hemos fallado m\u00e1s tarde; nunca hemos fallado m\u00e1s tarde; nunca hemos fallado m\u00e1s tarde; nunca hemos fallado m\u00e1s tarde, nunca hemos fallado m\u00e1s tarde.<\/p>\n<div class=\"image-ct inline\">\n<div class=\"m\"><picture><source media=\"(max-width: 767px)\" srcset=\"https:\/\/a57.foxnews.com\/static.foxnews.com\/foxnews.com\/content\/uploads\/2025\/06\/343\/192\/gettyimages-2218057473-2.jpg?ve=1&amp;tl=1, https:\/\/a57.foxnews.com\/static.foxnews.com\/foxnews.com\/content\/uploads\/2025\/06\/686\/384\/gettyimages-2218057473-2.jpg?ve=1&amp;tl=1 2x\" height=\"192\" width=\"343\"><source media=\"(min-width: 768px) and (max-width: 1023px)\" srcset=\"https:\/\/a57.foxnews.com\/static.foxnews.com\/foxnews.com\/content\/uploads\/2025\/06\/672\/378\/gettyimages-2218057473-2.jpg?ve=1&amp;tl=1, https:\/\/a57.foxnews.com\/static.foxnews.com\/foxnews.com\/content\/uploads\/2025\/06\/1344\/756\/gettyimages-2218057473-2.jpg?ve=1&amp;tl=1 2x\" height=\"378\" width=\"672\"><source media=\"(min-width: 1024px) and (max-width: 1279px)\" srcset=\"https:\/\/a57.foxnews.com\/static.foxnews.com\/foxnews.com\/content\/uploads\/2025\/06\/931\/523\/gettyimages-2218057473-2.jpg?ve=1&amp;tl=1, https:\/\/a57.foxnews.com\/static.foxnews.com\/foxnews.com\/content\/uploads\/2025\/06\/1862\/1046\/gettyimages-2218057473-2.jpg?ve=1&amp;tl=1 2x\" height=\"523\" width=\"931\"><source media=\"(min-width: 1280px)\" srcset=\"https:\/\/a57.foxnews.com\/static.foxnews.com\/foxnews.com\/content\/uploads\/2025\/06\/720\/405\/gettyimages-2218057473-2.jpg?ve=1&amp;tl=1, https:\/\/a57.foxnews.com\/static.foxnews.com\/foxnews.com\/content\/uploads\/2025\/06\/1440\/810\/gettyimages-2218057473-2.jpg?ve=1&amp;tl=1 2x\" height=\"405\" width=\"720\"><img loading=\"lazy\" decoding=\"async\" src=\"https:\/\/a57.foxnews.com\/static.foxnews.com\/foxnews.com\/content\/uploads\/2025\/06\/1200\/675\/gettyimages-2218057473-2.jpg?ve=1&amp;tl=1\" alt=\"Miembros del equipo de b\u00fasqueda\" width=\"1200\" height=\"675\"\/><\/source><\/source><\/source><\/source><\/picture><\/div>\n<div class=\"info\">\n<div class=\"caption\">\n<p><span>La b\u00fasqueda el 5 de junio de 2025 se realiz\u00f3 a pedido de la Polic\u00eda Federal alemana, ya que buscan evidencia que pudiera implicar a Christian Brueckner, quien dicen que los fiscales alemanes es el principal sospechoso en la desaparici\u00f3n de Madeleine.<\/span> <span>(Im\u00e1genes de James Manning\/PA)<\/span><\/p>\n<\/div>\n<\/div>\n<\/div>\n<p>Sin embargo, en el caso de McCann, Stern dijo que no sab\u00eda absolutamente que est\u00e1 muerta, porque sus restos nunca han sido encontrados, es \u00abdoloroso\u00bb.<\/p>\n<p>Madeleine naci\u00f3 en mayo de 2003 y cumplir\u00eda 22 a\u00f1os este a\u00f1o.<\/p>\n<p><strong><u>Haga clic aqu\u00ed para obtener la aplicaci\u00f3n Fox News<\/u><\/strong><\/p>\n<p>La campa\u00f1a oficial Find Madeleine, dirigida por los padres de Madeleine, Kate y Gerry McCann, no respondi\u00f3 a una investigaci\u00f3n de Fox News Digital sobre la b\u00fasqueda.<\/p>\n<p> <!----> <\/p>\n<div class=\"article-meta\">\n<div class=\"author-bio\">\n<p>Audrey Conklin es reportera digital de Fox News Digital y Fox Business. Consejos por correo electr\u00f3nico a audrey.conklin@fox.com o en Twitter en @audpants.<\/p>\n<\/div>\n<\/div>\n<\/div>\n\n","protected":false},"excerpt":{"rendered":"<p>NUEVO\u00a1Ahora puedes escuchar art\u00edculos de Fox News! Una b\u00fasqueda renovada de Madeleine McCann, una ni\u00f1a inglesa que desapareci\u00f3 de unas vacaciones familiares a Portugal el 3 de mayo de 2007, probablemente proven\u00eda de un consejo interno de confianza, seg\u00fan el fundador de Gray Bull Rescue Bryan Stern. Madeleine fue secuestrada del apartamento en la planta &hellip;<\/p>\n","protected":false},"author":1,"featured_media":30781,"comment_status":"open","ping_status":"open","sticky":false,"template":"","format":"standard","meta":{"fifu_image_url":"https:\/\/static.foxnews.com\/foxnews.com\/content\/uploads\/2025\/06\/mccann.jpg","fifu_image_alt":"","footnotes":""},"categories":[13],"tags":[],"class_list":["post-30779","post","type-post","status-publish","format-standard","has-post-thumbnail","","category-mundo"],"_links":{"self":[{"href":"https:\/\/noticiasveraces.com\/index.php?rest_route=\/wp\/v2\/posts\/30779","targetHints":{"allow":["GET"]}}],"collection":[{"href":"https:\/\/noticiasveraces.com\/index.php?rest_route=\/wp\/v2\/posts"}],"about":[{"href":"https:\/\/noticiasveraces.com\/index.php?rest_route=\/wp\/v2\/types\/post"}],"author":[{"embeddable":true,"href":"https:\/\/noticiasveraces.com\/index.php?rest_route=\/wp\/v2\/users\/1"}],"replies":[{"embeddable":true,"href":"https:\/\/noticiasveraces.com\/index.php?rest_route=%2Fwp%2Fv2%2Fcomments&post=30779"}],"version-history":[{"count":0,"href":"https:\/\/noticiasveraces.com\/index.php?rest_route=\/wp\/v2\/posts\/30779\/revisions"}],"wp:featuredmedia":[{"embeddable":true,"href":"https:\/\/noticiasveraces.com\/index.php?rest_route=\/wp\/v2\/media\/30781"}],"wp:attachment":[{"href":"https:\/\/noticiasveraces.com\/index.php?rest_route=%2Fwp%2Fv2%2Fmedia&parent=30779"}],"wp:term":[{"taxonomy":"category","embeddable":true,"href":"https:\/\/noticiasveraces.com\/index.php?rest_route=%2Fwp%2Fv2%2Fcategories&post=30779"},{"taxonomy":"post_tag","embeddable":true,"href":"https:\/\/noticiasveraces.com\/index.php?rest_route=%2Fwp%2Fv2%2Ftags&post=30779"}],"curies":[{"name":"wp","href":"https:\/\/api.w.org\/{rel}","templated":true}]}}