{"id":30773,"date":"2025-06-08T08:47:06","date_gmt":"2025-06-08T12:47:06","guid":{"rendered":"https:\/\/noticiasveraces.com\/?p=30773"},"modified":"2025-06-08T08:47:06","modified_gmt":"2025-06-08T12:47:06","slug":"las-restricciones-de-viaje-africanas-apuntan-a-las-preocupaciones-del-terrorismo-altas-tasas-de-supervision-de-visas","status":"publish","type":"post","link":"https:\/\/noticiasveraces.com\/?p=30773","title":{"rendered":"Las restricciones de viaje africanas apuntan a las preocupaciones del terrorismo, altas tasas de supervisi\u00f3n de visas"},"content":{"rendered":"<p> \n<\/p>\n<div>\n<div id=\"beyondwords-wrapper\" class=\"beyondwords-wrapper\">\n<p><span class=\"label-bg\">NUEVO<\/span>\u00a1Ahora puedes escuchar art\u00edculos de Fox News!\n  <\/p>\n<\/div>\n<p class=\"speakable\">Los analistas elogian las restricciones del presidente Donald Trump en los viajes de 10 pa\u00edses africanos por mejorar la seguridad de los Estados Unidos a nivel internacional y nacional.<\/p>\n<p class=\"speakable\">El presidente dijo en X que la prohibici\u00f3n de viajar se estaba presentando despu\u00e9s de un ataque terrorista contra un grupo pro-Israel que abog\u00f3 por Hamas para liberar rehenes israel\u00edes en Boulder, Colorado, el fin de semana pasado, supuestamente por un hombre egipcio que hab\u00eda superado su visa.<\/p>\n<p>En una hoja informativa de la Casa Blanca, Trump dijo: \u00abRestauraremos la prohibici\u00f3n de viajar, algunas personas lo llaman la prohibici\u00f3n de los viajes de Trump y mantienen a los terroristas isl\u00e1micos radicales fuera de nuestro pa\u00eds\u00bb.<\/p>\n<p><strong><u>Sospechoso en el ataque terrorista de Boulder decidido que es un hombre egipcio en nosotros ilegalmente: FBI<\/u><\/strong><strong> <\/strong><\/p>\n<div class=\"image-ct inline\">\n<div class=\"m\"><picture><source media=\"(max-width: 767px)\" srcset=\"https:\/\/a57.foxnews.com\/static.foxnews.com\/foxnews.com\/content\/uploads\/2025\/02\/343\/192\/ap25054069841998.jpg?ve=1&amp;tl=1, https:\/\/a57.foxnews.com\/static.foxnews.com\/foxnews.com\/content\/uploads\/2025\/02\/686\/384\/ap25054069841998.jpg?ve=1&amp;tl=1 2x\" height=\"192\" width=\"343\"><source media=\"(min-width: 768px) and (max-width: 1023px)\" srcset=\"https:\/\/a57.foxnews.com\/static.foxnews.com\/foxnews.com\/content\/uploads\/2025\/02\/672\/378\/ap25054069841998.jpg?ve=1&amp;tl=1, https:\/\/a57.foxnews.com\/static.foxnews.com\/foxnews.com\/content\/uploads\/2025\/02\/1344\/756\/ap25054069841998.jpg?ve=1&amp;tl=1 2x\" height=\"378\" width=\"672\"><source media=\"(min-width: 1024px) and (max-width: 1279px)\" srcset=\"https:\/\/a57.foxnews.com\/static.foxnews.com\/foxnews.com\/content\/uploads\/2025\/02\/931\/523\/ap25054069841998.jpg?ve=1&amp;tl=1, https:\/\/a57.foxnews.com\/static.foxnews.com\/foxnews.com\/content\/uploads\/2025\/02\/1862\/1046\/ap25054069841998.jpg?ve=1&amp;tl=1 2x\" height=\"523\" width=\"931\"><source media=\"(min-width: 1280px)\" srcset=\"https:\/\/a57.foxnews.com\/static.foxnews.com\/foxnews.com\/content\/uploads\/2025\/02\/720\/405\/ap25054069841998.jpg?ve=1&amp;tl=1, https:\/\/a57.foxnews.com\/static.foxnews.com\/foxnews.com\/content\/uploads\/2025\/02\/1440\/810\/ap25054069841998.jpg?ve=1&amp;tl=1 2x\" height=\"405\" width=\"720\"><img loading=\"lazy\" decoding=\"async\" src=\"https:\/\/a57.foxnews.com\/static.foxnews.com\/foxnews.com\/content\/uploads\/2025\/02\/1200\/675\/ap25054069841998.jpg?ve=1&amp;tl=1\" alt=\"Donald Trump con su pu\u00f1o arriba\" width=\"1200\" height=\"675\"\/><\/source><\/source><\/source><\/source><\/picture><\/div>\n<div class=\"info\">\n<div class=\"caption\">\n<p><span>El presidente Donald Trump hace un gesto a la multitud en la Conferencia de Acci\u00f3n Pol\u00edtica Conservadora en el Centro Nacional de Convenciones de Gaylord National Resort y el 22 de febrero de 2025, en Oxon Hill, MD. <\/span> <span>(Photo AP\/Jos\u00e9 Luis Magana)<\/span><\/p>\n<\/div>\n<\/div>\n<\/div>\n<p>Este punto fue respaldado por el portavoz subdirector del Departamento de Estado, Tommy Pigott. En una sesi\u00f3n informativa el jueves, Pigott dijo: \u00abEste es un imperativo de seguridad nacional\u00bb.<\/p>\n<p>Pero los observadores creen que hay una raz\u00f3n internacional externa. <\/p>\n<p>\u00abLa mayor\u00eda, si no todos, de los pa\u00edses africanos se agregaron a esta lista debido a la inestabilidad extrema y, por lo tanto, los refugios terroristas o porque las relaciones entre ellos y los EE. UU. Es extremadamente pobre o inexistente\u00bb, dijo Bill Roggio, miembro de la Fundaci\u00f3n para la Defensa de las Democracias y el Editor del Long War Journal de FDD, dijo Fox News Digital. <\/p>\n<p>\u00abPor ejemplo, Estados Unidos ha sido hist\u00f3ricamente duro con Eritrea por sus abusos de los derechos humanos y tambi\u00e9n presunto apoyo al terrorismo. Mientras que en Chad, su r\u00e9gimen militar expuls\u00f3 al ej\u00e9rcito estadounidense de su territorio el a\u00f1o pasado, perjudicando a\u00fan m\u00e1s la postura militar de los Estados Unidos en \u00c1frica\u00bb.<\/p>\n<p><strong>Trump proh\u00edbe viajar a nosotros desde varios pa\u00edses para bloquear \u00abactores extranjeros peligrosos\u00bb<\/strong><\/p>\n<p>Algunos de los pa\u00edses africanos restringidos que se enumeran a continuaci\u00f3n plantean importantes preocupaciones de seguridad potenciales para los Estados Unidos.<\/p>\n<div class=\"image-ct inline\">\n<div class=\"m\"><picture><source media=\"(max-width: 767px)\" srcset=\"https:\/\/a57.foxnews.com\/static.foxnews.com\/foxnews.com\/content\/uploads\/2018\/09\/343\/192\/a993fd68ff394338b5410f98371c6ea4.jpg?ve=1&amp;tl=1, https:\/\/a57.foxnews.com\/static.foxnews.com\/foxnews.com\/content\/uploads\/2018\/09\/686\/384\/a993fd68ff394338b5410f98371c6ea4.jpg?ve=1&amp;tl=1 2x\" height=\"192\" width=\"343\"><source media=\"(min-width: 768px) and (max-width: 1023px)\" srcset=\"https:\/\/a57.foxnews.com\/static.foxnews.com\/foxnews.com\/content\/uploads\/2018\/09\/672\/378\/a993fd68ff394338b5410f98371c6ea4.jpg?ve=1&amp;tl=1, https:\/\/a57.foxnews.com\/static.foxnews.com\/foxnews.com\/content\/uploads\/2018\/09\/1344\/756\/a993fd68ff394338b5410f98371c6ea4.jpg?ve=1&amp;tl=1 2x\" height=\"378\" width=\"672\"><source media=\"(min-width: 1024px) and (max-width: 1279px)\" srcset=\"https:\/\/a57.foxnews.com\/static.foxnews.com\/foxnews.com\/content\/uploads\/2018\/09\/931\/523\/a993fd68ff394338b5410f98371c6ea4.jpg?ve=1&amp;tl=1, https:\/\/a57.foxnews.com\/static.foxnews.com\/foxnews.com\/content\/uploads\/2018\/09\/1862\/1046\/a993fd68ff394338b5410f98371c6ea4.jpg?ve=1&amp;tl=1 2x\" height=\"523\" width=\"931\"><source media=\"(min-width: 1280px)\" srcset=\"https:\/\/a57.foxnews.com\/static.foxnews.com\/foxnews.com\/content\/uploads\/2018\/09\/720\/405\/a993fd68ff394338b5410f98371c6ea4.jpg?ve=1&amp;tl=1, https:\/\/a57.foxnews.com\/static.foxnews.com\/foxnews.com\/content\/uploads\/2018\/09\/1440\/810\/a993fd68ff394338b5410f98371c6ea4.jpg?ve=1&amp;tl=1 2x\" height=\"405\" width=\"720\"><img loading=\"lazy\" decoding=\"async\" src=\"https:\/\/a57.foxnews.com\/static.foxnews.com\/foxnews.com\/content\/uploads\/2018\/09\/1200\/675\/a993fd68ff394338b5410f98371c6ea4.jpg?ve=1&amp;tl=1\" alt=\"Los combatientes al-Shabab realizan ejercicios militares\" width=\"1200\" height=\"675\"\/><\/source><\/source><\/source><\/source><\/picture><\/div>\n<div class=\"info\">\n<div class=\"caption\">\n<p><span>En esta foto de archivo del 17 de febrero de 2011, cientos de combatientes de al-Shabaab reci\u00e9n entrenados realizan ejercicios militares en un \u00e1rea al sur de Mogadiscio, Somalia. <\/span> <span>(Photo\/Fahah Abdi Presidente)<\/span><\/p>\n<\/div>\n<\/div>\n<\/div>\n<h3>SOMALIA <\/h3>\n<p>Los dos principales grupos terroristas islamistas del mundo, ISIS y Al Qaeda, representados aqu\u00ed por Al-Shabaab, ambos operan abiertamente en Somalia. La Casa Blanca lo describi\u00f3 esta semana como \u00abun refugio seguro terrorista\u00bb. <\/p>\n<p>Una nota informativa que acompa\u00f1a a la prohibici\u00f3n de viajes declar\u00f3: \u00abUna amenaza terrorista persistente emana del territorio de Somalia. Somalia tambi\u00e9n sigue siendo un destino para las personas que intentan unirse a grupos terroristas que amenazan la seguridad nacional de los Estados Unidos\u00bb.  <\/p>\n<p>El Comando de \u00c1frica de EE. UU. Matrime cinco ataques a\u00e9reos contra operadores de ambos grupos en los 12 d\u00edas hasta el 2 de junio. <\/p>\n<h3>LIBIA <\/h3>\n<p>Los combates y pilas posteriores de cuerpos en las calles se han reportado en el \u00faltimo mes en Tr\u00edpoli, la capital libia. La misi\u00f3n de apoyo de la ONU en Libia public\u00f3 recientemente en X que la situaci\u00f3n podr\u00eda \u00absalir de control\u00bb.<\/p>\n<p>\u00abLa presencia terrorista hist\u00f3rica dentro del territorio de Libia amplifica los riesgos que plantea la entrada a los Estados Unidos de sus nacionales\u00bb, dice la nota de la Casa Blanca, que agrega que los funcionarios fronterizos no pueden examinar adecuadamente a los libios porque \u00abno hay una autoridad central competente o cooperativa para emitir pasaportes o documentos civiles en Libia\u00bb.<\/p>\n<h3>SUD\u00c1N <\/h3>\n<div class=\"image-ct inline\">\n<div class=\"m\"><picture><source media=\"(max-width: 767px)\" srcset=\"https:\/\/a57.foxnews.com\/static.foxnews.com\/foxnews.com\/content\/uploads\/2024\/06\/343\/192\/GettyImages-2113280516.jpg?ve=1&amp;tl=1, https:\/\/a57.foxnews.com\/static.foxnews.com\/foxnews.com\/content\/uploads\/2024\/06\/686\/384\/GettyImages-2113280516.jpg?ve=1&amp;tl=1 2x\" height=\"192\" width=\"343\"><source media=\"(min-width: 768px) and (max-width: 1023px)\" srcset=\"https:\/\/a57.foxnews.com\/static.foxnews.com\/foxnews.com\/content\/uploads\/2024\/06\/672\/378\/GettyImages-2113280516.jpg?ve=1&amp;tl=1, https:\/\/a57.foxnews.com\/static.foxnews.com\/foxnews.com\/content\/uploads\/2024\/06\/1344\/756\/GettyImages-2113280516.jpg?ve=1&amp;tl=1 2x\" height=\"378\" width=\"672\"><source media=\"(min-width: 1024px) and (max-width: 1279px)\" srcset=\"https:\/\/a57.foxnews.com\/static.foxnews.com\/foxnews.com\/content\/uploads\/2024\/06\/931\/523\/GettyImages-2113280516.jpg?ve=1&amp;tl=1, https:\/\/a57.foxnews.com\/static.foxnews.com\/foxnews.com\/content\/uploads\/2024\/06\/1862\/1046\/GettyImages-2113280516.jpg?ve=1&amp;tl=1 2x\" height=\"523\" width=\"931\"><source media=\"(min-width: 1280px)\" srcset=\"https:\/\/a57.foxnews.com\/static.foxnews.com\/foxnews.com\/content\/uploads\/2024\/06\/720\/405\/GettyImages-2113280516.jpg?ve=1&amp;tl=1, https:\/\/a57.foxnews.com\/static.foxnews.com\/foxnews.com\/content\/uploads\/2024\/06\/1440\/810\/GettyImages-2113280516.jpg?ve=1&amp;tl=1 2x\" height=\"405\" width=\"720\"><img loading=\"lazy\" decoding=\"async\" src=\"https:\/\/a57.foxnews.com\/static.foxnews.com\/foxnews.com\/content\/uploads\/2024\/06\/1200\/675\/GettyImages-2113280516.jpg?ve=1&amp;tl=1\" alt=\"Lucha de Sud\u00e1n\" width=\"1200\" height=\"675\"\/><\/source><\/source><\/source><\/source><\/picture><\/div>\n<div class=\"info\">\n<div class=\"caption\">\n<p><span>Los combatientes del Movimiento de Liberaci\u00f3n de Sud\u00e1n, un grupo rebelde sudan\u00e9s activo en el estado de Darfur de Sud\u00e1n que apoya al jefe del ej\u00e9rcito, Abdel Fattah al-Burhan, asiste a una ceremonia de graduaci\u00f3n en el estado del sureste de Gedaref el 28 de marzo de 2024.<\/span> <span>(Getty Images)<\/span><\/p>\n<\/div>\n<\/div>\n<\/div>\n<p>Estados Unidos ya ha impuesto sanciones contra los l\u00edderes de ambos partidos involucrados en una guerra civil de dos a\u00f1os que, seg\u00fan los informes, ha matado a 150,000 y desplazado a 12 millones. Estados Unidos reclama que hasta el 28% de los sudaneses superan sus visas.<\/p>\n<h3>Eritrea <\/h3>\n<p>Los antecedentes penales de los eritreos no est\u00e1n disponibles para la inspecci\u00f3n de funcionarios estadounidenses. Con una tasa de supervisi\u00f3n de hasta 55%, la Casa Blanca tambi\u00e9n inform\u00f3 que \u00abEritrea hist\u00f3ricamente se ha negado a aceptar sus nacionales removibles\u00bb.   <\/p>\n<p><strong>Los cr\u00edticos han crisis y acusan a Trump de imponer una renovada &#8216;prohibici\u00f3n musulmana&#8217; a trav\u00e9s de la orden de viaje &#8216;repugnante&#8217;<\/strong><\/p>\n<h3>CHAD <\/h3>\n<p>El pa\u00eds de \u00c1frica occidental est\u00e1 causando preocupaci\u00f3n en Washington, ya que profundiza las relaciones con Rusia. El presidente de Chad, Idriss Deby, fue a Mosc\u00fa el a\u00f1o pasado para hablar con el presidente ruso Vladimir Putin, y el ministro de Relaciones Exteriores del Kremlin, Sergey Lavrov, fue bien recibido en la capital de Chad, N&#8217;djamena, para una visita rec\u00edproca. La oscura importancia del grupo mercenario privado de Rusia Wagner en el pa\u00eds se cuestiona despu\u00e9s de que tres de sus miembros fueron arrestados en septiembre y enviados de regreso a Mosc\u00fa. <\/p>\n<div class=\"image-ct inline\">\n<div class=\"m\"><picture><source media=\"(max-width: 767px)\" srcset=\"https:\/\/a57.foxnews.com\/static.foxnews.com\/foxnews.com\/content\/uploads\/2024\/05\/343\/192\/GettyImages-1949328728.jpg?ve=1&amp;tl=1, https:\/\/a57.foxnews.com\/static.foxnews.com\/foxnews.com\/content\/uploads\/2024\/05\/686\/384\/GettyImages-1949328728.jpg?ve=1&amp;tl=1 2x\" height=\"192\" width=\"343\"><source media=\"(min-width: 768px) and (max-width: 1023px)\" srcset=\"https:\/\/a57.foxnews.com\/static.foxnews.com\/foxnews.com\/content\/uploads\/2024\/05\/672\/378\/GettyImages-1949328728.jpg?ve=1&amp;tl=1, https:\/\/a57.foxnews.com\/static.foxnews.com\/foxnews.com\/content\/uploads\/2024\/05\/1344\/756\/GettyImages-1949328728.jpg?ve=1&amp;tl=1 2x\" height=\"378\" width=\"672\"><source media=\"(min-width: 1024px) and (max-width: 1279px)\" srcset=\"https:\/\/a57.foxnews.com\/static.foxnews.com\/foxnews.com\/content\/uploads\/2024\/05\/931\/523\/GettyImages-1949328728.jpg?ve=1&amp;tl=1, https:\/\/a57.foxnews.com\/static.foxnews.com\/foxnews.com\/content\/uploads\/2024\/05\/1862\/1046\/GettyImages-1949328728.jpg?ve=1&amp;tl=1 2x\" height=\"523\" width=\"931\"><source media=\"(min-width: 1280px)\" srcset=\"https:\/\/a57.foxnews.com\/static.foxnews.com\/foxnews.com\/content\/uploads\/2024\/05\/720\/405\/GettyImages-1949328728.jpg?ve=1&amp;tl=1, https:\/\/a57.foxnews.com\/static.foxnews.com\/foxnews.com\/content\/uploads\/2024\/05\/1440\/810\/GettyImages-1949328728.jpg?ve=1&amp;tl=1 2x\" height=\"405\" width=\"720\"><img loading=\"lazy\" decoding=\"async\" src=\"https:\/\/a57.foxnews.com\/static.foxnews.com\/foxnews.com\/content\/uploads\/2024\/05\/1200\/675\/GettyImages-1949328728.jpg?ve=1&amp;tl=1\" alt=\"Diplomacia africana de Putin\" width=\"1200\" height=\"675\"\/><\/source><\/source><\/source><\/source><\/picture><\/div>\n<div class=\"info\">\n<div class=\"caption\">\n<p><span>En esta fotograf\u00eda de la piscina distribuida por la agencia estatal rusa Sputnik, el presidente ruso Vladimir Putin se re\u00fane con el presidente de transici\u00f3n de Chad, Mahamat Idriss Deby, en el Kremlin en Mosc\u00fa el 24 de enero de 2024. <\/span> <span>(Mikhail Metzel\/Pool\/AFP a trav\u00e9s de Getty Images)<\/span><\/p>\n<\/div>\n<\/div>\n<\/div>\n<p>Banning Nationals esta semana, Estados Unidos dijo que Chad ha tenido una tasa de supervisi\u00f3n de visa de hasta el 55%. En Chad, el presidente Deby respondi\u00f3 diciendo: \u00abHe ordenado al gobierno que act\u00fae de acuerdo con los principios de reciprocidad y suspenda la emisi\u00f3n de visas a los ciudadanos estadounidenses\u00bb.<\/p>\n<h3>GUINEA ECUATORIAL<\/h3>\n<p>Seg\u00fan los informes, personas de este pa\u00eds de \u00c1frica occidental han superado sus visas F, M y J hasta un 70%.<\/p>\n<h3>Rep\u00fablica del Congo <\/h3>\n<p>Dependiendo de la categor\u00eda de visa, se informa que hasta el 35% de los ciudadanos en los Estados Unidos han superado sus visas.<\/p>\n<p>La superaci\u00f3n es el problema principal para los otros pa\u00edses africanos cuyos nacionales est\u00e1n parcialmente restringidos y ahora solo tienen una entrada limitada en los Estados Unidos.<\/p>\n<h3>Sierra Leona <\/h3>\n<p>Tiene una tasa de supervisi\u00f3n de hasta el 35%y, seg\u00fan la Casa Blanca, \u00abhist\u00f3ricamente no ha podido aceptar sus nacionales removibles\u00bb.<\/p>\n<div class=\"image-ct inline\">\n<div class=\"m\"><picture><source media=\"(max-width: 767px)\" srcset=\"https:\/\/a57.foxnews.com\/static.foxnews.com\/foxnews.com\/content\/uploads\/2025\/06\/343\/192\/libya-unrest-scaled.jpg?ve=1&amp;tl=1, https:\/\/a57.foxnews.com\/static.foxnews.com\/foxnews.com\/content\/uploads\/2025\/06\/686\/384\/libya-unrest-scaled.jpg?ve=1&amp;tl=1 2x\" height=\"192\" width=\"343\"><source media=\"(min-width: 768px) and (max-width: 1023px)\" srcset=\"https:\/\/a57.foxnews.com\/static.foxnews.com\/foxnews.com\/content\/uploads\/2025\/06\/672\/378\/libya-unrest-scaled.jpg?ve=1&amp;tl=1, https:\/\/a57.foxnews.com\/static.foxnews.com\/foxnews.com\/content\/uploads\/2025\/06\/1344\/756\/libya-unrest-scaled.jpg?ve=1&amp;tl=1 2x\" height=\"378\" width=\"672\"><source media=\"(min-width: 1024px) and (max-width: 1279px)\" srcset=\"https:\/\/a57.foxnews.com\/static.foxnews.com\/foxnews.com\/content\/uploads\/2025\/06\/931\/523\/libya-unrest-scaled.jpg?ve=1&amp;tl=1, https:\/\/a57.foxnews.com\/static.foxnews.com\/foxnews.com\/content\/uploads\/2025\/06\/1862\/1046\/libya-unrest-scaled.jpg?ve=1&amp;tl=1 2x\" height=\"523\" width=\"931\"><source media=\"(min-width: 1280px)\" srcset=\"https:\/\/a57.foxnews.com\/static.foxnews.com\/foxnews.com\/content\/uploads\/2025\/06\/720\/405\/libya-unrest-scaled.jpg?ve=1&amp;tl=1, https:\/\/a57.foxnews.com\/static.foxnews.com\/foxnews.com\/content\/uploads\/2025\/06\/1440\/810\/libya-unrest-scaled.jpg?ve=1&amp;tl=1 2x\" height=\"405\" width=\"720\"><img loading=\"lazy\" decoding=\"async\" src=\"https:\/\/a57.foxnews.com\/static.foxnews.com\/foxnews.com\/content\/uploads\/2025\/06\/1200\/675\/libya-unrest-scaled.jpg?ve=1&amp;tl=1\" alt=\"Manifestantes libios\" width=\"1200\" height=\"675\"\/><\/source><\/source><\/source><\/source><\/picture><\/div>\n<div class=\"info\">\n<div class=\"caption\">\n<p><span>Los manifestantes libios se re\u00fanen en la plaza de los m\u00e1rtires de Tr\u00edpoli para pedir la renuncia del gobierno de la unidad nacional el 14 de mayo de 2025.<\/span> <span>(Getty Images)<\/span><\/p>\n<\/div>\n<\/div>\n<\/div>\n<p><strong><u>Haga clic aqu\u00ed para obtener la aplicaci\u00f3n Fox News<\/u><\/strong><strong> <\/strong><\/p>\n<h3>IR <\/h3>\n<p>Togo sufre de mal gobierno, nepotismo y corrupci\u00f3n generalizada, que seg\u00fan los informes va hasta la oficina del presidente. M\u00e1s del 50% de la poblaci\u00f3n vive por debajo de lo que se considera la l\u00ednea internacional de pobreza. Los nacionales de Togo tienen una tasa de supervisi\u00f3n de hasta el 35% en los Estados Unidos<\/p>\n<h3>Burundi <\/h3>\n<p>Burundi compite con Sud\u00e1n del Sur por el dudoso t\u00edtulo del pa\u00eds m\u00e1s pobre del mundo. Sin embargo, la alt\u00edsima inflaci\u00f3n ha causado un aumento devastador en los precios de los alimentos. Un ex grupo rebelde ha liderado al pa\u00eds durante dos d\u00e9cadas en un clima de disturbios pol\u00edticos y presunta represi\u00f3n. Los ciudadanos de Burundi tienen una tasa de supervisi\u00f3n de hasta el 17% en los Estados Unidos<\/p>\n<p> <!----> <\/p>\n<div class=\"article-meta\">\n<div class=\"author-bio\">\n<p>Paul Tilsley es un corresponsal veterano que ha informado sobre asuntos africanos durante m\u00e1s de tres d\u00e9cadas de Johannesburgo, Sud\u00e1frica. Se puede seguir en x @Paultilsley<\/p>\n<\/div>\n<\/div>\n<\/div>\n\n","protected":false},"excerpt":{"rendered":"<p>NUEVO\u00a1Ahora puedes escuchar art\u00edculos de Fox News! Los analistas elogian las restricciones del presidente Donald Trump en los viajes de 10 pa\u00edses africanos por mejorar la seguridad de los Estados Unidos a nivel internacional y nacional. El presidente dijo en X que la prohibici\u00f3n de viajar se estaba presentando despu\u00e9s de un ataque terrorista contra &hellip;<\/p>\n","protected":false},"author":1,"featured_media":30775,"comment_status":"open","ping_status":"open","sticky":false,"template":"","format":"standard","meta":{"fifu_image_url":"https:\/\/static.foxnews.com\/foxnews.com\/content\/uploads\/2018\/09\/al-shabab-file-41.jpg","fifu_image_alt":"","footnotes":""},"categories":[13],"tags":[],"class_list":["post-30773","post","type-post","status-publish","format-standard","has-post-thumbnail","","category-mundo"],"_links":{"self":[{"href":"https:\/\/noticiasveraces.com\/index.php?rest_route=\/wp\/v2\/posts\/30773","targetHints":{"allow":["GET"]}}],"collection":[{"href":"https:\/\/noticiasveraces.com\/index.php?rest_route=\/wp\/v2\/posts"}],"about":[{"href":"https:\/\/noticiasveraces.com\/index.php?rest_route=\/wp\/v2\/types\/post"}],"author":[{"embeddable":true,"href":"https:\/\/noticiasveraces.com\/index.php?rest_route=\/wp\/v2\/users\/1"}],"replies":[{"embeddable":true,"href":"https:\/\/noticiasveraces.com\/index.php?rest_route=%2Fwp%2Fv2%2Fcomments&post=30773"}],"version-history":[{"count":0,"href":"https:\/\/noticiasveraces.com\/index.php?rest_route=\/wp\/v2\/posts\/30773\/revisions"}],"wp:featuredmedia":[{"embeddable":true,"href":"https:\/\/noticiasveraces.com\/index.php?rest_route=\/wp\/v2\/media\/30775"}],"wp:attachment":[{"href":"https:\/\/noticiasveraces.com\/index.php?rest_route=%2Fwp%2Fv2%2Fmedia&parent=30773"}],"wp:term":[{"taxonomy":"category","embeddable":true,"href":"https:\/\/noticiasveraces.com\/index.php?rest_route=%2Fwp%2Fv2%2Fcategories&post=30773"},{"taxonomy":"post_tag","embeddable":true,"href":"https:\/\/noticiasveraces.com\/index.php?rest_route=%2Fwp%2Fv2%2Ftags&post=30773"}],"curies":[{"name":"wp","href":"https:\/\/api.w.org\/{rel}","templated":true}]}}