{"id":30767,"date":"2025-06-08T08:00:17","date_gmt":"2025-06-08T12:00:17","guid":{"rendered":"https:\/\/noticiasveraces.com\/?p=30767"},"modified":"2025-06-08T08:00:17","modified_gmt":"2025-06-08T12:00:17","slug":"jhon-jader-duran-desconvocado-y-memes-explotaron-molestias-fisicas","status":"publish","type":"post","link":"https:\/\/noticiasveraces.com\/?p=30767","title":{"rendered":"Jhon Jader Dur\u00e1n, desconvocado y memes explotaron: \u00bfMolestias f\u00edsicas?"},"content":{"rendered":"<p> \n<br \/><img decoding=\"async\" src=\"https:\/\/www.futbolred.com\/files\/article_graphic\/files\/crop\/uploads\/2025\/06\/07\/684487d755736.r_1346001.0-0-1024-512.jpeg\" \/><\/p>\n<header>\n<h3>\n<p>                Curiosidades de f\u00fatbol<br \/>\n            <\/h3>\n<h1>\n<p>            Jhon Jader Dur\u00e1n, desconvocado y memes explotaron: \u00bfMolestias f\u00edsicas?<br \/>\n        <\/h1>\n<address>\n            <a>Cesar David Linares Ricaurte<br \/>\n        <\/address>\n<p>            07 de junio 2025 , 01:52 p.\u00a0m.<\/p>\n<\/header>\n<p>Las redes sociales reaccionaron ante la salida del atacante del plantel colombiano. Vea memes.<\/p>\n<p>La noticia del d\u00eda en Selecci\u00f3n Colombia fue la desconvocatoria de Jhon Jader Dur\u00e1n, que no continuar\u00e1 al lado del combinado &#8216;tricolor&#8217; debido a una \u201crecidiva del dolor lumbar\u201d.&nbsp;<\/p>\n<p>Esta molestia f\u00edsica no le permite estar en plenitud de condiciones para el duelo contra Argentina, sin embargo, alrededor de esto, existen dudas entre la afici\u00f3n, principalmente, por el rumor de una supuesta pelea al interior del camerino.&nbsp;<\/p>\n<p>Esto gener\u00f3 una ola de reacciones y tambi\u00e9n de memes, que, en su mayor\u00eda, hicieron referencia al rumor que fue desmentido por los jugadores en zona mixta.&nbsp;<\/p>\n<h2>Vea los mejores memes tras la desconvocatoria de Jhon Jader Dur\u00e1n<\/h2>\n\n","protected":false},"excerpt":{"rendered":"<p>Curiosidades de f\u00fatbol Jhon Jader Dur\u00e1n, desconvocado y memes explotaron: \u00bfMolestias f\u00edsicas? Cesar David Linares Ricaurte 07 de junio 2025 , 01:52 p.\u00a0m. Las redes sociales reaccionaron ante la salida del atacante del plantel colombiano. Vea memes. La noticia del d\u00eda en Selecci\u00f3n Colombia fue la desconvocatoria de Jhon Jader Dur\u00e1n, que no continuar\u00e1 al &hellip;<\/p>\n","protected":false},"author":1,"featured_media":30769,"comment_status":"open","ping_status":"open","sticky":false,"template":"","format":"standard","meta":{"fifu_image_url":"https:\/\/www.futbolred.com\/files\/og_thumbnail\/uploads\/2025\/06\/07\/684487d755736.jpeg","fifu_image_alt":"","footnotes":""},"categories":[6],"tags":[],"class_list":["post-30767","post","type-post","status-publish","format-standard","has-post-thumbnail","","category-deportes"],"_links":{"self":[{"href":"https:\/\/noticiasveraces.com\/index.php?rest_route=\/wp\/v2\/posts\/30767","targetHints":{"allow":["GET"]}}],"collection":[{"href":"https:\/\/noticiasveraces.com\/index.php?rest_route=\/wp\/v2\/posts"}],"about":[{"href":"https:\/\/noticiasveraces.com\/index.php?rest_route=\/wp\/v2\/types\/post"}],"author":[{"embeddable":true,"href":"https:\/\/noticiasveraces.com\/index.php?rest_route=\/wp\/v2\/users\/1"}],"replies":[{"embeddable":true,"href":"https:\/\/noticiasveraces.com\/index.php?rest_route=%2Fwp%2Fv2%2Fcomments&post=30767"}],"version-history":[{"count":0,"href":"https:\/\/noticiasveraces.com\/index.php?rest_route=\/wp\/v2\/posts\/30767\/revisions"}],"wp:featuredmedia":[{"embeddable":true,"href":"https:\/\/noticiasveraces.com\/index.php?rest_route=\/wp\/v2\/media\/30769"}],"wp:attachment":[{"href":"https:\/\/noticiasveraces.com\/index.php?rest_route=%2Fwp%2Fv2%2Fmedia&parent=30767"}],"wp:term":[{"taxonomy":"category","embeddable":true,"href":"https:\/\/noticiasveraces.com\/index.php?rest_route=%2Fwp%2Fv2%2Fcategories&post=30767"},{"taxonomy":"post_tag","embeddable":true,"href":"https:\/\/noticiasveraces.com\/index.php?rest_route=%2Fwp%2Fv2%2Ftags&post=30767"}],"curies":[{"name":"wp","href":"https:\/\/api.w.org\/{rel}","templated":true}]}}