{"id":30762,"date":"2025-06-08T07:46:14","date_gmt":"2025-06-08T11:46:14","guid":{"rendered":"https:\/\/noticiasveraces.com\/?p=30762"},"modified":"2025-06-08T07:46:14","modified_gmt":"2025-06-08T11:46:14","slug":"leon-xiv-pide-gestos-de-distension-y-dialogo-ante-la-guerra-dw-08-06-2025","status":"publish","type":"post","link":"https:\/\/noticiasveraces.com\/?p=30762","title":{"rendered":"Le\u00f3n XIV pide gestos de distensi\u00f3n y di\u00e1logo ante la guerra \u2013 DW \u2013 08\/06\/2025"},"content":{"rendered":"<p> \n<\/p>\n<div>\n<p>El papa Le\u00f3n XIV pidi\u00f3 a los gobernantes \u00abel valor de realizar gestos de distensi\u00f3n y di\u00e1logo\u00bb all\u00ed \u00abdondequiera que haya guerra\u00bb, durante el rezo dominical del \u00abRegina Coeli\u00bb y al t\u00e9rmino de la misa del Domingo de Pentecost\u00e9s (08.06.2025) en la plaza de San Pedro. Ante m\u00e1s de 70.000 fieles reunidos la plaza vaticana, con ocasi\u00f3n del Jubileo de los Movimientos, Asociaciones y Nuevas Comunidades, el Papa invoc\u00f3 el \u00abdon de la paz\u00bb.<\/p>\n<p>Durante la homil\u00eda previa, Le\u00f3n XIV ya hab\u00eda dicho que \u00abdonde hay amor no hay espacio para los prejuicios, para las distancias de seguridad que nos alejan del pr\u00f3jimo, para la l\u00f3gica de la exclusi\u00f3n que vemos surgir desgraciadamente tambi\u00e9n en los nacionalismos pol\u00edticos\u00bb. \u00abY de todo esto son una tr\u00e1gica se\u00f1al las guerras que agitan nuestro planeta\u00bb, asever\u00f3. Ayer, durante la vigilia de Pentecost\u00e9s, el papa asegur\u00f3 tambi\u00e9n que \u00abla paz volver\u00e1\u00bb si los hombres dejan de actuar \u00abcomo predadores\u00bb.<\/p>\n<p>Le\u00f3n XIV\u00a0no mencion\u00f3 conflictos en particular ni dirigentes, sino que hizo un llamado general a la apertura y la tolerancia. Sin embargo, un llamado similar hizo esta semana durante una conversaci\u00f3n con el presidente ruso, Vladimir Putin, seg\u00fan dio a conocer despu\u00e9s la Santa Sede.<\/p>\n<h2>Llamado a \u00abderribar barreras\u00bb<\/h2>\n<p>La liturgia tuvo lugar un mes despu\u00e9s de que Robert Francis Prevost, natural de Chicago y tambi\u00e9n de nacionalidad peruana, fuera elegido papa por el colegio cardenalicio. El obispo de Roma, de 69 a\u00f1os, se dio un ba\u00f1o de multitudes a bordo del papam\u00f3vil antes de oficiar la misa de Pentecont\u00e9s, en la que los cat\u00f3licos celebran la venida del Esp\u00edritu Santo a los ap\u00f3stoles cincuenta d\u00edas despu\u00e9s de la muerte de Cristo.<\/p>\n<p>\u00abLa Iglesia debe llegar a ser siempre nuevamente lo que ya es: debe abrir las fronteras entre los pueblos y derribar las barreras entre las clases y las razas. En ella no puede haber ni olvidados ni despreciados\u00bb, a\u00f1adi\u00f3. El papa tambi\u00e9n present\u00f3 a Dios como ant\u00eddoto frente a las relaciones de dominaci\u00f3n, que desembocan en feminicidios. Y como ya hiciera su predecesor el papa Francisco, Le\u00f3n XIV mencion\u00f3 tambi\u00e9n los peligros de las redes sociales.<\/p>\n<p>LGC (EFE, AFP)<\/p>\n<figure class=\"placeholder-image master_landscape big\"><img data-format=\"MASTER_LANDSCAPE\" data-id=\"72835541\" data-url=\"https:\/\/static.dw.com\/image\/72835541_${formatId}.jpg\" data-aspect-ratio=\"16\/9\" alt=\"La multitud, vista a trav\u00e9s de la varandilla de piedra sobre la columnata de piedra que bordea la plaza.\" style=\"padding-bottom: 56.25%; height: 0; max-height: 0;\"\/><figcaption class=\"img-caption\">Unos 70.000 fieles acudieron a la Plaza de San Pedro de Roma para asistir a la misa de Pentecont\u00e9s del papa Le\u00f3n XIV.<small class=\"copyright\">Imagen: Andrew Medichini\/AP\/dpa\/picture alliance<\/small><\/figcaption><\/figure>\n<\/div>\n\n","protected":false},"excerpt":{"rendered":"<p>El papa Le\u00f3n XIV pidi\u00f3 a los gobernantes \u00abel valor de realizar gestos de distensi\u00f3n y di\u00e1logo\u00bb all\u00ed \u00abdondequiera que haya guerra\u00bb, durante el rezo dominical del \u00abRegina Coeli\u00bb y al t\u00e9rmino de la misa del Domingo de Pentecost\u00e9s (08.06.2025) en la plaza de San Pedro. Ante m\u00e1s de 70.000 fieles reunidos la plaza vaticana, &hellip;<\/p>\n","protected":false},"author":1,"featured_media":30763,"comment_status":"open","ping_status":"open","sticky":false,"template":"","format":"standard","meta":{"fifu_image_url":"https:\/\/static.dw.com\/image\/72835459_6.jpg","fifu_image_alt":"","footnotes":""},"categories":[13],"tags":[],"class_list":["post-30762","post","type-post","status-publish","format-standard","has-post-thumbnail","","category-mundo"],"_links":{"self":[{"href":"https:\/\/noticiasveraces.com\/index.php?rest_route=\/wp\/v2\/posts\/30762","targetHints":{"allow":["GET"]}}],"collection":[{"href":"https:\/\/noticiasveraces.com\/index.php?rest_route=\/wp\/v2\/posts"}],"about":[{"href":"https:\/\/noticiasveraces.com\/index.php?rest_route=\/wp\/v2\/types\/post"}],"author":[{"embeddable":true,"href":"https:\/\/noticiasveraces.com\/index.php?rest_route=\/wp\/v2\/users\/1"}],"replies":[{"embeddable":true,"href":"https:\/\/noticiasveraces.com\/index.php?rest_route=%2Fwp%2Fv2%2Fcomments&post=30762"}],"version-history":[{"count":0,"href":"https:\/\/noticiasveraces.com\/index.php?rest_route=\/wp\/v2\/posts\/30762\/revisions"}],"wp:featuredmedia":[{"embeddable":true,"href":"https:\/\/noticiasveraces.com\/index.php?rest_route=\/wp\/v2\/media\/30763"}],"wp:attachment":[{"href":"https:\/\/noticiasveraces.com\/index.php?rest_route=%2Fwp%2Fv2%2Fmedia&parent=30762"}],"wp:term":[{"taxonomy":"category","embeddable":true,"href":"https:\/\/noticiasveraces.com\/index.php?rest_route=%2Fwp%2Fv2%2Fcategories&post=30762"},{"taxonomy":"post_tag","embeddable":true,"href":"https:\/\/noticiasveraces.com\/index.php?rest_route=%2Fwp%2Fv2%2Ftags&post=30762"}],"curies":[{"name":"wp","href":"https:\/\/api.w.org\/{rel}","templated":true}]}}