{"id":30756,"date":"2025-06-08T06:17:15","date_gmt":"2025-06-08T10:17:15","guid":{"rendered":"https:\/\/noticiasveraces.com\/?p=30756"},"modified":"2025-06-08T06:17:15","modified_gmt":"2025-06-08T10:17:15","slug":"caso-madeleine-18-anos-de-misterio-y-muchas-pistas-pendientes-sociedad","status":"publish","type":"post","link":"https:\/\/noticiasveraces.com\/?p=30756","title":{"rendered":"Caso Madeleine: 18 a\u00f1os de misterio y muchas pistas pendientes | Sociedad"},"content":{"rendered":"<p> \n<\/p>\n<div data-dtm-region=\"articulo_cuerpo\">\n<p class=\"\">La desaparici\u00f3n de Madeleine McCann fue el primer trauma global antes de que las redes sociales fabricasen traumas a diario. Nadie ha logrado explicar a\u00fan, 18 a\u00f1os despu\u00e9s, qu\u00e9 ocurri\u00f3 en aquel cuarto de una urbanizaci\u00f3n tur\u00edstica en Praia da Luz, en el Algarve portugu\u00e9s, donde la ni\u00f1a de tres a\u00f1os dorm\u00eda junto a sus hermanos mellizos de 18 meses la noche del 3 de mayo de 2007, mientras sus padres, los m\u00e9dicos brit\u00e1nicos Kate y Gerry McCann, cenaban junto a siete amigos en un restaurante del complejo como cada noche.<\/p>\n<p class=\"\">A lo largo de esta semana se han realizado nuevas b\u00fasquedas en la zona de Lagos, donde se han rastreado casas en ruinas, para tratar de encontrar pruebas para incriminar a Christian Br\u00fcckner, considerado por la Fiscal\u00eda alemana el principal sospechoso de la muerte de la peque\u00f1a desde 2020 e imputado por la Polic\u00eda Judicial portuguesa dos a\u00f1os despu\u00e9s. Para los investigadores, liderados por el fiscal Hans Christian Wolters, puede ser la \u00faltima oportunidad de acusar formalmente a Bruckner antes de que salga en libertad este oto\u00f1o, despu\u00e9s de cumplir una condena por violar en 2005 a una mujer de 72 a\u00f1os en el Algarve, donde el alem\u00e1n residi\u00f3 varios a\u00f1os. <\/p>\n<p class=\"\">En Portugal, la operaci\u00f3n ha suscitado escepticismo. \u201cNo tengo muchas expectativas sobre los indicios que se puedan recoger. Ha pasado mucho tiempo desde el crimen y ha pasado mucha gente por aquellos escenarios, lo que habr\u00e1 da\u00f1ado las posibles pistas\u201d, se\u00f1ala Hugo Franco, periodista de tribunales del semanario <i>Expresar<\/i>. Tanto la Polic\u00eda Judicial portuguesa, que particip\u00f3 en el rastreo, como los McCann han declinado comentar las recientes indagaciones a EL PA\u00cdS.<\/p>\n<figure class=\"a_m a_m-h \"><span class=\"_db a_m_w _pr lb_btn\"><img alt=\"Una furgoneta policial en la zona de Lagos, en el Algarve, donde esta semana se han realizado nuevos rastreos relacionados con el caso Madeleine.\" decoding=\"auto\" class=\"_re lazyload a_m-h\" height=\"276\" srcset=\"https:\/\/imagenes.elpais.com\/resizer\/v2\/OGSU666AH5ASX3OBK2DN54R4LY.jpg?auth=a8296b8ec77ebe46ddab67b42e4006126d81c4600c2255357ae5c04c857c9804&amp;width=414 414w,https:\/\/imagenes.elpais.com\/resizer\/v2\/OGSU666AH5ASX3OBK2DN54R4LY.jpg?auth=a8296b8ec77ebe46ddab67b42e4006126d81c4600c2255357ae5c04c857c9804&amp;width=828 640w,https:\/\/imagenes.elpais.com\/resizer\/v2\/OGSU666AH5ASX3OBK2DN54R4LY.jpg?auth=a8296b8ec77ebe46ddab67b42e4006126d81c4600c2255357ae5c04c857c9804&amp;width=980 1000w,https:\/\/imagenes.elpais.com\/resizer\/v2\/OGSU666AH5ASX3OBK2DN54R4LY.jpg?auth=a8296b8ec77ebe46ddab67b42e4006126d81c4600c2255357ae5c04c857c9804&amp;width=1960 1960w\" width=\"414\" sizes=\"auto, (min-width:1199px) 1155px,(min-width:1001px) calc(100vw - 44px),(min-width:768px) 767px, 100vw\" src=\"https:\/\/imagenes.elpais.com\/resizer\/v2\/OGSU666AH5ASX3OBK2DN54R4LY.jpg?auth=a8296b8ec77ebe46ddab67b42e4006126d81c4600c2255357ae5c04c857c9804&amp;width=414\" loading=\"lazy\"\/><svg aria-hidden=\"true\" class=\"icon_multimedia_ampliar | _pa a_m_i a_m_i-a _dn\" viewbox=\"0 0 40 40\"><use xlink:href=\"#svg-ampliar\"\/><\/svg><\/span><figcaption class=\"a_m_p\" aria-hidden=\"true\"><span>Una furgoneta policial en la zona de Lagos, en el Algarve, donde esta semana se han realizado nuevos rastreos relacionados con el caso Madeleine.<\/span><span class=\"a_m_m\">Associated Press\/Lapresse (APN)<\/span><\/figcaption><\/figure>\n<p class=\"\">En 2007, la desaparici\u00f3n de Madeleine se convirti\u00f3 en una caldera medi\u00e1tica, policial y pol\u00edtica que contribuy\u00f3 a cometer errores durante la investigaci\u00f3n, a perseguir falsos culpables y a vender muchos tabloides en Londres. Praia da Luz, un para\u00edso para jubilados y turistas brit\u00e1nicos con hambre de sol donde Paul McCartney hab\u00eda pasado unas vacaciones familiares en 1968, se convirti\u00f3 en el coraz\u00f3n de una tragedia que conmovi\u00f3 al mundo. La peque\u00f1a Maddie comenz\u00f3 a ser vista por todas partes sin que ninguna pista ayudase a resolver un misterio, que perturbaba por igual en las pescader\u00edas portuguesas y en Downing Street, 10. <\/p>\n<p class=\"\">Por recapitular: solo la BBC envi\u00f3 18 periodistas al Algarve, los padres hicieron una gira internacional que incluy\u00f3 una audiencia con el Papa, algunos millonarios \u2014como la escritora J. K. Rowling y el empresario Richard Branson\u2014 ofrecieron recompensas astron\u00f3micas y el primer ministro brit\u00e1nico Gordon Brown, que hab\u00eda perdido a su primera hija cinco a\u00f1os antes de la desaparici\u00f3n de Madeleine, se volc\u00f3 en arropar a la familia. Tanto el embajador en Lisboa como altos funcionarios del Gobierno brit\u00e1nico se desplazaron hasta Praia da Luz. <\/p>\n<p class=\"\">Sin embargo, la investigaci\u00f3n no fue un ejemplo de cooperaci\u00f3n bilateral. La vieja alianza pol\u00edtica entre los dos pa\u00edses, con seis siglos de historia, no sirvi\u00f3 para ir de la mano. La prensa brit\u00e1nica atac\u00f3 el trabajo de los investigadores locales, sobre todo cuando dirigieron sus sospechas hacia los padres de Madeleine, aunque luego no se librar\u00edan de las furias sensacionalistas de Londres que llegar\u00edan a los tribunales (varios medios indemnizaron por sus calumnias a la pareja). Gerry y Kate McCann acabar\u00edan siendo imputados en Portugal durante varios meses, al igual que un residente brit\u00e1nico de Praia da Luz, Robert Murat, aunque finalmente los tres fueron eximidos de sospechas. El caso se archiv\u00f3 provisionalmente en Portugal en 2008 por falta de pruebas y se reabri\u00f3 cinco a\u00f1os despu\u00e9s.<\/p>\n<p class=\"\">El alem\u00e1n Christian Br\u00fcckner, de 48 a\u00f1os, es el cuarto imputado por la Polic\u00eda Judicial portuguesa, aunque esta decisi\u00f3n fue motivada para evitar la prescripci\u00f3n del caso en 2022, a los 15 a\u00f1os de los hechos. Las pesquisas sobre Br\u00fcckner est\u00e1n en manos de la Oficina Federal de Investigaci\u00f3n Criminal de Alemania (Bundeskriminalamt, BKA). Contra \u00e9l existen testimonios de antiguos colegas, la detecci\u00f3n de su m\u00f3vil en el \u00e1rea de Praia da Luz la noche de la desaparici\u00f3n y un historial de pedofilia y violencia sexual. El pasado octubre un tribunal de Braunschweig le absolvi\u00f3 por insuficiencia de pruebas de cinco delitos (tres de violaci\u00f3n y dos de abuso sexual) cometidos entre 2000 y 2017, tambi\u00e9n en el Algarve. <\/p>\n<figure class=\"a_m a_m-h \"><span class=\"_db a_m_w _pr lb_btn\"><img alt=\"Christian Br\u00fcckner, sospechoso por la muerte de Madeleine McCann, en octubre de 2024 en el tribunal alem\u00e1n que le absolvi\u00f3 de varios delitos sexuales cometidos en Portugal.\" decoding=\"auto\" class=\"_re lazyload a_m-h\" height=\"276\" srcset=\"https:\/\/imagenes.elpais.com\/resizer\/v2\/2JDMOA2UYVH7NF6KWX3WA43T64.jpg?auth=528a0507f4d29e7a094c6907df0ba2211ffc4dedcc4fe849e8def5c233ca62ac&amp;width=414 414w,https:\/\/imagenes.elpais.com\/resizer\/v2\/2JDMOA2UYVH7NF6KWX3WA43T64.jpg?auth=528a0507f4d29e7a094c6907df0ba2211ffc4dedcc4fe849e8def5c233ca62ac&amp;width=828 640w,https:\/\/imagenes.elpais.com\/resizer\/v2\/2JDMOA2UYVH7NF6KWX3WA43T64.jpg?auth=528a0507f4d29e7a094c6907df0ba2211ffc4dedcc4fe849e8def5c233ca62ac&amp;width=980 1000w,https:\/\/imagenes.elpais.com\/resizer\/v2\/2JDMOA2UYVH7NF6KWX3WA43T64.jpg?auth=528a0507f4d29e7a094c6907df0ba2211ffc4dedcc4fe849e8def5c233ca62ac&amp;width=1960 1960w\" width=\"414\" sizes=\"auto, (min-width:1199px) 1155px,(min-width:1001px) calc(100vw - 44px),(min-width:768px) 767px, 100vw\" src=\"https:\/\/imagenes.elpais.com\/resizer\/v2\/2JDMOA2UYVH7NF6KWX3WA43T64.jpg?auth=528a0507f4d29e7a094c6907df0ba2211ffc4dedcc4fe849e8def5c233ca62ac&amp;width=414\" loading=\"lazy\"\/><svg aria-hidden=\"true\" class=\"icon_multimedia_ampliar | _pa a_m_i a_m_i-a _dn\" viewbox=\"0 0 40 40\"><use xlink:href=\"#svg-ampliar\"\/><\/svg><\/span><figcaption class=\"a_m_p\" aria-hidden=\"true\"><span>Christian Br\u00fcckner, sospechoso por la muerte de Madeleine McCann, en octubre de 2024 en el tribunal alem\u00e1n que le absolvi\u00f3 de varios delitos sexuales cometidos en Portugal.<\/span><span class=\"a_m_m\">Alexander Koerner (Getty Images)<\/span><\/figcaption><\/figure>\n<p class=\"\">Helge B\u00fcsching y Manfred Seyferth, dos compinches de correr\u00edas ilegales de Christian Bruckner que residieron un tiempo en \u00d3rgiva, en la Alpujarra granadina, han declarado a la polic\u00eda que Bruckner les confes\u00f3 que sab\u00eda lo que hab\u00eda ocurrido. Lo cierto es que, cinco a\u00f1os despu\u00e9s de ser presentado como sospechoso, la investigaci\u00f3n alemana no ha informado de la obtenci\u00f3n de pruebas concluyentes contra \u00e9l ni en sus propiedades en Alemania, donde se descubri\u00f3 material pornogr\u00e1fico, ba\u00f1adores infantiles y juguetes, ni en las b\u00fasquedas en Portugal. En 2023 se rastre\u00f3 sin \u00e9xito el embalse de Arade, a 50 kil\u00f3metros de Praia da Luz, para buscar el cuerpo de Madeleine McCann. El 80% de la zona peinada esta semana, en los alrededores de Lagos, ya hab\u00eda sido examinada por la polic\u00eda portuguesa en el pasado. <\/p>\n<p class=\"\">Para Gon\u00e7alo Amaral, el inspector de la Polic\u00eda Judicial que dirigi\u00f3 la investigaci\u00f3n los primeros meses, hasta que fue apartado, las nuevas b\u00fasquedas no aportar\u00e1n nada. \u201cEste alem\u00e1n es un chivo expiatorio, han querido inventar una historia, pero hasta ahora no hay nada en el sumario que apunte hacia \u00e9l, todo se basa en unos testigos que dicen que escucharon decir algo\u201d, afirma. En 2021, Amaral public\u00f3 el libro <i>Maddie: \u00a1Solo mentiras!<\/i>donde expone fallos de la investigaci\u00f3n alemana contra Br\u00fcckner. <\/p>\n<figure class=\"a_m a_m-h \"><span class=\"_db a_m_w _pr lb_btn\"><img alt=\"Kate y Gerry McCann, los padres de Madeleine, a su salida de la iglesia pocos d\u00edas despu\u00e9s de la desaparici\u00f3n de su hija, en Praia da Luz.\" decoding=\"auto\" class=\"_re lazyload a_m-h\" height=\"276\" srcset=\"https:\/\/imagenes.elpais.com\/resizer\/v2\/RHQG5MCO35DTTL3YIX75BVNZXU.jpg?auth=38a912feba97c1672a5e7634497d6961607aebcdac720fb9f2803ddb4e55599d&amp;width=414 414w,https:\/\/imagenes.elpais.com\/resizer\/v2\/RHQG5MCO35DTTL3YIX75BVNZXU.jpg?auth=38a912feba97c1672a5e7634497d6961607aebcdac720fb9f2803ddb4e55599d&amp;width=828 640w,https:\/\/imagenes.elpais.com\/resizer\/v2\/RHQG5MCO35DTTL3YIX75BVNZXU.jpg?auth=38a912feba97c1672a5e7634497d6961607aebcdac720fb9f2803ddb4e55599d&amp;width=980 1000w,https:\/\/imagenes.elpais.com\/resizer\/v2\/RHQG5MCO35DTTL3YIX75BVNZXU.jpg?auth=38a912feba97c1672a5e7634497d6961607aebcdac720fb9f2803ddb4e55599d&amp;width=1960 1960w\" width=\"414\" sizes=\"auto, (min-width:1199px) 1155px,(min-width:1001px) calc(100vw - 44px),(min-width:768px) 767px, 100vw\" src=\"https:\/\/imagenes.elpais.com\/resizer\/v2\/RHQG5MCO35DTTL3YIX75BVNZXU.jpg?auth=38a912feba97c1672a5e7634497d6961607aebcdac720fb9f2803ddb4e55599d&amp;width=414\" loading=\"lazy\"\/><svg aria-hidden=\"true\" class=\"icon_multimedia_ampliar | _pa a_m_i a_m_i-a _dn\" viewbox=\"0 0 40 40\"><use xlink:href=\"#svg-ampliar\"\/><\/svg><\/span><figcaption class=\"a_m_p\" aria-hidden=\"true\"><span>Kate y Gerry McCann, los padres de Madeleine, a su salida de la iglesia pocos d\u00edas despu\u00e9s de la desaparici\u00f3n de su hija, en Praia da Luz.<\/span><span class=\"a_m_m\">Steve Parsons &#8211; Im\u00e1genes de PA (im\u00e1genes de PA a trav\u00e9s de Getty Images)<\/span><\/figcaption><\/figure>\n<p class=\"\">El ex inspector fue denunciado por los McCann por su primera obra, <i>Maddie: la verdad de la mentira<\/i>ante la justicia lusitana y el Tribunal Europeo de los Derechos Humanos, que avalaron su derecho a publicarlo. Amaral critica que la polic\u00eda portuguesa no avance en todas las l\u00edneas de investigaci\u00f3n que est\u00e1n pendientes y que haya lagunas sin aclarar como el historial m\u00e9dico de Madeleine, el an\u00e1lisis de sus cabellos para determinar si hab\u00eda ingerido alg\u00fan medicamento inductor del sue\u00f1o, el historial de los brit\u00e1nicos que cenaban con los McCann o la propia reconstrucci\u00f3n de los hechos. \u201cHan pasado 18 a\u00f1os y todav\u00eda no sabemos nada del perfil de la v\u00edctima. Por ejemplo, la marca que ten\u00eda en el ojo puede ser se\u00f1al de una dolencia cardiaca\u201d, sostiene. \u201cLos brit\u00e1nicos hicieron una seudoreconstrucci\u00f3n con actores, pero no con los protagonistas reales y eso habr\u00eda sido muy \u00fatil para ver elementos contradictorios. Hay una protecci\u00f3n de los padres y sus amigos. De hecho, la polic\u00eda brit\u00e1nica abandona el Algarve cuando se van los McCann\u201d, a\u00f1ade. <\/p>\n<p class=\"\">Una de las grandes inc\u00f3gnitas que sigue sin respuesta rodea las pistas abiertas por el trabajo de perros adiestrados enviados desde Londres. Los animales detectaron sangre y olor a cad\u00e1ver en el apartamento y el coche alquilado por la familia. \u201cEn un primer momento, se dice que los fluidos corporales son de un descendiente de los McCann y una semana despu\u00e9s deja de decirse. Ese cambio se produce despu\u00e9s de una visita del padre al laboratorio\u201d, critica el ex inspector. <\/p>\n<p class=\"\">Los papeles de Wikileaks, en 2010, constataron algo que las autoridades brit\u00e1nicas no reconoc\u00edan en p\u00fablico. El embajador de Reino Unido en Lisboa, Alexander W. Ellis, reconoc\u00eda a su colega estadounidense, Alfred Hoffman, que las pruebas que convirtieron a los padres en sospechosos proced\u00edan del trabajo de la propia polic\u00eda brit\u00e1nica. <\/p>\n<p class=\"\">Pasados 18 a\u00f1os, lo ocurrido con Madeleine McCann parece condenado al caj\u00f3n de los enigmas sin resolver. <\/p>\n<\/div>\n\n","protected":false},"excerpt":{"rendered":"<p>La desaparici\u00f3n de Madeleine McCann fue el primer trauma global antes de que las redes sociales fabricasen traumas a diario. Nadie ha logrado explicar a\u00fan, 18 a\u00f1os despu\u00e9s, qu\u00e9 ocurri\u00f3 en aquel cuarto de una urbanizaci\u00f3n tur\u00edstica en Praia da Luz, en el Algarve portugu\u00e9s, donde la ni\u00f1a de tres a\u00f1os dorm\u00eda junto a sus &hellip;<\/p>\n","protected":false},"author":1,"featured_media":30757,"comment_status":"open","ping_status":"open","sticky":false,"template":"","format":"standard","meta":{"fifu_image_url":"https:\/\/imagenes.elpais.com\/resizer\/v2\/MEBUPZFEZRBO3MR4XV7GEK5XJ4.jpg?auth=cc5dbf19d0368ca857ed4d4c4e26cdcbf67075b35e24301290d0ff3133c603e2&width=1200","fifu_image_alt":"","footnotes":""},"categories":[11],"tags":[],"class_list":["post-30756","post","type-post","status-publish","format-standard","has-post-thumbnail","","category-viaje"],"_links":{"self":[{"href":"https:\/\/noticiasveraces.com\/index.php?rest_route=\/wp\/v2\/posts\/30756","targetHints":{"allow":["GET"]}}],"collection":[{"href":"https:\/\/noticiasveraces.com\/index.php?rest_route=\/wp\/v2\/posts"}],"about":[{"href":"https:\/\/noticiasveraces.com\/index.php?rest_route=\/wp\/v2\/types\/post"}],"author":[{"embeddable":true,"href":"https:\/\/noticiasveraces.com\/index.php?rest_route=\/wp\/v2\/users\/1"}],"replies":[{"embeddable":true,"href":"https:\/\/noticiasveraces.com\/index.php?rest_route=%2Fwp%2Fv2%2Fcomments&post=30756"}],"version-history":[{"count":0,"href":"https:\/\/noticiasveraces.com\/index.php?rest_route=\/wp\/v2\/posts\/30756\/revisions"}],"wp:featuredmedia":[{"embeddable":true,"href":"https:\/\/noticiasveraces.com\/index.php?rest_route=\/wp\/v2\/media\/30757"}],"wp:attachment":[{"href":"https:\/\/noticiasveraces.com\/index.php?rest_route=%2Fwp%2Fv2%2Fmedia&parent=30756"}],"wp:term":[{"taxonomy":"category","embeddable":true,"href":"https:\/\/noticiasveraces.com\/index.php?rest_route=%2Fwp%2Fv2%2Fcategories&post=30756"},{"taxonomy":"post_tag","embeddable":true,"href":"https:\/\/noticiasveraces.com\/index.php?rest_route=%2Fwp%2Fv2%2Ftags&post=30756"}],"curies":[{"name":"wp","href":"https:\/\/api.w.org\/{rel}","templated":true}]}}