{"id":30753,"date":"2025-06-08T05:44:10","date_gmt":"2025-06-08T09:44:10","guid":{"rendered":"https:\/\/noticiasveraces.com\/?p=30753"},"modified":"2025-06-08T05:44:10","modified_gmt":"2025-06-08T09:44:10","slug":"corte-de-bolivia-avala-candidatura-de-rodriguez-y-ratifica-retiro-de-personeria-al-partido-de-morales","status":"publish","type":"post","link":"https:\/\/noticiasveraces.com\/?p=30753","title":{"rendered":"Corte de Bolivia avala candidatura de Rodr\u00edguez y ratifica retiro de personer\u00eda al partido de Morales"},"content":{"rendered":"<p> \n<br \/><img decoding=\"async\" src=\"https:\/\/s.france24.com\/media\/display\/0d7f1bd8-4273-11f0-9808-005056bfb2b6\/w:1024\/p:16x9\/000_49EW7ZP.jpg\" \/><br \/>El l\u00edder del Senado de\u00a0Bolivia, Andr\u00f3nico Rodr\u00edguez, es elegible para postularse a las elecciones presidenciales de agosto, inform\u00f3 el jueves 5 de junio el Tribunal Constitucional. La misma corte ratific\u00f3 la cancelaci\u00f3n de la personer\u00eda jur\u00eddica de Pan-Bol (Partido de Acci\u00f3n Nacional Boliviano), con lo que se confirma que el expresidente Evo Morales est\u00e1 fuera de la carrera electoral.<br \/>\n<br \/>\n","protected":false},"excerpt":{"rendered":"<p>El l\u00edder del Senado de\u00a0Bolivia, Andr\u00f3nico Rodr\u00edguez, es elegible para postularse a las elecciones presidenciales de agosto, inform\u00f3 el jueves 5 de junio el Tribunal Constitucional. La misma corte ratific\u00f3 la cancelaci\u00f3n de la personer\u00eda jur\u00eddica de Pan-Bol (Partido de Acci\u00f3n Nacional Boliviano), con lo que se confirma que el expresidente Evo Morales est\u00e1 fuera &hellip;<\/p>\n","protected":false},"author":1,"featured_media":30755,"comment_status":"open","ping_status":"open","sticky":false,"template":"","format":"standard","meta":{"fifu_image_url":"https:\/\/s.france24.com\/media\/display\/0d7f1bd8-4273-11f0-9808-005056bfb2b6\/w:1024\/p:16x9\/000_49EW7ZP.jpg","fifu_image_alt":"","footnotes":""},"categories":[13],"tags":[],"class_list":["post-30753","post","type-post","status-publish","format-standard","has-post-thumbnail","","category-mundo"],"_links":{"self":[{"href":"https:\/\/noticiasveraces.com\/index.php?rest_route=\/wp\/v2\/posts\/30753","targetHints":{"allow":["GET"]}}],"collection":[{"href":"https:\/\/noticiasveraces.com\/index.php?rest_route=\/wp\/v2\/posts"}],"about":[{"href":"https:\/\/noticiasveraces.com\/index.php?rest_route=\/wp\/v2\/types\/post"}],"author":[{"embeddable":true,"href":"https:\/\/noticiasveraces.com\/index.php?rest_route=\/wp\/v2\/users\/1"}],"replies":[{"embeddable":true,"href":"https:\/\/noticiasveraces.com\/index.php?rest_route=%2Fwp%2Fv2%2Fcomments&post=30753"}],"version-history":[{"count":0,"href":"https:\/\/noticiasveraces.com\/index.php?rest_route=\/wp\/v2\/posts\/30753\/revisions"}],"wp:featuredmedia":[{"embeddable":true,"href":"https:\/\/noticiasveraces.com\/index.php?rest_route=\/wp\/v2\/media\/30755"}],"wp:attachment":[{"href":"https:\/\/noticiasveraces.com\/index.php?rest_route=%2Fwp%2Fv2%2Fmedia&parent=30753"}],"wp:term":[{"taxonomy":"category","embeddable":true,"href":"https:\/\/noticiasveraces.com\/index.php?rest_route=%2Fwp%2Fv2%2Fcategories&post=30753"},{"taxonomy":"post_tag","embeddable":true,"href":"https:\/\/noticiasveraces.com\/index.php?rest_route=%2Fwp%2Fv2%2Ftags&post=30753"}],"curies":[{"name":"wp","href":"https:\/\/api.w.org\/{rel}","templated":true}]}}