{"id":30715,"date":"2025-06-08T01:38:30","date_gmt":"2025-06-08T05:38:30","guid":{"rendered":"https:\/\/noticiasveraces.com\/?p=30715"},"modified":"2025-06-08T01:38:30","modified_gmt":"2025-06-08T05:38:30","slug":"uribe-turbay-el-candidato-cuyo-atentado-revive-las-horas-mas-oscuras-de-la-violencia-politica-en-colombia","status":"publish","type":"post","link":"https:\/\/noticiasveraces.com\/?p=30715","title":{"rendered":"Uribe Turbay, el candidato cuyo atentado revive las horas m\u00e1s oscuras de la violencia pol\u00edtica en Colombia"},"content":{"rendered":"<p> \n<br \/><img decoding=\"async\" src=\"https:\/\/s.france24.com\/media\/display\/ade1da26-43f8-11f0-b3d1-005056bfb2b6\/w:1024\/p:16x9\/df7077e3129491f390d72b24cd7520518427fabc.jpg\" \/><br \/>La sociedad colombiana presenci\u00f3 el horror de la violencia pol\u00edtica nuevamente este 7 de junio, cuando el senador opositor y precandidato presidencial de derecha Miguel Uribe Turbay fue v\u00edctima de un atentado durante un acto de campa\u00f1a en Bogot\u00e1. El pol\u00edtico de 39 a\u00f1os es hijo de\u00a0Diana Turbay, periodista asesinada en 1991 por el Cartel de Medell\u00edn, y nieto del fallecido expresidente Julio C\u00e9sar Turbay.\u00a0<br \/>\n<br \/>\n","protected":false},"excerpt":{"rendered":"<p>La sociedad colombiana presenci\u00f3 el horror de la violencia pol\u00edtica nuevamente este 7 de junio, cuando el senador opositor y precandidato presidencial de derecha Miguel Uribe Turbay fue v\u00edctima de un atentado durante un acto de campa\u00f1a en Bogot\u00e1. El pol\u00edtico de 39 a\u00f1os es hijo de\u00a0Diana Turbay, periodista asesinada en 1991 por el Cartel &hellip;<\/p>\n","protected":false},"author":1,"featured_media":30717,"comment_status":"open","ping_status":"open","sticky":false,"template":"","format":"standard","meta":{"fifu_image_url":"https:\/\/s.france24.com\/media\/display\/ade1da26-43f8-11f0-b3d1-005056bfb2b6\/w:1024\/p:16x9\/df7077e3129491f390d72b24cd7520518427fabc.jpg","fifu_image_alt":"","footnotes":""},"categories":[13],"tags":[],"class_list":["post-30715","post","type-post","status-publish","format-standard","has-post-thumbnail","","category-mundo"],"_links":{"self":[{"href":"https:\/\/noticiasveraces.com\/index.php?rest_route=\/wp\/v2\/posts\/30715","targetHints":{"allow":["GET"]}}],"collection":[{"href":"https:\/\/noticiasveraces.com\/index.php?rest_route=\/wp\/v2\/posts"}],"about":[{"href":"https:\/\/noticiasveraces.com\/index.php?rest_route=\/wp\/v2\/types\/post"}],"author":[{"embeddable":true,"href":"https:\/\/noticiasveraces.com\/index.php?rest_route=\/wp\/v2\/users\/1"}],"replies":[{"embeddable":true,"href":"https:\/\/noticiasveraces.com\/index.php?rest_route=%2Fwp%2Fv2%2Fcomments&post=30715"}],"version-history":[{"count":0,"href":"https:\/\/noticiasveraces.com\/index.php?rest_route=\/wp\/v2\/posts\/30715\/revisions"}],"wp:featuredmedia":[{"embeddable":true,"href":"https:\/\/noticiasveraces.com\/index.php?rest_route=\/wp\/v2\/media\/30717"}],"wp:attachment":[{"href":"https:\/\/noticiasveraces.com\/index.php?rest_route=%2Fwp%2Fv2%2Fmedia&parent=30715"}],"wp:term":[{"taxonomy":"category","embeddable":true,"href":"https:\/\/noticiasveraces.com\/index.php?rest_route=%2Fwp%2Fv2%2Fcategories&post=30715"},{"taxonomy":"post_tag","embeddable":true,"href":"https:\/\/noticiasveraces.com\/index.php?rest_route=%2Fwp%2Fv2%2Ftags&post=30715"}],"curies":[{"name":"wp","href":"https:\/\/api.w.org\/{rel}","templated":true}]}}