{"id":30713,"date":"2025-06-08T00:37:44","date_gmt":"2025-06-08T04:37:44","guid":{"rendered":"https:\/\/noticiasveraces.com\/?p=30713"},"modified":"2025-06-08T00:37:44","modified_gmt":"2025-06-08T04:37:44","slug":"trump-envia-a-la-guardia-nacional-a-los-angeles-dw-08-06-2025","status":"publish","type":"post","link":"https:\/\/noticiasveraces.com\/?p=30713","title":{"rendered":"Trump env\u00eda a la Guardia Nacional a Los \u00c1ngeles \u2013 DW \u2013 08\/06\/2025"},"content":{"rendered":"<p> \n<\/p>\n<div>\n<p>El presidente de Estados Unidos, Donald Trump, orden\u00f3 la noche del s\u00e1bado el despliegue en Los \u00c1ngeles de 2.000 efectivos de la Guardia Nacional para controlar las protestas contra las redadas que realizan agentes federales de inmigraci\u00f3n.<\/p>\n<p>Trump firm\u00f3 un memorando \u00abpara el despliegue de 2.000 efectivos de la Guardia Nacional para controlar la anarqu\u00eda que dejaron arraigarse\u00bb, dijo en un comunicado la secretaria de prensa de la Casa Blanca, Karoline Leavitt.<\/p>\n<p>\u00abLa administraci\u00f3n Trump tiene una pol\u00edtica de tolerancia cero con el comportamiento criminal y la violencia, en especial cuando la violencia se dirige contra oficiales de las fuerzas del orden que tratan de hacer su trabajo\u00bb, agreg\u00f3 Leavitt.<\/p>\n<p>La funcionaria se refer\u00eda a los choques entre agentes del orden y una multitud que repudi\u00f3 este s\u00e1bado las redadas de trabajadores migrantes, que ejecut\u00f3 en Los \u00c1ngeles el Servicio de Control de Inmigraci\u00f3n y Aduanas (ICE).<\/p>\n<p>Por su parte, el secretario de Defensa, Pete Hegseth, declar\u00f3 este mismo s\u00e1bado que el Pent\u00e1gono estaba preparado para movilizar a los marines en servicio activo \u00absi la violencia contin\u00faa\u00bb en Los \u00c1ngeles.<\/p>\n<p><span data-slot-id=\"Article_InContent-1\" class=\"rich-text-ad\"\/><\/p>\n<h2>Gobernador Newson: \u00absolo aumentar\u00e1 las tensiones\u00bb<\/h2>\n<p>El viernes, agentes de inmigraci\u00f3n realizaron redadas en centros de trabajo en diferentes partes de la ciudad, lo que gener\u00f3 los primeros enfrentamientos que duraron varias horas.<\/p>\n<p>La alcaldesa de Los \u00c1ngeles, Karen Bass, admiti\u00f3 que algunos residentes sent\u00edan \u00abmiedo\u00bb tras las acciones de las autoridades de inmigraci\u00f3n.<\/p>\n<p>\u00abTodos tienen derecho a la protesta pac\u00edfica, pero perm\u00edtanme ser clara: la violencia y la destrucci\u00f3n son inaceptables\u00bb, escribi\u00f3 en su cuenta de X.<\/p>\n<p>Paramount tiene un 82% de poblaci\u00f3n hispana o latina, seg\u00fan datos del censo.   <\/p>\n<figure class=\"placeholder-image master_landscape big\"><img data-format=\"MASTER_LANDSCAPE\" data-id=\"72833129\" data-url=\"https:\/\/static.dw.com\/image\/72833129_${formatId}.jpg\" data-aspect-ratio=\"16\/9\" alt=\"Un veh\u00edculo fue incendiado por manifestantes en Compton, California.\" style=\"padding-bottom: 56.25%; height: 0; max-height: 0;\"\/><figcaption class=\"img-caption\">Un veh\u00edculo fue incendiado por manifestantes en Compton, California.<small class=\"copyright\">Imagen: Eric Thayer\/AP\/Picture Alliance<\/small><\/figcaption><\/figure>\n<p>Por su lado, la Uni\u00f3n Estadounidense de Libertades Civiles (ACLU) dijo este s\u00e1bado que estudia presentar una demanda contra el Gobierno de Trump por ordenar el despliegue de soldados de la Guardia Nacional de EE.UU. en Los \u00c1ngeles, en respuesta a las protestas por las redadas migratorias.<\/p>\n<p>Victor Leung, director legal y de defensa de la ACLU del Sur de California, dijo en un comunicado que el\u00a0 despliegue \u00abinfundado\u201d de la Guardia Nacional por parte de la Administraci\u00f3n Trump \u00abes una clara represalia\u201d contra California, un basti\u00f3n para las comunidades inmigrantes y equivale \u00aba una declaraci\u00f3n de guerra\u201d contra todos los habitantes del estado.<\/p>\n<p>\u00abNo hay ninguna raz\u00f3n\u201d para desplegar la Guardia Nacional contra los angelinos, quienes \u00abest\u00e1n leg\u00edtimamente\u201d indignados por el ataque del gobierno federal a las comunidades inmigrantes y ejercen con justicia su derecho amparado en la Primera Enmienda para protestar por la separaci\u00f3n violenta de las familias, se\u00f1al\u00f3 Leung.<\/p>\n<p>\u00abTenemos la intenci\u00f3n de presentar una demanda, exigir responsabilidades a esta administraci\u00f3n y proteger a nuestras comunidades de futuros ataques\u201d, puntualiz\u00f3 el activista.<\/p>\n<p>JC (AFP, Efe, Reuters)<\/p>\n<\/p>\n<\/div>\n\n","protected":false},"excerpt":{"rendered":"<p>El presidente de Estados Unidos, Donald Trump, orden\u00f3 la noche del s\u00e1bado el despliegue en Los \u00c1ngeles de 2.000 efectivos de la Guardia Nacional para controlar las protestas contra las redadas que realizan agentes federales de inmigraci\u00f3n. Trump firm\u00f3 un memorando \u00abpara el despliegue de 2.000 efectivos de la Guardia Nacional para controlar la anarqu\u00eda &hellip;<\/p>\n","protected":false},"author":1,"featured_media":30714,"comment_status":"open","ping_status":"open","sticky":false,"template":"","format":"standard","meta":{"fifu_image_url":"https:\/\/static.dw.com\/image\/72833103_6.jpg","fifu_image_alt":"","footnotes":""},"categories":[13],"tags":[],"class_list":["post-30713","post","type-post","status-publish","format-standard","has-post-thumbnail","","category-mundo"],"_links":{"self":[{"href":"https:\/\/noticiasveraces.com\/index.php?rest_route=\/wp\/v2\/posts\/30713","targetHints":{"allow":["GET"]}}],"collection":[{"href":"https:\/\/noticiasveraces.com\/index.php?rest_route=\/wp\/v2\/posts"}],"about":[{"href":"https:\/\/noticiasveraces.com\/index.php?rest_route=\/wp\/v2\/types\/post"}],"author":[{"embeddable":true,"href":"https:\/\/noticiasveraces.com\/index.php?rest_route=\/wp\/v2\/users\/1"}],"replies":[{"embeddable":true,"href":"https:\/\/noticiasveraces.com\/index.php?rest_route=%2Fwp%2Fv2%2Fcomments&post=30713"}],"version-history":[{"count":0,"href":"https:\/\/noticiasveraces.com\/index.php?rest_route=\/wp\/v2\/posts\/30713\/revisions"}],"wp:featuredmedia":[{"embeddable":true,"href":"https:\/\/noticiasveraces.com\/index.php?rest_route=\/wp\/v2\/media\/30714"}],"wp:attachment":[{"href":"https:\/\/noticiasveraces.com\/index.php?rest_route=%2Fwp%2Fv2%2Fmedia&parent=30713"}],"wp:term":[{"taxonomy":"category","embeddable":true,"href":"https:\/\/noticiasveraces.com\/index.php?rest_route=%2Fwp%2Fv2%2Fcategories&post=30713"},{"taxonomy":"post_tag","embeddable":true,"href":"https:\/\/noticiasveraces.com\/index.php?rest_route=%2Fwp%2Fv2%2Ftags&post=30713"}],"curies":[{"name":"wp","href":"https:\/\/api.w.org\/{rel}","templated":true}]}}