{"id":30710,"date":"2025-06-07T23:36:46","date_gmt":"2025-06-08T03:36:46","guid":{"rendered":"https:\/\/noticiasveraces.com\/?p=30710"},"modified":"2025-06-07T23:36:46","modified_gmt":"2025-06-08T03:36:46","slug":"el-salvador-abogado-que-llamo-dictador-a-bukele-es-detenido-bajo-acusacion-de-lavado","status":"publish","type":"post","link":"https:\/\/noticiasveraces.com\/?p=30710","title":{"rendered":"El Salvador: abogado que llam\u00f3 &quot;dictador&quot; a Bukele es detenido bajo acusaci\u00f3n de lavado"},"content":{"rendered":"<p> \n<br \/><img decoding=\"async\" src=\"https:\/\/s.france24.com\/media\/display\/5fbf5a50-43f6-11f0-b1f8-005056bf30b7\/w:1024\/p:16x9\/4be6351ba33f2ca8bddb1982317535195c6df34a.jpg\" \/><br \/>El abogado constitucionalista Enrique Anaya, fuerte cr\u00edtico del presidente salvadore\u00f1o, Nayib Bukele,\u00a0 a quien ha llamado \u00abdictador\u00bb, fue detenido el s\u00e1bado 7 de junio, acusado de lavado de dinero, inform\u00f3 la Fiscal\u00eda. Organizaciones de Derechos Humanos denunciaron su arresto como una ofensiva para acallar a quienes cuestionan al Gobierno.<br \/>\n<br \/>\n","protected":false},"excerpt":{"rendered":"<p>El abogado constitucionalista Enrique Anaya, fuerte cr\u00edtico del presidente salvadore\u00f1o, Nayib Bukele,\u00a0 a quien ha llamado \u00abdictador\u00bb, fue detenido el s\u00e1bado 7 de junio, acusado de lavado de dinero, inform\u00f3 la Fiscal\u00eda. Organizaciones de Derechos Humanos denunciaron su arresto como una ofensiva para acallar a quienes cuestionan al Gobierno.<\/p>\n","protected":false},"author":1,"featured_media":30712,"comment_status":"open","ping_status":"open","sticky":false,"template":"","format":"standard","meta":{"fifu_image_url":"https:\/\/s.france24.com\/media\/display\/5fbf5a50-43f6-11f0-b1f8-005056bf30b7\/w:1024\/p:16x9\/4be6351ba33f2ca8bddb1982317535195c6df34a.jpg","fifu_image_alt":"","footnotes":""},"categories":[13],"tags":[],"class_list":["post-30710","post","type-post","status-publish","format-standard","has-post-thumbnail","","category-mundo"],"_links":{"self":[{"href":"https:\/\/noticiasveraces.com\/index.php?rest_route=\/wp\/v2\/posts\/30710","targetHints":{"allow":["GET"]}}],"collection":[{"href":"https:\/\/noticiasveraces.com\/index.php?rest_route=\/wp\/v2\/posts"}],"about":[{"href":"https:\/\/noticiasveraces.com\/index.php?rest_route=\/wp\/v2\/types\/post"}],"author":[{"embeddable":true,"href":"https:\/\/noticiasveraces.com\/index.php?rest_route=\/wp\/v2\/users\/1"}],"replies":[{"embeddable":true,"href":"https:\/\/noticiasveraces.com\/index.php?rest_route=%2Fwp%2Fv2%2Fcomments&post=30710"}],"version-history":[{"count":0,"href":"https:\/\/noticiasveraces.com\/index.php?rest_route=\/wp\/v2\/posts\/30710\/revisions"}],"wp:featuredmedia":[{"embeddable":true,"href":"https:\/\/noticiasveraces.com\/index.php?rest_route=\/wp\/v2\/media\/30712"}],"wp:attachment":[{"href":"https:\/\/noticiasveraces.com\/index.php?rest_route=%2Fwp%2Fv2%2Fmedia&parent=30710"}],"wp:term":[{"taxonomy":"category","embeddable":true,"href":"https:\/\/noticiasveraces.com\/index.php?rest_route=%2Fwp%2Fv2%2Fcategories&post=30710"},{"taxonomy":"post_tag","embeddable":true,"href":"https:\/\/noticiasveraces.com\/index.php?rest_route=%2Fwp%2Fv2%2Ftags&post=30710"}],"curies":[{"name":"wp","href":"https:\/\/api.w.org\/{rel}","templated":true}]}}