{"id":30705,"date":"2025-06-07T21:33:05","date_gmt":"2025-06-08T01:33:05","guid":{"rendered":"https:\/\/noticiasveraces.com\/?p=30705"},"modified":"2025-06-07T21:33:05","modified_gmt":"2025-06-08T01:33:05","slug":"el-candidato-presidencial-colombiano-miguel-uribe-disparo-durante-el-evento-de-campana","status":"publish","type":"post","link":"https:\/\/noticiasveraces.com\/?p=30705","title":{"rendered":"El candidato presidencial colombiano Miguel Uribe dispar\u00f3 durante el evento de campa\u00f1a"},"content":{"rendered":"<p> \n<\/p>\n<div>\n<div id=\"beyondwords-wrapper\" class=\"beyondwords-wrapper\">\n<p><span class=\"label-bg\">NUEVO<\/span>\u00a1Ahora puedes escuchar art\u00edculos de Fox News!\n  <\/p>\n<\/div>\n<p class=\"speakable\">Un senador colombiano y candidato presidencial recibi\u00f3 un disparo el s\u00e1bado en Bogot\u00e1, seg\u00fan el gobierno y su campa\u00f1a, seg\u00fan informes de los medios. <\/p>\n<p class=\"speakable\">Miguel Uribe, de 39 a\u00f1os, organiz\u00f3 un evento de campa\u00f1a en un parque p\u00fablico cuando \u00ablos sujetos armados le dispararon en la espalda\u00bb.<\/p>\n<p>No hay palabra sobre la condici\u00f3n de Uribe. <\/p>\n<div class=\"image-ct inline\">\n<div class=\"m\"><picture><source media=\"(max-width: 767px)\" srcset=\"https:\/\/a57.foxnews.com\/static.foxnews.com\/foxnews.com\/content\/uploads\/2025\/06\/343\/192\/miguel-uribe.jpg?ve=1&amp;tl=1, https:\/\/a57.foxnews.com\/static.foxnews.com\/foxnews.com\/content\/uploads\/2025\/06\/686\/384\/miguel-uribe.jpg?ve=1&amp;tl=1 2x\" height=\"192\" width=\"343\"><source media=\"(min-width: 768px) and (max-width: 1023px)\" srcset=\"https:\/\/a57.foxnews.com\/static.foxnews.com\/foxnews.com\/content\/uploads\/2025\/06\/672\/378\/miguel-uribe.jpg?ve=1&amp;tl=1, https:\/\/a57.foxnews.com\/static.foxnews.com\/foxnews.com\/content\/uploads\/2025\/06\/1344\/756\/miguel-uribe.jpg?ve=1&amp;tl=1 2x\" height=\"378\" width=\"672\"><source media=\"(min-width: 1024px) and (max-width: 1279px)\" srcset=\"https:\/\/a57.foxnews.com\/static.foxnews.com\/foxnews.com\/content\/uploads\/2025\/06\/931\/523\/miguel-uribe.jpg?ve=1&amp;tl=1, https:\/\/a57.foxnews.com\/static.foxnews.com\/foxnews.com\/content\/uploads\/2025\/06\/1862\/1046\/miguel-uribe.jpg?ve=1&amp;tl=1 2x\" height=\"523\" width=\"931\"><source media=\"(min-width: 1280px)\" srcset=\"https:\/\/a57.foxnews.com\/static.foxnews.com\/foxnews.com\/content\/uploads\/2025\/06\/720\/405\/miguel-uribe.jpg?ve=1&amp;tl=1, https:\/\/a57.foxnews.com\/static.foxnews.com\/foxnews.com\/content\/uploads\/2025\/06\/1440\/810\/miguel-uribe.jpg?ve=1&amp;tl=1 2x\" height=\"405\" width=\"720\"><img loading=\"lazy\" decoding=\"async\" src=\"https:\/\/a57.foxnews.com\/static.foxnews.com\/foxnews.com\/content\/uploads\/2025\/06\/1200\/675\/miguel-uribe.jpg?ve=1&amp;tl=1\" alt=\"Miguel Uribe\" width=\"1200\" height=\"675\"\/><\/source><\/source><\/source><\/source><\/picture><\/div>\n<div class=\"info\">\n<div class=\"caption\">\n<p><span>Miguel Uribe, de 39 a\u00f1os, organiz\u00f3 un evento de campa\u00f1a en un parque p\u00fablico cuando le dispararon. <\/span> <span>(Ra\u00fal Arboleda\/AFP a trav\u00e9s de Getty Images)<\/span><\/p>\n<\/div>\n<\/div>\n<\/div>\n<p>Es miembro del Partido del Centro Democr\u00e1tico de derecha de la oposici\u00f3n, fundado por el ex presidente colombiano, Alvaro Uribe.<\/p>\n<p><i>Esta es una historia en desarrollo. Vuelva a consultar las actualizaciones. <\/i><\/p>\n<p><i>Reuters contribuy\u00f3 a este informe. <\/i><\/p>\n<p> <!----> <\/div>\n\n","protected":false},"excerpt":{"rendered":"<p>NUEVO\u00a1Ahora puedes escuchar art\u00edculos de Fox News! Un senador colombiano y candidato presidencial recibi\u00f3 un disparo el s\u00e1bado en Bogot\u00e1, seg\u00fan el gobierno y su campa\u00f1a, seg\u00fan informes de los medios. Miguel Uribe, de 39 a\u00f1os, organiz\u00f3 un evento de campa\u00f1a en un parque p\u00fablico cuando \u00ablos sujetos armados le dispararon en la espalda\u00bb. No &hellip;<\/p>\n","protected":false},"author":1,"featured_media":30707,"comment_status":"open","ping_status":"open","sticky":false,"template":"","format":"standard","meta":{"fifu_image_url":"https:\/\/static.foxnews.com\/foxnews.com\/content\/uploads\/2025\/06\/miguel-uribe.jpg","fifu_image_alt":"","footnotes":""},"categories":[13],"tags":[],"class_list":["post-30705","post","type-post","status-publish","format-standard","has-post-thumbnail","","category-mundo"],"_links":{"self":[{"href":"https:\/\/noticiasveraces.com\/index.php?rest_route=\/wp\/v2\/posts\/30705","targetHints":{"allow":["GET"]}}],"collection":[{"href":"https:\/\/noticiasveraces.com\/index.php?rest_route=\/wp\/v2\/posts"}],"about":[{"href":"https:\/\/noticiasveraces.com\/index.php?rest_route=\/wp\/v2\/types\/post"}],"author":[{"embeddable":true,"href":"https:\/\/noticiasveraces.com\/index.php?rest_route=\/wp\/v2\/users\/1"}],"replies":[{"embeddable":true,"href":"https:\/\/noticiasveraces.com\/index.php?rest_route=%2Fwp%2Fv2%2Fcomments&post=30705"}],"version-history":[{"count":0,"href":"https:\/\/noticiasveraces.com\/index.php?rest_route=\/wp\/v2\/posts\/30705\/revisions"}],"wp:featuredmedia":[{"embeddable":true,"href":"https:\/\/noticiasveraces.com\/index.php?rest_route=\/wp\/v2\/media\/30707"}],"wp:attachment":[{"href":"https:\/\/noticiasveraces.com\/index.php?rest_route=%2Fwp%2Fv2%2Fmedia&parent=30705"}],"wp:term":[{"taxonomy":"category","embeddable":true,"href":"https:\/\/noticiasveraces.com\/index.php?rest_route=%2Fwp%2Fv2%2Fcategories&post=30705"},{"taxonomy":"post_tag","embeddable":true,"href":"https:\/\/noticiasveraces.com\/index.php?rest_route=%2Fwp%2Fv2%2Ftags&post=30705"}],"curies":[{"name":"wp","href":"https:\/\/api.w.org\/{rel}","templated":true}]}}