{"id":30668,"date":"2025-06-07T18:15:25","date_gmt":"2025-06-07T22:15:25","guid":{"rendered":"https:\/\/noticiasveraces.com\/?p=30668"},"modified":"2025-06-07T18:15:25","modified_gmt":"2025-06-07T22:15:25","slug":"el-asesinato-de-una-joven-embarazada-despierta-la-conciencia-de-rumania-sobre-la-violencia-machista-sociedad","status":"publish","type":"post","link":"https:\/\/noticiasveraces.com\/?p=30668","title":{"rendered":"El asesinato de una joven embarazada despierta la conciencia de Rumania sobre la violencia machista | Sociedad"},"content":{"rendered":"<p> \n<br \/><img decoding=\"async\" src=\"https:\/\/imagenes.elpais.com\/resizer\/v2\/Y53FELLB2JAX5ISLH27NJ2WF5A.jpg?auth=36e2bdb4db67236af9901dfae1dadadd1938b43c05518815368c5b3a0dd107f5\" \/><\/p>\n<div data-dtm-region=\"articulo_cuerpo\">\n<p class=\"\">Un hombre dispar\u00f3 a sangre fr\u00eda a una mujer embarazada de 23 a\u00f1os frente a su hija de tres en un complejo residencial ubicado al norte de Bucarest el pasado s\u00e1bado, alrededor de las siete de la tarde (una hora menos en la Espa\u00f1a peninsular). La v\u00edctima, Teodora Marcu \u2015conocida en su pa\u00eds por participar en el <i>reality show<\/i> <i>La isla de las Tentaciones<\/i>\u2015, recibi\u00f3 de cerca y sin previo aviso tres balazos: uno en el pecho y dos en el abdomen. Le dispar\u00f3 Robert Lupu, su expareja, seg\u00fan se aprecia en las c\u00e1maras de videovigilancia. Pese a la r\u00e1pida intervenci\u00f3n de los servicios m\u00e9dicos, la joven \u2015embarazada de casi cinco meses\u2015 falleci\u00f3 poco tiempo despu\u00e9s mientras estaba siendo trasladada al hospital.<\/p>\n<p class=\"\">Mientras, el agresor se hab\u00eda esfumado del lugar del crimen. La polic\u00eda lo encontr\u00f3 tres horas m\u00e1s tarde en un bar pr\u00f3ximo, donde se tomaba tranquilamente una copa de vino, seg\u00fan relatan varios testigos. El individuo, de 49 a\u00f1os, hab\u00eda colgado en redes mensajes perturbadores antes del homicidio, como \u201ces solo cuesti\u00f3n de tiempo\u201d, y llevaba consigo dos armas de fuego; una de ellas, con 14 cartuchos. Acab\u00f3 por suicidarse al verse acorralado por los agentes. <\/p>\n<p class=\"\">El hombre agred\u00eda a la joven desde que ten\u00eda 14 a\u00f1os. Despu\u00e9s de a\u00f1os de abusos sexuales, f\u00edsicos y mentales, y varias denuncias policiales por amenaza, la v\u00edctima hab\u00eda conseguido una orden de protecci\u00f3n en 2021, pero el agresor nunca lleg\u00f3 a ser procesado.<b> <\/b><\/p>\n<p class=\"\">Ahora, Teodora Marcu es la vigesimoquinta mujer asesinada por violencia machista en Rumania en lo que va de a\u00f1o; y fueron 34 el pasado a\u00f1o. Una cifra que, denuncian una y otra vez las organizaciones dedicadas a la lucha contra la violencia de g\u00e9nero, indica que el n\u00famero de feminicidios en este pa\u00eds de la Europa del Este es preocupante. En la \u00faltima d\u00e9cada, se calcula que han sido asesinadas por violencia machista 514 mujeres. <\/p>\n<p class=\"\">El crimen ha horrorizado a todo el pa\u00eds, de unos 19 millones de habitantes, que ven\u00eda de elegir el pasado 18 de mayo a un presidente proeuropeo en detrimento de un l\u00edder de extrema derecha, que evitaba condenar la violencia contra las mujeres. \u201cDebemos hacer publicidad de manera amplia en la poblaci\u00f3n de que el Estado rumano no tolera este fen\u00f3meno\u201d, dijo el reci\u00e9n elegido presidente, Nicu\u0219or Dan. Un crimen, este, que adem\u00e1s ha evidenciado de nuevo las deficiencias de las autoridades para frenar este problema estructural. <\/p>\n<p class=\"\">\u201cLa violencia contra las mujeres es el resultado de relaciones de poder desiguales entre mujeres y hombres, en un contexto social en el que se promueve un discurso de odio contra ellas, en el que se promociona un modelo de masculinidad t\u00f3xica, como el de los hermanos Tate, que alienta y legitima la violencia contra las mujeres\u201d, explica Andreea Braga, experta en violencia de g\u00e9nero del Centro Filia, una organizaci\u00f3n feminista que busca dar voz a las mujeres.<\/p>\n<p class=\"\">\u201cEn una sociedad fuertemente patriarcal, donde se imponen los roles tradicionales de g\u00e9nero, la violencia contra las mujeres se convierte en el instrumento para controlar y disciplinar el comportamiento de ellas\u201d, prosigue la tambi\u00e9n investigadora. Adem\u00e1s, subraya que a esta realidad se a\u00f1ade que se suele culpar a las v\u00edctimas y justificar a los agresores; lo que termina por desalentar a las supervivientes. <\/p>\n<p class=\"\">\u201cLa sociedad no cree a las v\u00edctimas, las denuncias tardan mucho tiempo en resolverse, al tiempo que ellas viven bajo el terror de que en cualquier momento algo pueda suceder. Los actos de violencia no son percibidos como hechos graves y se ordena renunciar a la acusaci\u00f3n, como fue el caso de Teodora Marcu\u201d, denuncia Braga.<\/p>\n<p class=\"\">Para ello, desde su asociaci\u00f3n abogan por formar a la polic\u00eda, fiscales, jueces, personal sanitario y trabajadores sociales. \u201cSe necesita comprender la din\u00e1mica que existe en los casos de violencia de g\u00e9nero, entender las diferentes reacciones de los supervivientes y que todos los profesionales tienen el deber de intervenir profesionalmente y con dignidad para ayudar a las supervivientes, independientemente de su estatus social, etnia y nivel de educaci\u00f3n\u201d, reclama. Su organizaci\u00f3n concit\u00f3 el martes a miles de personas, en su mayor\u00eda vestidas de negro, delante de la sede del Gobierno para exigir el endurecimiento de la legislaci\u00f3n contra los feminicidios.<\/p>\n<h3 class=\"\">Leyes que no se aplican<\/h3>\n<p class=\"\">Para Mihaela Miroiu, profesora de la Escuela Nacional de Estudios Pol\u00edticos y Administrativos de Bucarest, \u201cesta tr\u00e1gica historia, repetida cientos de veces, en varias formas de violencia contra las mujeres, tiene explicaciones, nunca excusas\u201d. \u201cTenemos leyes en Ruman\u00eda, pero no se aplican o si se hace es de forma superficial; despu\u00e9s, las pol\u00edticas reales de igualdad de oportunidades son meramente declarativas la mayor\u00eda de las veces; y una educaci\u00f3n enfocada en la dignidad y mismos derechos de trato no es una pol\u00edtica estatal\u201d, remarca la especialista en teor\u00edas feministas. <\/p>\n<p class=\"\">Tambi\u00e9n lamenta que las organizaciones no gubernamentales que luchan por defender los derechos de las mujeres no tienen un inter\u00e9s p\u00fablico y que, por tanto, no obtienen ning\u00fan apoyo por parte del Estado. \u201cLa representaci\u00f3n pol\u00edtica de las mujeres es rid\u00edculamente baja, y la que hay se debe principalmente por obediencia. En realidad, los hombres son el Estado. Las mujeres est\u00e1n desconsideradas, son humilladas y, a veces, asesinadas\u201d, incide Miroiu.<\/p>\n<p class=\"\">Seg\u00fan datos oficiales, en los primeros meses de este a\u00f1o hubo una media de 14 casos de violencia de g\u00e9nero cada hora en Rumania. La polic\u00eda tuvo que intervenir en m\u00e1s de 40.000 casos. En un estudio publicado por Eurostat en noviembre de 2024, Rumania ocupa el cuarto lugar en la clasificaci\u00f3n europea sobre la violencia contra las mujeres, por detr\u00e1s de Hungr\u00eda, Finlandia y Eslovaquia. <\/p>\n<p class=\"\">S\u00f3lo el pasado a\u00f1o, hubo m\u00e1s de 130.000 intervenciones policiales. Asimismo, casi 13.000 v\u00edctimas de violencia intrafamiliar se beneficiaron de los servicios de ayuda, de las cuales 2.669 eran adultas y 10.316 menores, de acuerdo con el Centro Filia. <\/p>\n<p class=\"\">\u201cLos presuntos autores de amenazas, chantaje, abusos y violaciones no son juzgados muchas veces al tratarse de un hecho cometido por su actual o antiguo marido o pareja\u201d, se\u00f1ala Corina Voicu, jueza retirada y actual vicepresidenta de la Asociaci\u00f3n de Derecho y Educaci\u00f3n para Todos (ADEPT). Tambi\u00e9n indica que las denuncias no se agrupan, lo que provoca tambi\u00e9n que no se cumplan las \u00f3rdenes de alejamiento y que los magistrados no est\u00e9n tampoco especializados en la violencia de g\u00e9nero. <\/p>\n<p class=\"\">Tampoco ayuda la coyuntura sociopol\u00edtica del pa\u00eds, con el ascenso del ultranacionalismo, cuyo principal partido es la segunda mayor fuerza en el Parlamento y sigue aumentando en intenci\u00f3n de voto, seg\u00fan las encuestas. \u201cLa extrema derecha est\u00e1 fomentando esta relaci\u00f3n de poder desigual entre mujeres y hombres\u201d, advierte Braga.<\/p>\n<p class=\"\"><i>El tel\u00e9fono 016 atiende a las v\u00edctimas de violencia machista, a sus familias y a su entorno las 24 horas del d\u00eda, todos los d\u00edas del a\u00f1o, en 53 idiomas diferentes. El n\u00famero no queda registrado en la factura telef\u00f3nica, pero hay que borrar la llamada del dispositivo. Tambi\u00e9n se puede contactar a trav\u00e9s del correo electr\u00f3nico <\/i><i>016-online@igualdad.gob.es<\/i><i>  y por WhatsApp en el n\u00famero 600 000 016. Los menores pueden dirigirse al tel\u00e9fono de la Fundaci\u00f3n ANAR 900 20 20 10. Si es una situaci\u00f3n de emergencia, se puede llamar al 112 o a los tel\u00e9fonos de la Polic\u00eda Nacional (091) y de la Guardia Civil (062). Y en caso de no poder llamar, se puede recurrir a la aplicaci\u00f3n ALERTCOPS, desde la que se env\u00eda una se\u00f1al de alerta a la Polic\u00eda con geolocalizaci\u00f3n.<\/i><\/p>\n<\/div>\n\n","protected":false},"excerpt":{"rendered":"<p>Un hombre dispar\u00f3 a sangre fr\u00eda a una mujer embarazada de 23 a\u00f1os frente a su hija de tres en un complejo residencial ubicado al norte de Bucarest el pasado s\u00e1bado, alrededor de las siete de la tarde (una hora menos en la Espa\u00f1a peninsular). La v\u00edctima, Teodora Marcu \u2015conocida en su pa\u00eds por participar &hellip;<\/p>\n","protected":false},"author":1,"featured_media":30670,"comment_status":"open","ping_status":"open","sticky":false,"template":"","format":"standard","meta":{"fifu_image_url":"https:\/\/imagenes.elpais.com\/resizer\/v2\/Y53FELLB2JAX5ISLH27NJ2WF5A.jpg?auth=36e2bdb4db67236af9901dfae1dadadd1938b43c05518815368c5b3a0dd107f5&width=1200","fifu_image_alt":"","footnotes":""},"categories":[11],"tags":[],"class_list":["post-30668","post","type-post","status-publish","format-standard","has-post-thumbnail","","category-viaje"],"_links":{"self":[{"href":"https:\/\/noticiasveraces.com\/index.php?rest_route=\/wp\/v2\/posts\/30668","targetHints":{"allow":["GET"]}}],"collection":[{"href":"https:\/\/noticiasveraces.com\/index.php?rest_route=\/wp\/v2\/posts"}],"about":[{"href":"https:\/\/noticiasveraces.com\/index.php?rest_route=\/wp\/v2\/types\/post"}],"author":[{"embeddable":true,"href":"https:\/\/noticiasveraces.com\/index.php?rest_route=\/wp\/v2\/users\/1"}],"replies":[{"embeddable":true,"href":"https:\/\/noticiasveraces.com\/index.php?rest_route=%2Fwp%2Fv2%2Fcomments&post=30668"}],"version-history":[{"count":0,"href":"https:\/\/noticiasveraces.com\/index.php?rest_route=\/wp\/v2\/posts\/30668\/revisions"}],"wp:featuredmedia":[{"embeddable":true,"href":"https:\/\/noticiasveraces.com\/index.php?rest_route=\/wp\/v2\/media\/30670"}],"wp:attachment":[{"href":"https:\/\/noticiasveraces.com\/index.php?rest_route=%2Fwp%2Fv2%2Fmedia&parent=30668"}],"wp:term":[{"taxonomy":"category","embeddable":true,"href":"https:\/\/noticiasveraces.com\/index.php?rest_route=%2Fwp%2Fv2%2Fcategories&post=30668"},{"taxonomy":"post_tag","embeddable":true,"href":"https:\/\/noticiasveraces.com\/index.php?rest_route=%2Fwp%2Fv2%2Ftags&post=30668"}],"curies":[{"name":"wp","href":"https:\/\/api.w.org\/{rel}","templated":true}]}}