{"id":30666,"date":"2025-06-07T17:25:16","date_gmt":"2025-06-07T21:25:16","guid":{"rendered":"https:\/\/noticiasveraces.com\/?p=30666"},"modified":"2025-06-07T17:25:16","modified_gmt":"2025-06-07T21:25:16","slug":"mujer-ataca-con-cuchillo-a-transeuntes-y-es-abatida-dw-07-06-2025","status":"publish","type":"post","link":"https:\/\/noticiasveraces.com\/?p=30666","title":{"rendered":"mujer ataca con cuchillo a transe\u00fantes y es abatida \u2013 DW \u2013 07\/06\/2025"},"content":{"rendered":"<p> \n<\/p>\n<div>\n<p>Una mujer fue abatida por la polic\u00eda en el parque\u00a0Theresienwiese, en la ciudad de M\u00fanich, sur de Alemania, tras atacar a varias personas con un cuchillo, report\u00f3 la cadena regional b\u00e1vara Bayerischer Rundfunk este s\u00e1bado (07.06.2025).<\/p>\n<p>Un portavoz de la polic\u00eda detall\u00f3 que hay dos heridos leves, un hombre de 56 a\u00f1os y una mujer de 25.<\/p>\n<p>El Theresienwiese es la sede del mundialmente famoso festival de cerveza Oktoberfest en la capital b\u00e1vara.<\/p>\n<p>De acuerdo con el diario <em>Bild<\/em>la atacante, que al parecer contaba con antecedentes psiqui\u00e1tricos, muri\u00f3 en el hospital tras ser operada de urgencia.<\/p>\n<p><strong>Ataques con cuchillos y veh\u00edculos se hacen frecuentes en Alemania<\/strong><\/p>\n<p>Hace exactamente dos semanas, una mujer que hab\u00eda recibido el alta de un hospital psiqui\u00e1trico el d\u00eda anterior y que carec\u00eda de domicilio fijo apu\u00f1al\u00f3 a 15 personas en la estaci\u00f3n central de trenes de Hamburgo, en el norte de Alemania.<\/p>\n<p>Adem\u00e1s, un hombre de 48 a\u00f1os arroll\u00f3 este viernes en Passau, en el sur del pa\u00eds,\u00a0a cinco personas con su veh\u00edculo, aunque seg\u00fan la polic\u00eda todo apunta a un posible acto de violencia de g\u00e9nero dirigido contra su esposa y su hija de cinco a\u00f1os, que tambi\u00e9n resultaron heridas en el ataque.<\/p>\n<p>RR Efe\/DPA\/Daily Show<\/p>\n<\/div>\n\n","protected":false},"excerpt":{"rendered":"<p>Una mujer fue abatida por la polic\u00eda en el parque\u00a0Theresienwiese, en la ciudad de M\u00fanich, sur de Alemania, tras atacar a varias personas con un cuchillo, report\u00f3 la cadena regional b\u00e1vara Bayerischer Rundfunk este s\u00e1bado (07.06.2025). Un portavoz de la polic\u00eda detall\u00f3 que hay dos heridos leves, un hombre de 56 a\u00f1os y una mujer &hellip;<\/p>\n","protected":false},"author":1,"featured_media":30667,"comment_status":"open","ping_status":"open","sticky":false,"template":"","format":"standard","meta":{"fifu_image_url":"https:\/\/static.dw.com\/image\/72832862_6.jpg","fifu_image_alt":"","footnotes":""},"categories":[13],"tags":[],"class_list":["post-30666","post","type-post","status-publish","format-standard","has-post-thumbnail","","category-mundo"],"_links":{"self":[{"href":"https:\/\/noticiasveraces.com\/index.php?rest_route=\/wp\/v2\/posts\/30666","targetHints":{"allow":["GET"]}}],"collection":[{"href":"https:\/\/noticiasveraces.com\/index.php?rest_route=\/wp\/v2\/posts"}],"about":[{"href":"https:\/\/noticiasveraces.com\/index.php?rest_route=\/wp\/v2\/types\/post"}],"author":[{"embeddable":true,"href":"https:\/\/noticiasveraces.com\/index.php?rest_route=\/wp\/v2\/users\/1"}],"replies":[{"embeddable":true,"href":"https:\/\/noticiasveraces.com\/index.php?rest_route=%2Fwp%2Fv2%2Fcomments&post=30666"}],"version-history":[{"count":0,"href":"https:\/\/noticiasveraces.com\/index.php?rest_route=\/wp\/v2\/posts\/30666\/revisions"}],"wp:featuredmedia":[{"embeddable":true,"href":"https:\/\/noticiasveraces.com\/index.php?rest_route=\/wp\/v2\/media\/30667"}],"wp:attachment":[{"href":"https:\/\/noticiasveraces.com\/index.php?rest_route=%2Fwp%2Fv2%2Fmedia&parent=30666"}],"wp:term":[{"taxonomy":"category","embeddable":true,"href":"https:\/\/noticiasveraces.com\/index.php?rest_route=%2Fwp%2Fv2%2Fcategories&post=30666"},{"taxonomy":"post_tag","embeddable":true,"href":"https:\/\/noticiasveraces.com\/index.php?rest_route=%2Fwp%2Fv2%2Ftags&post=30666"}],"curies":[{"name":"wp","href":"https:\/\/api.w.org\/{rel}","templated":true}]}}