{"id":30661,"date":"2025-06-07T15:21:31","date_gmt":"2025-06-07T19:21:31","guid":{"rendered":"https:\/\/noticiasveraces.com\/?p=30661"},"modified":"2025-06-07T15:21:31","modified_gmt":"2025-06-07T19:21:31","slug":"la-deforestacion-en-la-amazonia-brasilena-repunta-al-92-e-interrumpe-su-caida","status":"publish","type":"post","link":"https:\/\/noticiasveraces.com\/?p=30661","title":{"rendered":"La deforestaci\u00f3n en la Amazon\u00eda brasile\u00f1a repunta al 92% e interrumpe su ca\u00edda"},"content":{"rendered":"<p> \n<br \/><img decoding=\"async\" src=\"https:\/\/s.france24.com\/media\/display\/da8f0da2-42fc-11f0-9a80-005056bfb2b6\/w:1024\/p:16x9\/000_42PH48N.jpg\" \/><br \/>La deforestaci\u00f3n en la Amazon\u00eda brasile\u00f1a subi\u00f3 un 92% en mayo respecto al mismo mes del a\u00f1o pasado e interrumpi\u00f3 una tendencia a la baja como consecuencia del aumento de los incendios, inform\u00f3 este viernes el Gobierno de Brasil.<br \/>\n<br \/>\n","protected":false},"excerpt":{"rendered":"<p>La deforestaci\u00f3n en la Amazon\u00eda brasile\u00f1a subi\u00f3 un 92% en mayo respecto al mismo mes del a\u00f1o pasado e interrumpi\u00f3 una tendencia a la baja como consecuencia del aumento de los incendios, inform\u00f3 este viernes el Gobierno de Brasil.<\/p>\n","protected":false},"author":1,"featured_media":30663,"comment_status":"open","ping_status":"open","sticky":false,"template":"","format":"standard","meta":{"fifu_image_url":"https:\/\/s.france24.com\/media\/display\/da8f0da2-42fc-11f0-9a80-005056bfb2b6\/w:1024\/p:16x9\/000_42PH48N.jpg","fifu_image_alt":"","footnotes":""},"categories":[13],"tags":[],"class_list":["post-30661","post","type-post","status-publish","format-standard","has-post-thumbnail","","category-mundo"],"_links":{"self":[{"href":"https:\/\/noticiasveraces.com\/index.php?rest_route=\/wp\/v2\/posts\/30661","targetHints":{"allow":["GET"]}}],"collection":[{"href":"https:\/\/noticiasveraces.com\/index.php?rest_route=\/wp\/v2\/posts"}],"about":[{"href":"https:\/\/noticiasveraces.com\/index.php?rest_route=\/wp\/v2\/types\/post"}],"author":[{"embeddable":true,"href":"https:\/\/noticiasveraces.com\/index.php?rest_route=\/wp\/v2\/users\/1"}],"replies":[{"embeddable":true,"href":"https:\/\/noticiasveraces.com\/index.php?rest_route=%2Fwp%2Fv2%2Fcomments&post=30661"}],"version-history":[{"count":0,"href":"https:\/\/noticiasveraces.com\/index.php?rest_route=\/wp\/v2\/posts\/30661\/revisions"}],"wp:featuredmedia":[{"embeddable":true,"href":"https:\/\/noticiasveraces.com\/index.php?rest_route=\/wp\/v2\/media\/30663"}],"wp:attachment":[{"href":"https:\/\/noticiasveraces.com\/index.php?rest_route=%2Fwp%2Fv2%2Fmedia&parent=30661"}],"wp:term":[{"taxonomy":"category","embeddable":true,"href":"https:\/\/noticiasveraces.com\/index.php?rest_route=%2Fwp%2Fv2%2Fcategories&post=30661"},{"taxonomy":"post_tag","embeddable":true,"href":"https:\/\/noticiasveraces.com\/index.php?rest_route=%2Fwp%2Fv2%2Ftags&post=30661"}],"curies":[{"name":"wp","href":"https:\/\/api.w.org\/{rel}","templated":true}]}}