{"id":30656,"date":"2025-06-07T14:20:47","date_gmt":"2025-06-07T18:20:47","guid":{"rendered":"https:\/\/noticiasveraces.com\/?p=30656"},"modified":"2025-06-07T14:20:47","modified_gmt":"2025-06-07T18:20:47","slug":"150-anos-de-thomas-mann-dw-07-06-2025","status":"publish","type":"post","link":"https:\/\/noticiasveraces.com\/?p=30656","title":{"rendered":"150 a\u00f1os de Thomas Mann \u2013 DW \u2013 07\/06\/2025"},"content":{"rendered":"<p> \n<\/p>\n<div>\n<p>El mundo literario est\u00e1 de acuerdo: la vida y la obra de Thomas Mann (1875-1955) estuvieron estrechamente ligadas. El autor alem\u00e1n alcanz\u00f3 fama mundial, tanto como una voz importante en la cultura como un viajero entre dos mundos. Su fama se asienta principalmente en su obra literaria: escribi\u00f3 grandes novelas como <em>Los Buddenbrook<\/em> (por la que recibi\u00f3 el Premio Nobel de Literatura en 1929), <em>La monta\u00f1a m\u00e1gica <\/em>Y<em> El doctor Fausto<\/em>. No obstante, su compromiso pol\u00edtico tambi\u00e9n fue relevante. Escribi\u00f3 ensayos y discursos radiof\u00f3nicos: Thomas Mann vivi\u00f3 tiempos turbulentos, con nada menos que dos guerras mundiales, el r\u00e9gimen nazi y el Holocausto. Mucho de ello se ve reflejado en su obra.<\/p>\n<h2>A\u00f1os escolares: el alem\u00e1n no era lo suyo<\/h2>\n<p>Nada de esto era evidente cuando Thomas Mann naci\u00f3 el 6 de junio de 1875, hijo de un comerciante de L\u00fcbeck. Creci\u00f3 en una familia numerosa con cuatro hermanos. Ya en la escuela escribi\u00f3 sus primeros bosquejos en prosa. Al igual que su hermano Heinrich, desarroll\u00f3 una pasi\u00f3n por la literatura, lo que no le gust\u00f3 a su padre. Pero hasta las m\u00e1s grandes figuras literarias empiezan desde abajo: tuvo que repetir curso m\u00e1s de una vez y en su clase de alem\u00e1n nunca obtuvo una calificaci\u00f3n muy superior a\u00a0\u00absuficiente\u00bb.<\/p>\n<p>Cuando su padre falleci\u00f3 en 1891, Mann dej\u00f3 la escuela antes de graduarse, se mud\u00f3 con la familia a M\u00fanich y comenz\u00f3 all\u00ed una formaci\u00f3n en seguros que pronto abandon\u00f3. Vivi\u00f3 de la herencia de su padre y comenz\u00f3 a trabajar como escritor independiente. Su primera obra, <em>Ca\u00eddo<\/em>apareci\u00f3 en 1894 en la revista <em>Sociedad<\/em>. Mann quer\u00eda entonces ser periodista.<\/p>\n<figure class=\"placeholder-image free_image right\"><img data-format=\"FREE_IMAGE\" data-id=\"3840279\" data-url=\"https:\/\/static.dw.com\/image\/3840279_${formatId}.jpg\" data-aspect-ratio=\"233\/330\" alt=\"Cartel de la versi\u00f3n cinematogr\u00e1fica de 'Los Buddenbrooks', de 2008.\" style=\"padding-bottom: 141.63%; height: 0; max-height: 0;\"\/><figcaption class=\"img-caption\">Cartel de la versi\u00f3n cinematogr\u00e1fica de &#8216;Los Buddenbrooks&#8217;, de 2008.<\/figcaption><\/figure>\n<p>\u00c9l y su hermano Heinrich viajaron por Italia por dos a\u00f1os. All\u00ed escribi\u00f3 <em>Los Buddenbrook<\/em>que public\u00f3 en 1901 tras su regreso. Basada en la historia familiar del propio Mann, la novela narra la ca\u00edda de una acaudalada familia de comerciantes. La cr\u00edtica elogi\u00f3 su primera novela, concebida inicialmente como una obra en colaboraci\u00f3n entre los hermanos. A partir de entonces, Thomas Mann se convirti\u00f3 en una estrella literaria en Alemania y\u00a0pudo vivir de escribir.<\/p>\n<h2>Primera Guerra Mundial y disputa entre hermanos<\/h2>\n<p>Despu\u00e9s de <em>Los Buddenbrook<\/em>llegaron otras obras: inicialmente la colecci\u00f3n de relatos <em>Trist\u00e1n<\/em> (1903), que tambi\u00e9n inclu\u00eda <em>Tony Kr\u00f6ger<\/em>un relato sobre el contraste entre el artista y el burgu\u00e9s, entre esp\u00edritu y vida. En su af\u00e1n por llevar una vida burguesa, Mann se cas\u00f3 en 1905 con Katia Pringsheim, hija de una adinerada familia de eruditos muniqueses. Sin embargo, tambi\u00e9n se sent\u00eda atra\u00eddo por los hombres j\u00f3venes, algo que aparentemente no incomodaba a Katja. La pareja tuvo seis hijos. Algunos siguieron los pasos de su padre y se hicieron escritores.<\/p>\n<p>El mundo segu\u00eda girando. Estall\u00f3 la Primera Guerra Mundial (1914-1918). Thomas Mann se enemist\u00f3 con su hermano Heinrich, quien tambi\u00e9n se hab\u00eda convertido en un escritor exitoso. El punto de discordia era la guerra: Heinrich public\u00f3 un panfleto contra ella. Thomas se opone y cuatro a\u00f1os despu\u00e9s explica por qu\u00e9: en el ensayo <em>Contemplaci\u00f3n de un hombre apol\u00edtico<\/em> (1918)\u00a0defiende el Imperio alem\u00e1n y su pol\u00edtica b\u00e9lica. No fue hasta 1922 que cambi\u00f3 de postura. Para entonces, Alemania hab\u00eda perdido la guerra y la democracia se hab\u00eda instaurado en el pa\u00eds con la fr\u00e1gil Rep\u00fablica de Weimar. En un discurso, declar\u00f3 su apoyo a la democracia de Weimar.<\/p>\n<p>Thomas Mann recibi\u00f3 el Premio Nobel de Literatura en 1929 por <em>Los Buddenbrook<\/em>. Fue un gran \u00e9xito para el escritor y volvi\u00f3 a situar\u00a0la literatura alemana en el panorama mundial. S\u00f3lo le molest\u00f3 la justificaci\u00f3n que dio el jurado: <em>La monta\u00f1a m\u00e1gica<\/em>una de sus obras cumbre y aterradoramente actual, publicada en 1924, ni siquiera se citaba.<\/p>\n<figure class=\"placeholder-image master_landscape big\"><img data-format=\"MASTER_LANDSCAPE\" data-id=\"65532385\" data-url=\"https:\/\/static.dw.com\/image\/65532385_${formatId}.jpg\" data-aspect-ratio=\"16\/9\" alt=\"Retrato en blanco y negro de los dos j\u00f3venes (ella ten\u00eda entonces 24 a\u00f1os).\" style=\"padding-bottom: 56.25%; height: 0; max-height: 0;\"\/><figcaption class=\"img-caption\">Los hios de Thomas Mann siguieron sus pasos. La escritora y actriz Erika Mann y su hermano, Klaus, tambi\u00e9n escritor, en una imagen de 1930.<small class=\"copyright\">Imagen: AKG-Images\/Picture Alliance<\/small><\/figcaption><\/figure>\n<p>Mucho antes del estallido de la Segunda Guerra Mundial (1939-1945), Thomas Mann intuy\u00f3 el peligro. Se posicion\u00f3 contra el creciente poder de los nacionalsocialistas, y\u00a0en 1930, tres a\u00f1os antes de la llegada de Hitler al poder, pronunci\u00f3 un apasionado alegato contra los nazis y a favor de la socialdemocracia. En la primavera de 1933, apenas Hitler hab\u00eda asumido el cargo, Thomas Mann\u00a0no regres\u00f3 a Alemania de una gira de conferencias por Europa. Se instal\u00f3 en Suiza. Se public\u00f3 el primer volumen de la tetralog\u00eda <em>Jos\u00e9 y sus hermanos<\/em>. En la novela, Mann describe la encarnaci\u00f3n de la figura b\u00edblica de Jos\u00e9.<\/p>\n<p>Inicialmente, mantuvo silencio respecto a lo que suced\u00eda en Alemania. Hasta 1936, cuando denunci\u00f3 la pol\u00edtica alemana en una carta p\u00fablica al peri\u00f3dico suizo <em>New Zurich Peri\u00f3dico<\/em>. La respuesta no se hizo esperar: Berl\u00edn le revoc\u00f3 la ciudadan\u00eda alemana y su doctorado <em>honor<\/em> de la Universidad de Bonn. Incluso antes de eso, los nazis ya le hab\u00edan robado su fama y reputaci\u00f3n,\u00a0y\u00a0despu\u00e9s\u00a0tambi\u00e9n parte de su fortuna.<\/p>\n<p><span data-slot-id=\"Article_InContent-1\" class=\"rich-text-ad\"\/><\/p>\n<h2>Emigraci\u00f3n a Estados Unidos<\/h2>\n<p>Los Mann dieron as\u00ed finalmente la espalda a Alemania. En 1938, Thomas y Katja emigraron a Estados Unidos. \u00c9l acept\u00f3 un puesto de profesor visitante en una universidad de Princeton. Cuando un periodista le pregunt\u00f3 a su llegada si consideraba el exilio una carga, Thomas Mann respondi\u00f3: \u00abDonde estoy es Alemania\u00a0Llevo mi cultura dentro de m\u00ed y no me considero un hombre abatido\u00bb. Luego vivi\u00f3 tambi\u00e9n en Los \u00c1ngeles, donde se conserva su casa.<\/p>\n<p>A partir de 1940, Thomas Mann hizo un llamado a los alemanes a la resistencia. La emisora \u200b\u200bbrit\u00e1nica BBC transmiti\u00f3 sus alocuciones radiales mensuales en onda larga a la antigua patria de Mann, eludiendo la censura alemana. En m\u00e1s de sesenta 60 emisiones, apel\u00f3 a la conciencia de sus compatriotas, sin omitir el asesinato en masa de jud\u00edos.<\/p>\n<div class=\"vjs-wrapper embed big\">\n<h2 aria-label=\"Video integrado \u2014 100 Buenos Libros: &quot;Los Buddenbrook&quot;, de Thomas Mann\" class=\"headline\"><svg xmlns=\"http:\/\/www.w3.org\/2000\/svg\" viewbox=\"0 0 20 20\"><g fill-rule=\"evenodd\"><path d=\"M14.114 7.599H13.5l.002 4.706h.601l4.582 3.25-.005-11.11zM11.084 4.444l-9.007.002-1.336.797.002 9.514 1.334.793 9.007.006 1.509-.799-.004-9.516z\"\/><\/g><\/svg>100 Buenos Libros: \u00abLos Buddenbrook\u00bb, de Thomas Mann<\/h2>\n<p><video id=\"video-45849534\" controls=\"\" playsinline=\"\" preload=\"none\" poster=\"data:image\/png;base64,iVBORw0KGgoAAAANSUhEUgAAAAEAAAABCAQAAAC1HAwCAAAAC0lEQVR42mNkYAAAAAYAAjCB0C8AAAAASUVORK5CYII=\" data-id=\"45849534\" data-posterurl=\"https:\/\/tvdownloaddw-a.akamaihd.net\/stills\/images\/vdt_esp\/2018\/bspa181011_001_mann_01i_partner.jpg\" data-duration=\"02:09\"><source src=\"https:\/\/hlsvod.dw.com\/i\/dwtv_video\/flv\/vdt_esp\/2018\/bspa181011_001_mann_01i_,sd_sor,sd_avc,.mp4.csmil\/master.m3u8\" type=\"application\/x-mpegURL\"><source src=\"https:\/\/tvdownloaddw-a.akamaihd.net\/dwtv_video\/flv\/vdt_esp\/2018\/bspa181011_001_mann_01i_sd_avc.mp4\" type=\"video\/mp4\"><p class=\"vjs-no-js\">Para ver este video, habilite JavaScript y considere actualizar a un navegador web que admite el video HTML5<\/p>\n<p><\/source><\/source><\/video><\/div>\n<p>Pero incluso entre los opositores a la guerra, Mann tambi\u00e9n se crea enemigos: cuando finalmente callaron las armas, escribi\u00f3 la carta p\u00fablica <em>Por qu\u00e9 no regreso a Alemania<\/em> (1945). En ella, culpa a todos los alemanes de los horrores de la \u00e9poca nazi. Los cr\u00edticos le niegan el derecho, como exiliado, a juzgar la vida bajo Hitler.<\/p>\n<p>Tambi\u00e9n provoca incomprensi\u00f3n la frase con la que Mann se refiere al bombardeo de ciudades alemanas, algo as\u00ed como \u00abtodo tiene un precio\u00bb. Tambi\u00e9n genera controversia en el \u00e1mbito literario, como con su novela <em>Doctor Fausto<\/em>de 1947, que narra el pacto del compositor Adrian Leverk\u00fchn con el diablo, y se trata del an\u00e1lisis que hace\u00a0Mann de las condiciones sociales que hicieron posible el nacionalsocialismo.<\/p>\n<p>Pero las cosas tampoco van del todo bien en Estados Unidos: el pa\u00eds de caza de brujas de la posguerra sospecha de \u00e9l como simpatizante del partido comunista y es citado por el comit\u00e9 de actividades antiestadounidenses. As\u00ed, el escritor abandona Estados Unidos de nuevo en 1952. Y no se siente atra\u00eddo por ninguno de los dos Estados alemanes. En cambio, regresa a Suiza, donde falleci\u00f3 el 12 de agosto de 1955 en el Hospital Cantonal de Z\u00farich, a la edad de 80 a\u00f1os. Con su literatura, pero tambi\u00e9n con su inquebrantable postura frente a los inhumanos nazis, Thomas Mann dio un ejemplo de valent\u00eda. Un legado que perdura.<\/p>\n<p>(LGC\/RR)<\/p>\n<\/div>\n\n","protected":false},"excerpt":{"rendered":"<p>El mundo literario est\u00e1 de acuerdo: la vida y la obra de Thomas Mann (1875-1955) estuvieron estrechamente ligadas. El autor alem\u00e1n alcanz\u00f3 fama mundial, tanto como una voz importante en la cultura como un viajero entre dos mundos. Su fama se asienta principalmente en su obra literaria: escribi\u00f3 grandes novelas como Los Buddenbrook (por la &hellip;<\/p>\n","protected":false},"author":1,"featured_media":30657,"comment_status":"open","ping_status":"open","sticky":false,"template":"","format":"standard","meta":{"fifu_image_url":"https:\/\/static.dw.com\/image\/70525125_6.jpg","fifu_image_alt":"","footnotes":""},"categories":[13],"tags":[],"class_list":["post-30656","post","type-post","status-publish","format-standard","has-post-thumbnail","","category-mundo"],"_links":{"self":[{"href":"https:\/\/noticiasveraces.com\/index.php?rest_route=\/wp\/v2\/posts\/30656","targetHints":{"allow":["GET"]}}],"collection":[{"href":"https:\/\/noticiasveraces.com\/index.php?rest_route=\/wp\/v2\/posts"}],"about":[{"href":"https:\/\/noticiasveraces.com\/index.php?rest_route=\/wp\/v2\/types\/post"}],"author":[{"embeddable":true,"href":"https:\/\/noticiasveraces.com\/index.php?rest_route=\/wp\/v2\/users\/1"}],"replies":[{"embeddable":true,"href":"https:\/\/noticiasveraces.com\/index.php?rest_route=%2Fwp%2Fv2%2Fcomments&post=30656"}],"version-history":[{"count":0,"href":"https:\/\/noticiasveraces.com\/index.php?rest_route=\/wp\/v2\/posts\/30656\/revisions"}],"wp:featuredmedia":[{"embeddable":true,"href":"https:\/\/noticiasveraces.com\/index.php?rest_route=\/wp\/v2\/media\/30657"}],"wp:attachment":[{"href":"https:\/\/noticiasveraces.com\/index.php?rest_route=%2Fwp%2Fv2%2Fmedia&parent=30656"}],"wp:term":[{"taxonomy":"category","embeddable":true,"href":"https:\/\/noticiasveraces.com\/index.php?rest_route=%2Fwp%2Fv2%2Fcategories&post=30656"},{"taxonomy":"post_tag","embeddable":true,"href":"https:\/\/noticiasveraces.com\/index.php?rest_route=%2Fwp%2Fv2%2Ftags&post=30656"}],"curies":[{"name":"wp","href":"https:\/\/api.w.org\/{rel}","templated":true}]}}