{"id":30650,"date":"2025-06-07T13:20:11","date_gmt":"2025-06-07T17:20:11","guid":{"rendered":"https:\/\/noticiasveraces.com\/?p=30650"},"modified":"2025-06-07T13:20:11","modified_gmt":"2025-06-07T17:20:11","slug":"hombre-arrolla-con-vehiculo-a-multitud-en-passau-alemania-dw-07-06-2025","status":"publish","type":"post","link":"https:\/\/noticiasveraces.com\/?p=30650","title":{"rendered":"Hombre arrolla con veh\u00edculo a multitud en Passau, Alemania \u2013 DW \u2013 07\/06\/2025"},"content":{"rendered":"<p> \n<\/p>\n<div>\n<p>Un hombre de 48 a\u00f1os fue detenido en Passau, en el sur de Alemania, este s\u00e1bado (07.06.2025) despu\u00e9s de arrollar con su autom\u00f3vil a un grupo de personas, en un incidente que la polic\u00eda no descarta que pudiese ser deliberado.<\/p>\n<p>El detenido embisti\u00f3 con su Mercedes a las personas que se encontraban en la acera, entre los que estaban su esposa de 38 a\u00f1os y su hija de cinco.<\/p>\n<p>\u00abPor el momento no se puede excluir que el hombre condujera de forma deliberada el veh\u00edculo contra el grupo de personas. Hasta ahora se desconoce la gravedad de las heridas\u00bb, se\u00f1al\u00f3 la polic\u00eda de Baja Baviera en un comunicado.<\/p>\n<p>Cinco personas est\u00e1n siendo atendidas en el hospital, entre ellas los dos familiares del conductor.<\/p>\n<p>Este viernes, ya hab\u00edan saltado las alarmas por un incidente similar en el norte de Alemania, en el que varias personas que se hallaban ante una helader\u00eda fueron arrolladas por un veh\u00edculo, aunque finalmente result\u00f3 que el conductor, de avanzada edad, hab\u00eda perdido el control del autom\u00f3vil por una emergencia m\u00e9dica.<\/p>\n<p>RR Efe\/DPA<\/p>\n<\/div>\n\n","protected":false},"excerpt":{"rendered":"<p>Un hombre de 48 a\u00f1os fue detenido en Passau, en el sur de Alemania, este s\u00e1bado (07.06.2025) despu\u00e9s de arrollar con su autom\u00f3vil a un grupo de personas, en un incidente que la polic\u00eda no descarta que pudiese ser deliberado. El detenido embisti\u00f3 con su Mercedes a las personas que se encontraban en la acera, &hellip;<\/p>\n","protected":false},"author":1,"featured_media":30651,"comment_status":"open","ping_status":"open","sticky":false,"template":"","format":"standard","meta":{"fifu_image_url":"https:\/\/static.dw.com\/image\/72832303_6.jpg","fifu_image_alt":"","footnotes":""},"categories":[13],"tags":[],"class_list":["post-30650","post","type-post","status-publish","format-standard","has-post-thumbnail","","category-mundo"],"_links":{"self":[{"href":"https:\/\/noticiasveraces.com\/index.php?rest_route=\/wp\/v2\/posts\/30650","targetHints":{"allow":["GET"]}}],"collection":[{"href":"https:\/\/noticiasveraces.com\/index.php?rest_route=\/wp\/v2\/posts"}],"about":[{"href":"https:\/\/noticiasveraces.com\/index.php?rest_route=\/wp\/v2\/types\/post"}],"author":[{"embeddable":true,"href":"https:\/\/noticiasveraces.com\/index.php?rest_route=\/wp\/v2\/users\/1"}],"replies":[{"embeddable":true,"href":"https:\/\/noticiasveraces.com\/index.php?rest_route=%2Fwp%2Fv2%2Fcomments&post=30650"}],"version-history":[{"count":0,"href":"https:\/\/noticiasveraces.com\/index.php?rest_route=\/wp\/v2\/posts\/30650\/revisions"}],"wp:featuredmedia":[{"embeddable":true,"href":"https:\/\/noticiasveraces.com\/index.php?rest_route=\/wp\/v2\/media\/30651"}],"wp:attachment":[{"href":"https:\/\/noticiasveraces.com\/index.php?rest_route=%2Fwp%2Fv2%2Fmedia&parent=30650"}],"wp:term":[{"taxonomy":"category","embeddable":true,"href":"https:\/\/noticiasveraces.com\/index.php?rest_route=%2Fwp%2Fv2%2Fcategories&post=30650"},{"taxonomy":"post_tag","embeddable":true,"href":"https:\/\/noticiasveraces.com\/index.php?rest_route=%2Fwp%2Fv2%2Ftags&post=30650"}],"curies":[{"name":"wp","href":"https:\/\/api.w.org\/{rel}","templated":true}]}}