{"id":30647,"date":"2025-06-07T12:18:54","date_gmt":"2025-06-07T16:18:54","guid":{"rendered":"https:\/\/noticiasveraces.com\/?p=30647"},"modified":"2025-06-07T12:18:54","modified_gmt":"2025-06-07T16:18:54","slug":"los-veteranos-del-dia-d-comparten-reflexiones-en-la-ceremonia-de-normandia-81-anos-despues","status":"publish","type":"post","link":"https:\/\/noticiasveraces.com\/?p=30647","title":{"rendered":"Los veteranos del d\u00eda D comparten reflexiones en la ceremonia de Normand\u00eda 81 a\u00f1os despu\u00e9s"},"content":{"rendered":"<p> \n<\/p>\n<div>\n<div id=\"beyondwords-wrapper\" class=\"beyondwords-wrapper\">\n<p><span class=\"label-bg\">NUEVO<\/span>\u00a1Ahora puedes escuchar art\u00edculos de Fox News!\n  <\/p>\n<\/div>\n<p class=\"speakable\">He cubierto muchos aniversarios del d\u00eda D, y nunca pierden su poder para moverse.<\/p>\n<p class=\"speakable\">Est\u00e1bamos en el 81 aniversario en el impresionante cementerio estadounidense en Normand\u00eda, cerca de Omaha Beach, el viernes. American y otras fuerzas aliadas aterrizaron en eso y en otras playas, as\u00ed como en paraca\u00eddas de los cielos, para derrotar a la Alemania nazi en la Segunda Guerra Mundial.<\/p>\n<p><strong>Los veteranos de la Segunda Guerra Mundial viajan a Normand\u00eda para la conmemoraci\u00f3n emocional del d\u00eda D<\/strong><\/p>\n<div class=\"image-ct inline\">\n<div class=\"m\"><picture><source media=\"(max-width: 767px)\" srcset=\"https:\/\/a57.foxnews.com\/static.foxnews.com\/foxnews.com\/content\/uploads\/2025\/06\/343\/192\/palkot-dday1.jpg?ve=1&amp;tl=1, https:\/\/a57.foxnews.com\/static.foxnews.com\/foxnews.com\/content\/uploads\/2025\/06\/686\/384\/palkot-dday1.jpg?ve=1&amp;tl=1 2x\" height=\"192\" width=\"343\"><source media=\"(min-width: 768px) and (max-width: 1023px)\" srcset=\"https:\/\/a57.foxnews.com\/static.foxnews.com\/foxnews.com\/content\/uploads\/2025\/06\/672\/378\/palkot-dday1.jpg?ve=1&amp;tl=1, https:\/\/a57.foxnews.com\/static.foxnews.com\/foxnews.com\/content\/uploads\/2025\/06\/1344\/756\/palkot-dday1.jpg?ve=1&amp;tl=1 2x\" height=\"378\" width=\"672\"><source media=\"(min-width: 1024px) and (max-width: 1279px)\" srcset=\"https:\/\/a57.foxnews.com\/static.foxnews.com\/foxnews.com\/content\/uploads\/2025\/06\/931\/523\/palkot-dday1.jpg?ve=1&amp;tl=1, https:\/\/a57.foxnews.com\/static.foxnews.com\/foxnews.com\/content\/uploads\/2025\/06\/1862\/1046\/palkot-dday1.jpg?ve=1&amp;tl=1 2x\" height=\"523\" width=\"931\"><source media=\"(min-width: 1280px)\" srcset=\"https:\/\/a57.foxnews.com\/static.foxnews.com\/foxnews.com\/content\/uploads\/2025\/06\/720\/405\/palkot-dday1.jpg?ve=1&amp;tl=1, https:\/\/a57.foxnews.com\/static.foxnews.com\/foxnews.com\/content\/uploads\/2025\/06\/1440\/810\/palkot-dday1.jpg?ve=1&amp;tl=1 2x\" height=\"405\" width=\"720\"><img loading=\"lazy\" decoding=\"async\" src=\"https:\/\/a57.foxnews.com\/static.foxnews.com\/foxnews.com\/content\/uploads\/2025\/06\/1200\/675\/palkot-dday1.jpg?ve=1&amp;tl=1\" alt=\"Greg Palkot toma una foto en un cementerio\" width=\"1200\" height=\"675\"\/><\/source><\/source><\/source><\/source><\/picture><\/div>\n<div class=\"info\">\n<div class=\"caption\">\n<p><span>Greg Palkot de Fox News visita un cementerio estadounidense en Normand\u00eda, Francia, el 6 de junio de 2025.<\/span> <span>(Greg Palkot)<\/span><\/p>\n<\/div>\n<\/div>\n<\/div>\n<p>Unas 75,000 tropas estadounidenses estaban involucradas. 2,500 fueron asesinados. 5,000 heridos. Solo en ese d\u00eda mismo.<\/p>\n<p>Uno de los que llegaron a trav\u00e9s de Omaha Beach es el Jake Larson, nacido en Minnesota, nacido en Minnesota de 102 a\u00f1os. \u00c9l nos declar\u00f3 jubilosamente: \u00abNo solo logr\u00e9 pasar seis batallas &#8230; \u00a1lo hice sin un rasgu\u00f1o! Alguien &#8216;arriba&#8217; me ama\u00bb.<\/p>\n<div class=\"image-ct inline\">\n<div class=\"m\"><picture><source media=\"(max-width: 767px)\" srcset=\"https:\/\/a57.foxnews.com\/static.foxnews.com\/foxnews.com\/content\/uploads\/2025\/06\/343\/192\/wwii-veterans-statues.jpg?ve=1&amp;tl=1, https:\/\/a57.foxnews.com\/static.foxnews.com\/foxnews.com\/content\/uploads\/2025\/06\/686\/384\/wwii-veterans-statues.jpg?ve=1&amp;tl=1 2x\" height=\"192\" width=\"343\"><source media=\"(min-width: 768px) and (max-width: 1023px)\" srcset=\"https:\/\/a57.foxnews.com\/static.foxnews.com\/foxnews.com\/content\/uploads\/2025\/06\/672\/378\/wwii-veterans-statues.jpg?ve=1&amp;tl=1, https:\/\/a57.foxnews.com\/static.foxnews.com\/foxnews.com\/content\/uploads\/2025\/06\/1344\/756\/wwii-veterans-statues.jpg?ve=1&amp;tl=1 2x\" height=\"378\" width=\"672\"><source media=\"(min-width: 1024px) and (max-width: 1279px)\" srcset=\"https:\/\/a57.foxnews.com\/static.foxnews.com\/foxnews.com\/content\/uploads\/2025\/06\/931\/523\/wwii-veterans-statues.jpg?ve=1&amp;tl=1, https:\/\/a57.foxnews.com\/static.foxnews.com\/foxnews.com\/content\/uploads\/2025\/06\/1862\/1046\/wwii-veterans-statues.jpg?ve=1&amp;tl=1 2x\" height=\"523\" width=\"931\"><source media=\"(min-width: 1280px)\" srcset=\"https:\/\/a57.foxnews.com\/static.foxnews.com\/foxnews.com\/content\/uploads\/2025\/06\/720\/405\/wwii-veterans-statues.jpg?ve=1&amp;tl=1, https:\/\/a57.foxnews.com\/static.foxnews.com\/foxnews.com\/content\/uploads\/2025\/06\/1440\/810\/wwii-veterans-statues.jpg?ve=1&amp;tl=1 2x\" height=\"405\" width=\"720\"><img loading=\"lazy\" decoding=\"async\" src=\"https:\/\/a57.foxnews.com\/static.foxnews.com\/foxnews.com\/content\/uploads\/2025\/06\/1200\/675\/wwii-veterans-statues.jpg?ve=1&amp;tl=1\" alt=\"Estatuas de los veteranos de la Segunda Guerra Mundial sobre hierba\" width=\"1200\" height=\"675\"\/><\/source><\/source><\/source><\/source><\/picture><\/div>\n<div class=\"info\">\n<div class=\"caption\">\n<p><span>Monumento present\u00f3 el 6 de junio de 2025, honrando a los pilotos estadounidenses que perdieron la vida en la invasi\u00f3n del D\u00eda D y en toda Europa en la Segunda Guerra Mundial (Cortes\u00eda de la Fundaci\u00f3n de Greatest Generations)<\/span> <span>(La Fundaci\u00f3n de Greatest Generations)<\/span><\/p>\n<\/div>\n<\/div>\n<\/div>\n<p><strong>Los veteranos de la Segunda Guerra Mundial viajan a Normand\u00eda para la conmemoraci\u00f3n emocional del d\u00eda D<\/strong><\/p>\n<div class=\"image-ct inline\">\n<div class=\"m\"><picture><source media=\"(max-width: 767px)\" srcset=\"https:\/\/a57.foxnews.com\/static.foxnews.com\/foxnews.com\/content\/uploads\/2025\/06\/343\/192\/palkot-jake-larson.jpg?ve=1&amp;tl=1, https:\/\/a57.foxnews.com\/static.foxnews.com\/foxnews.com\/content\/uploads\/2025\/06\/686\/384\/palkot-jake-larson.jpg?ve=1&amp;tl=1 2x\" height=\"192\" width=\"343\"><source media=\"(min-width: 768px) and (max-width: 1023px)\" srcset=\"https:\/\/a57.foxnews.com\/static.foxnews.com\/foxnews.com\/content\/uploads\/2025\/06\/672\/378\/palkot-jake-larson.jpg?ve=1&amp;tl=1, https:\/\/a57.foxnews.com\/static.foxnews.com\/foxnews.com\/content\/uploads\/2025\/06\/1344\/756\/palkot-jake-larson.jpg?ve=1&amp;tl=1 2x\" height=\"378\" width=\"672\"><source media=\"(min-width: 1024px) and (max-width: 1279px)\" srcset=\"https:\/\/a57.foxnews.com\/static.foxnews.com\/foxnews.com\/content\/uploads\/2025\/06\/931\/523\/palkot-jake-larson.jpg?ve=1&amp;tl=1, https:\/\/a57.foxnews.com\/static.foxnews.com\/foxnews.com\/content\/uploads\/2025\/06\/1862\/1046\/palkot-jake-larson.jpg?ve=1&amp;tl=1 2x\" height=\"523\" width=\"931\"><source media=\"(min-width: 1280px)\" srcset=\"https:\/\/a57.foxnews.com\/static.foxnews.com\/foxnews.com\/content\/uploads\/2025\/06\/720\/405\/palkot-jake-larson.jpg?ve=1&amp;tl=1, https:\/\/a57.foxnews.com\/static.foxnews.com\/foxnews.com\/content\/uploads\/2025\/06\/1440\/810\/palkot-jake-larson.jpg?ve=1&amp;tl=1 2x\" height=\"405\" width=\"720\"><img loading=\"lazy\" decoding=\"async\" src=\"https:\/\/a57.foxnews.com\/static.foxnews.com\/foxnews.com\/content\/uploads\/2025\/06\/1200\/675\/palkot-jake-larson.jpg?ve=1&amp;tl=1\" alt=\"Greg Palkot y el veterano Jake Larson toman una foto juntos\" width=\"1200\" height=\"675\"\/><\/source><\/source><\/source><\/source><\/picture><\/div>\n<div class=\"info\">\n<div class=\"caption\">\n<p><span>Greg Palkot de Fox News con el veterano del d\u00eda D de 102 a\u00f1os Jake Larson el 6 de junio de 2025.<\/span> <span>(Greg Palkot)<\/span><\/p>\n<\/div>\n<\/div>\n<\/div>\n<p>El Secretario de Defensa, Pete Hegseth, habl\u00f3 en la ceremonia que marca el d\u00eda y se reuni\u00f3 con el n\u00famero cada vez menor de veteranos de la Segunda Guerra Mundial.<\/p>\n<p>Nos dijo que las alianzas eran importantes en el d\u00eda D y a\u00fan as\u00ed podr\u00eda ser importante en estos tiempos dif\u00edciles.<\/p>\n<p><strong>El secretario de Defensa, Pete Hegseth, revela por qu\u00e9 el reclutamiento militar se ha disparado bajo Trump<\/strong><\/p>\n<div class=\"image-ct inline\">\n<div class=\"m\"><picture><source media=\"(max-width: 767px)\" srcset=\"https:\/\/a57.foxnews.com\/static.foxnews.com\/foxnews.com\/content\/uploads\/2025\/06\/343\/192\/palkot-dday-air-parade.jpg?ve=1&amp;tl=1, https:\/\/a57.foxnews.com\/static.foxnews.com\/foxnews.com\/content\/uploads\/2025\/06\/686\/384\/palkot-dday-air-parade.jpg?ve=1&amp;tl=1 2x\" height=\"192\" width=\"343\"><source media=\"(min-width: 768px) and (max-width: 1023px)\" srcset=\"https:\/\/a57.foxnews.com\/static.foxnews.com\/foxnews.com\/content\/uploads\/2025\/06\/672\/378\/palkot-dday-air-parade.jpg?ve=1&amp;tl=1, https:\/\/a57.foxnews.com\/static.foxnews.com\/foxnews.com\/content\/uploads\/2025\/06\/1344\/756\/palkot-dday-air-parade.jpg?ve=1&amp;tl=1 2x\" height=\"378\" width=\"672\"><source media=\"(min-width: 1024px) and (max-width: 1279px)\" srcset=\"https:\/\/a57.foxnews.com\/static.foxnews.com\/foxnews.com\/content\/uploads\/2025\/06\/931\/523\/palkot-dday-air-parade.jpg?ve=1&amp;tl=1, https:\/\/a57.foxnews.com\/static.foxnews.com\/foxnews.com\/content\/uploads\/2025\/06\/1862\/1046\/palkot-dday-air-parade.jpg?ve=1&amp;tl=1 2x\" height=\"523\" width=\"931\"><source media=\"(min-width: 1280px)\" srcset=\"https:\/\/a57.foxnews.com\/static.foxnews.com\/foxnews.com\/content\/uploads\/2025\/06\/720\/405\/palkot-dday-air-parade.jpg?ve=1&amp;tl=1, https:\/\/a57.foxnews.com\/static.foxnews.com\/foxnews.com\/content\/uploads\/2025\/06\/1440\/810\/palkot-dday-air-parade.jpg?ve=1&amp;tl=1 2x\" height=\"405\" width=\"720\"><img loading=\"lazy\" decoding=\"async\" src=\"https:\/\/a57.foxnews.com\/static.foxnews.com\/foxnews.com\/content\/uploads\/2025\/06\/1200\/675\/palkot-dday-air-parade.jpg?ve=1&amp;tl=1\" alt=\"Aviones volando sobre un cementerio americano\" width=\"1200\" height=\"675\"\/><\/source><\/source><\/source><\/source><\/picture><\/div>\n<div class=\"info\">\n<div class=\"caption\">\n<p><span>Los aviones militares vuelan sobre un cementerio estadounidense en Normand\u00eda, Francia, en recuerdo del d\u00eda D el 6 de junio de 2025.<\/span> <span>(Greg Palkot)<\/span><\/p>\n<\/div>\n<\/div>\n<\/div>\n<p>\u00abAmerica First &#8216;no ha significado y no significa&#8217; Am\u00e9rica solo &#8216;\u00bb, agreg\u00f3. \u00abTrabajando con nuestros aliados y socios, hay mucho que podemos lograr ahora con la recopilaci\u00f3n de amenazas en el mundo\u00bb.<\/p>\n<p>A\u00fan as\u00ed, algunos de los que vieron acci\u00f3n en Normand\u00eda y en todo el mundo en la Segunda Guerra Mundial no est\u00e1n seguros de que el mensaje haya pasado.<\/p>\n<div class=\"image-ct inline\">\n<div class=\"m\"><picture><source media=\"(max-width: 767px)\" srcset=\"https:\/\/a57.foxnews.com\/static.foxnews.com\/foxnews.com\/content\/uploads\/2025\/06\/343\/192\/palkot-ww2-veterans-memorial.jpg?ve=1&amp;tl=1, https:\/\/a57.foxnews.com\/static.foxnews.com\/foxnews.com\/content\/uploads\/2025\/06\/686\/384\/palkot-ww2-veterans-memorial.jpg?ve=1&amp;tl=1 2x\" height=\"192\" width=\"343\"><source media=\"(min-width: 768px) and (max-width: 1023px)\" srcset=\"https:\/\/a57.foxnews.com\/static.foxnews.com\/foxnews.com\/content\/uploads\/2025\/06\/672\/378\/palkot-ww2-veterans-memorial.jpg?ve=1&amp;tl=1, https:\/\/a57.foxnews.com\/static.foxnews.com\/foxnews.com\/content\/uploads\/2025\/06\/1344\/756\/palkot-ww2-veterans-memorial.jpg?ve=1&amp;tl=1 2x\" height=\"378\" width=\"672\"><source media=\"(min-width: 1024px) and (max-width: 1279px)\" srcset=\"https:\/\/a57.foxnews.com\/static.foxnews.com\/foxnews.com\/content\/uploads\/2025\/06\/931\/523\/palkot-ww2-veterans-memorial.jpg?ve=1&amp;tl=1, https:\/\/a57.foxnews.com\/static.foxnews.com\/foxnews.com\/content\/uploads\/2025\/06\/1862\/1046\/palkot-ww2-veterans-memorial.jpg?ve=1&amp;tl=1 2x\" height=\"523\" width=\"931\"><source media=\"(min-width: 1280px)\" srcset=\"https:\/\/a57.foxnews.com\/static.foxnews.com\/foxnews.com\/content\/uploads\/2025\/06\/720\/405\/palkot-ww2-veterans-memorial.jpg?ve=1&amp;tl=1, https:\/\/a57.foxnews.com\/static.foxnews.com\/foxnews.com\/content\/uploads\/2025\/06\/1440\/810\/palkot-ww2-veterans-memorial.jpg?ve=1&amp;tl=1 2x\" height=\"405\" width=\"720\"><img loading=\"lazy\" decoding=\"async\" src=\"https:\/\/a57.foxnews.com\/static.foxnews.com\/foxnews.com\/content\/uploads\/2025\/06\/1200\/675\/palkot-ww2-veterans-memorial.jpg?ve=1&amp;tl=1\" alt=\"Veteranos que saludan en un desfile de celebraci\u00f3n del d\u00eda D\" width=\"1200\" height=\"675\"\/><\/source><\/source><\/source><\/source><\/picture><\/div>\n<div class=\"info\">\n<div class=\"caption\">\n<p><span>Veteranos de la Segunda Guerra Mundial en una ceremonia de celebraci\u00f3n del d\u00eda D el 6 de junio de 2025.<\/span> <span>(Greg Palkot)<\/span><\/p>\n<\/div>\n<\/div>\n<\/div>\n<p>Dos veteranos de combate centenario y neoyorquinos nativos, tra\u00eddos a Francia por la Greatest Generations Foundation, tienen sus propios pensamientos.<\/p>\n<p>Ray Sweeney, nacido en Flushing, pregunt\u00f3 ret\u00f3ricamente: \u00ab\u00bfQu\u00e9 aprendimos? No creo que hayamos aprendido mucho. Renunciamos a muchos cuerpos. Ten\u00edamos muchos cuerpos\u00bb.<\/p>\n<p><strong><u>Haga clic aqu\u00ed para obtener la aplicaci\u00f3n Fox News<\/u><\/strong><\/p>\n<div class=\"image-ct inline\">\n<div class=\"m\"><picture><source media=\"(max-width: 767px)\" srcset=\"https:\/\/a57.foxnews.com\/static.foxnews.com\/foxnews.com\/content\/uploads\/2025\/06\/343\/192\/palkot-ray-sweeny.jpg?ve=1&amp;tl=1, https:\/\/a57.foxnews.com\/static.foxnews.com\/foxnews.com\/content\/uploads\/2025\/06\/686\/384\/palkot-ray-sweeny.jpg?ve=1&amp;tl=1 2x\" height=\"192\" width=\"343\"><source media=\"(min-width: 768px) and (max-width: 1023px)\" srcset=\"https:\/\/a57.foxnews.com\/static.foxnews.com\/foxnews.com\/content\/uploads\/2025\/06\/672\/378\/palkot-ray-sweeny.jpg?ve=1&amp;tl=1, https:\/\/a57.foxnews.com\/static.foxnews.com\/foxnews.com\/content\/uploads\/2025\/06\/1344\/756\/palkot-ray-sweeny.jpg?ve=1&amp;tl=1 2x\" height=\"378\" width=\"672\"><source media=\"(min-width: 1024px) and (max-width: 1279px)\" srcset=\"https:\/\/a57.foxnews.com\/static.foxnews.com\/foxnews.com\/content\/uploads\/2025\/06\/931\/523\/palkot-ray-sweeny.jpg?ve=1&amp;tl=1, https:\/\/a57.foxnews.com\/static.foxnews.com\/foxnews.com\/content\/uploads\/2025\/06\/1862\/1046\/palkot-ray-sweeny.jpg?ve=1&amp;tl=1 2x\" height=\"523\" width=\"931\"><source media=\"(min-width: 1280px)\" srcset=\"https:\/\/a57.foxnews.com\/static.foxnews.com\/foxnews.com\/content\/uploads\/2025\/06\/720\/405\/palkot-ray-sweeny.jpg?ve=1&amp;tl=1, https:\/\/a57.foxnews.com\/static.foxnews.com\/foxnews.com\/content\/uploads\/2025\/06\/1440\/810\/palkot-ray-sweeny.jpg?ve=1&amp;tl=1 2x\" height=\"405\" width=\"720\"><img loading=\"lazy\" decoding=\"async\" src=\"https:\/\/a57.foxnews.com\/static.foxnews.com\/foxnews.com\/content\/uploads\/2025\/06\/1200\/675\/palkot-ray-sweeny.jpg?ve=1&amp;tl=1\" alt=\"Greg Palkot y Ray Sweeny toman una foto juntos\" width=\"1200\" height=\"675\"\/><\/source><\/source><\/source><\/source><\/picture><\/div>\n<div class=\"info\">\n<div class=\"caption\">\n<p><span>Greg Palkot de Fox News con el veterano de la Segunda Guerra Mundial de 103 a\u00f1os, Ray Sweeney, el 6 de junio de 2025.<\/span> <span>(Greg Palkot)<\/span><\/p>\n<\/div>\n<\/div>\n<\/div>\n<p>Y Harold Radish, nacido en Brooklyn, se\u00f1al\u00f3: \u00abLa guerra es heroica en las pel\u00edculas. Pero en la vida real, est\u00e1 matando. No se lleva bien con alguien\u00bb.<\/p>\n<p>A\u00fan as\u00ed, las multitudes que llegaron el viernes a las ahora playas francesas eran estables y grandes. Una fuerte se\u00f1al de que se han recordado los sacrificios. Y tal vez algunas lecciones aprendidas.<\/p>\n<div class=\"image-ct inline\">\n<div class=\"m\"><picture><source media=\"(max-width: 767px)\" srcset=\"https:\/\/a57.foxnews.com\/static.foxnews.com\/foxnews.com\/content\/uploads\/2025\/06\/343\/192\/palkot-normandy-beach.jpg?ve=1&amp;tl=1, https:\/\/a57.foxnews.com\/static.foxnews.com\/foxnews.com\/content\/uploads\/2025\/06\/686\/384\/palkot-normandy-beach.jpg?ve=1&amp;tl=1 2x\" height=\"192\" width=\"343\"><source media=\"(min-width: 768px) and (max-width: 1023px)\" srcset=\"https:\/\/a57.foxnews.com\/static.foxnews.com\/foxnews.com\/content\/uploads\/2025\/06\/672\/378\/palkot-normandy-beach.jpg?ve=1&amp;tl=1, https:\/\/a57.foxnews.com\/static.foxnews.com\/foxnews.com\/content\/uploads\/2025\/06\/1344\/756\/palkot-normandy-beach.jpg?ve=1&amp;tl=1 2x\" height=\"378\" width=\"672\"><source media=\"(min-width: 1024px) and (max-width: 1279px)\" srcset=\"https:\/\/a57.foxnews.com\/static.foxnews.com\/foxnews.com\/content\/uploads\/2025\/06\/931\/523\/palkot-normandy-beach.jpg?ve=1&amp;tl=1, https:\/\/a57.foxnews.com\/static.foxnews.com\/foxnews.com\/content\/uploads\/2025\/06\/1862\/1046\/palkot-normandy-beach.jpg?ve=1&amp;tl=1 2x\" height=\"523\" width=\"931\"><source media=\"(min-width: 1280px)\" srcset=\"https:\/\/a57.foxnews.com\/static.foxnews.com\/foxnews.com\/content\/uploads\/2025\/06\/720\/405\/palkot-normandy-beach.jpg?ve=1&amp;tl=1, https:\/\/a57.foxnews.com\/static.foxnews.com\/foxnews.com\/content\/uploads\/2025\/06\/1440\/810\/palkot-normandy-beach.jpg?ve=1&amp;tl=1 2x\" height=\"405\" width=\"720\"><img loading=\"lazy\" decoding=\"async\" src=\"https:\/\/a57.foxnews.com\/static.foxnews.com\/foxnews.com\/content\/uploads\/2025\/06\/1200\/675\/palkot-normandy-beach.jpg?ve=1&amp;tl=1\" alt=\"Un veterano se encuentra a orillas de Omaha Beach\" width=\"1200\" height=\"675\"\/><\/source><\/source><\/source><\/source><\/picture><\/div>\n<div class=\"info\">\n<div class=\"caption\">\n<p><span>Un veterano se encuentra en las costas en Omaha Beach en Normand\u00eda, Francia, el 6 de junio de 2025.<\/span> <span>(Greg Palkot)<\/span><\/p>\n<\/div>\n<\/div>\n<\/div>\n<p> <!----> <\/p>\n<div class=\"article-meta\">\n<div class=\"author-bio\">\n<p>Greg Palkot se desempe\u00f1a como corresponsal senior de asuntos exteriores con sede en Londres para Fox News Channel (FNC). Se uni\u00f3 a la red en 1998 como corresponsal.<\/p>\n<\/div>\n<\/div>\n<\/div>\n\n","protected":false},"excerpt":{"rendered":"<p>NUEVO\u00a1Ahora puedes escuchar art\u00edculos de Fox News! He cubierto muchos aniversarios del d\u00eda D, y nunca pierden su poder para moverse. Est\u00e1bamos en el 81 aniversario en el impresionante cementerio estadounidense en Normand\u00eda, cerca de Omaha Beach, el viernes. American y otras fuerzas aliadas aterrizaron en eso y en otras playas, as\u00ed como en paraca\u00eddas &hellip;<\/p>\n","protected":false},"author":1,"featured_media":30649,"comment_status":"open","ping_status":"open","sticky":false,"template":"","format":"standard","meta":{"fifu_image_url":"https:\/\/static.foxnews.com\/foxnews.com\/content\/uploads\/2023\/05\/Normandy-cemetery-KJB.jpeg","fifu_image_alt":"","footnotes":""},"categories":[13],"tags":[],"class_list":["post-30647","post","type-post","status-publish","format-standard","has-post-thumbnail","","category-mundo"],"_links":{"self":[{"href":"https:\/\/noticiasveraces.com\/index.php?rest_route=\/wp\/v2\/posts\/30647","targetHints":{"allow":["GET"]}}],"collection":[{"href":"https:\/\/noticiasveraces.com\/index.php?rest_route=\/wp\/v2\/posts"}],"about":[{"href":"https:\/\/noticiasveraces.com\/index.php?rest_route=\/wp\/v2\/types\/post"}],"author":[{"embeddable":true,"href":"https:\/\/noticiasveraces.com\/index.php?rest_route=\/wp\/v2\/users\/1"}],"replies":[{"embeddable":true,"href":"https:\/\/noticiasveraces.com\/index.php?rest_route=%2Fwp%2Fv2%2Fcomments&post=30647"}],"version-history":[{"count":0,"href":"https:\/\/noticiasveraces.com\/index.php?rest_route=\/wp\/v2\/posts\/30647\/revisions"}],"wp:featuredmedia":[{"embeddable":true,"href":"https:\/\/noticiasveraces.com\/index.php?rest_route=\/wp\/v2\/media\/30649"}],"wp:attachment":[{"href":"https:\/\/noticiasveraces.com\/index.php?rest_route=%2Fwp%2Fv2%2Fmedia&parent=30647"}],"wp:term":[{"taxonomy":"category","embeddable":true,"href":"https:\/\/noticiasveraces.com\/index.php?rest_route=%2Fwp%2Fv2%2Fcategories&post=30647"},{"taxonomy":"post_tag","embeddable":true,"href":"https:\/\/noticiasveraces.com\/index.php?rest_route=%2Fwp%2Fv2%2Ftags&post=30647"}],"curies":[{"name":"wp","href":"https:\/\/api.w.org\/{rel}","templated":true}]}}