{"id":30642,"date":"2025-06-07T11:59:44","date_gmt":"2025-06-07T15:59:44","guid":{"rendered":"https:\/\/noticiasveraces.com\/?p=30642"},"modified":"2025-06-07T11:59:44","modified_gmt":"2025-06-07T15:59:44","slug":"los-oceanos-del-mundo-se-estan-muriendo-puede-una-cumbre-de-la-onu-en-niza-cambiar-la-situacion","status":"publish","type":"post","link":"https:\/\/noticiasveraces.com\/?p=30642","title":{"rendered":"Los oc\u00e9anos del mundo se est\u00e1n muriendo. \u00bfPuede una cumbre de la ONU en Niza cambiar la situaci\u00f3n?"},"content":{"rendered":"<p> \n<\/p>\n<div>\n<p>Del 9 al 13 de junio, la ciudad costera de Niza acoger\u00e1 la <em>Tercera Conferencia de las Naciones Unidas sobre los Oc\u00e9anos<\/em> (UNOC3), una cumbre de alto nivel <strong>copresidida por Francia y Costa Rica<\/strong>. Su misi\u00f3n: <strong>hacer frente a una creciente emergencia oce\u00e1nica<\/strong> que, seg\u00fan advierten los cient\u00edficos, se acerca a un punto de no retorno.<\/p>\n<p>\u201cEl oc\u00e9ano se enfrenta a una crisis sin precedentes debido al cambio clim\u00e1tico, la <strong>contaminaci\u00f3n por pl\u00e1sticos<\/strong>la <strong>p\u00e9rdida de ecosistemas<\/strong> y la <strong>sobreexplotaci\u00f3n de los recursos marinos<\/strong>\u201d, declar\u00f3 a Noticias ONU Li Junhua, un alto funcionario de la ONU que act\u00faa como Secretario General del evento.<\/p>\n<p>\u201cEsperamos que la conferencia inspire una ambici\u00f3n sin precedentes, asociaciones innovadoras y, tal vez, una sana competencia\u201d, a\u00f1adi\u00f3, subrayando la necesidad de cooperaci\u00f3n internacional para evitar da\u00f1os irreversibles.<\/p>\n<p>La presi\u00f3n est\u00e1 en marcha. La UNOC3 re\u00fane a l\u00edderes mundiales, cient\u00edficos, activistas y empresarios para hacer frente a la creciente crisis de los oc\u00e9anos.<\/p>\n<p>El objetivo: <strong>desencadenar una oleada de compromisos voluntarios<\/strong>forjar nuevas asociaciones y, si los organizadores lo consiguen, <strong>inyectar una dosis muy necesaria de responsabilidad<\/strong> en la lucha contra la degradaci\u00f3n marina.<\/p>\n<p>Las conversaciones, de una semana de duraci\u00f3n, culminar\u00e1n con la <strong>adopci\u00f3n de una declaraci\u00f3n pol\u00edtica <\/strong>y la presentaci\u00f3n del <em>Plan de Acci\u00f3n de Niza sobre los Oc\u00e9anos<\/em>un esfuerzo para hacer frente a la magnitud de la crisis, y acelerar las medidas de conservaci\u00f3n y uso sostenible de los oc\u00e9anos.<\/p>\n<h2>Mares que se calientan, arrecifes que se blanquean<\/h2>\n<p>La crisis no es una amenaza lejana: est\u00e1 ocurriendo ahora. En abril, <strong>la temperatura de la superficie del mar alcanz\u00f3 su segundo nivel m\u00e1s alto de la historia<\/strong> para ese mes,\u00a0seg\u00fan el Servicio de Cambio Clim\u00e1tico Copernicus de la Uni\u00f3n Europea.<\/p>\n<p>Mientras tanto, se est\u00e1 produciendo <strong>la <\/strong><strong>mayor decoloraci\u00f3n de corales<\/strong><strong>  de la historia<\/strong>que est\u00e1 arrasando el Caribe, el Oc\u00e9ano \u00cdndico y partes del Pac\u00edfico. M\u00e1s que un acontecimiento aislado, se trata de un desastre global.<\/p>\n<p>Loss <strong>arrecifes de coral<\/strong>que albergan una cuarta parte de todas las especies marinas y sustentan miles de millones en turismo y pesca, <strong>est\u00e1n desapareciendo<\/strong> ante nuestros ojos. Su colapso podr\u00eda desencadenar efectos en cascada sobre la biodiversidad, la seguridad alimentaria y la resistencia al cambio clim\u00e1tico.<\/p>\n<p>El da\u00f1o es a\u00fan mayor. El <strong>oc\u00e9ano <\/strong><strong>sigue absorbiendo<\/strong><strong>  m\u00e1s del 90% del exceso de calor<\/strong> procedente de las emisiones de gases de efecto invernadero, un servicio mundial que puede estar llegando a su l\u00edmite.<\/p>\n<p>\u201cRetos como la contaminaci\u00f3n por pl\u00e1sticos, la sobrepesca, la p\u00e9rdida de biodiversidad, la acidificaci\u00f3n de los oc\u00e9anos y el calentamiento est\u00e1n todos relacionados con el cambio clim\u00e1tico\u201d, advirti\u00f3 Li.<\/p>\n<div class=\"context-un_news_large_credit type-entermedia_image media media--type-entermedia-image media--view-mode-un-news-large-credit\">\n<div class=\"field field--name-thumbnail field--type-image field--label-hidden field__item\"><img decoding=\"async\" src=\"https:\/\/global.unitednations.entermediadb.net\/assets\/mediadb\/services\/module\/asset\/downloads\/preset\/Collections\/Embargoed\/29-05-2025-World-Ocean-Day-Competition-01.jpg\/image770x420cropped.jpg\" alt=\"  Se calcula que el 60% de los ecosistemas marinos del mundo se han degradado o se utilizan de forma insostenible.\" title=\" Se calcula que el 60% de los ecosistemas marinos del mundo se han degradado o se utilizan de forma insostenible.\" loading=\"lazy\" width=\"770\" height=\"420\"\/>\n<\/div>\n<\/div>\n<h2>Puntos de inflexi\u00f3n<\/h2>\n<p>No obstante, se han producido avances notables. En 2022, la Organizaci\u00f3n Mundial del Comercio alcanz\u00f3 un acuerdo de gran alcance para <strong>eliminar gradualmente las subvenciones perjudiciales que alimentan la sobrepesca<\/strong>ofreciendo un raro atisbo de resoluci\u00f3n multilateral.<\/p>\n<p>Al a\u00f1o siguiente, tras d\u00e9cadas de estancamiento, las naciones adoptaron el <em>Tratado de Alta Mar<\/em>conocido por la abreviatura BBNJ, para <strong>salvaguardar la vida marina en aguas internacionales<\/strong>. Este acuerdo tan esperado est\u00e1 a punto de entrar en vigor en la cumbre de Niza.<\/p>\n<p>Pero la pol\u00edtica por s\u00ed sola no puede revertir un ecosistema en ca\u00edda libre. \u201cLa respuesta mundial es insuficiente\u201d, advirti\u00f3 Li Junhua.<\/p>\n<p>En otras palabras, los avances no s\u00f3lo dependen de la voluntad pol\u00edtica, sino tambi\u00e9n de los recursos necesarios.<\/p>\n<h2>Un salvavidas sin fondos<\/h2>\n<p>A pesar de su papel vital en la regulaci\u00f3n de la vida en la Tierra, <strong>produciendo la mitad de nuestro ox\u00edgeno y amortiguando los extremos clim\u00e1ticos<\/strong>el oc\u00e9ano tiene\u00a0 una falta de financiaci\u00f3n cr\u00f3nica.<\/p>\n<p>El Objetivo de Desarrollo Sostenible\u00a0n\u00famero 14, <em>Vida bajo el agua<\/em>es el que recibe menos recursos de los 17 objetivos globales de la ONU que los Estados miembros acordaron cumplir para 2030.<\/p>\n<p>El coste estimado para proteger y restaurar los ecosistemas marinos en los pr\u00f3ximos cinco a\u00f1os es de 175.000 millones de d\u00f3lares anuales. \u201cPero <strong>entre 2015 y 2019 se asignaron menos de 10.000 millones<\/strong> de d\u00f3lares\u201d, dijo Li, se\u00f1alando la necesidad de que la financiaci\u00f3n de los oc\u00e9anos pase del goteo al torrente.<\/p>\n<p>Esta ambici\u00f3n constituye el n\u00facleo de los objetivos de la Conferencia.<\/p>\n<h2>El Plan de Acci\u00f3n de Niza sobre los Oc\u00e9anos<\/h2>\n<p>El tema de la UNOC3,<em> Acelerar la acci\u00f3n y movilizar a todos los agentes para conservar y utilizar sosteniblemente los oc\u00e9anos<\/em>refleja el paso de las declaraciones a los resultados.<\/p>\n<p>A lo largo de cinco d\u00edas, los participantes abordar\u00e1n las grandes cuestiones: c\u00f3mo poner freno a la pesca ilegal, reducir la contaminaci\u00f3n por pl\u00e1sticos y ampliar las econom\u00edas azules sostenibles. Se espera que cientos de nuevas promesas se basen en los <strong>m\u00e1s de 2000 compromisos voluntarios adquiridos desde la <\/strong><strong>primera cumbre sobre los oc\u00e9anos de 2017<\/strong>.<\/p>\n<p>El Plan de Acci\u00f3n de Niza sobre los Oc\u00e9anos se alinear\u00e1 con el\u00a0Marco Global para la Biodiversidad de Kunming-Montreal, un <strong>acuerdo de 2022 que pide la protecci\u00f3n de al menos el 30% de los ecosistemas marinos y terrestres para 2030<\/strong>.<\/p>\n<p>Junto a los nuevos compromisos, el plan incluir\u00e1 una declaraci\u00f3n oficial, que Li describi\u00f3 como un documento pol\u00edtico \u201cconciso\u201d y \u201corientado a la acci\u00f3n\u201d.<\/p>\n<p>\u201cEl proyecto de declaraci\u00f3n pol\u00edtica, liderado por Australia y Cabo Verde, se centra en la conservaci\u00f3n de los oc\u00e9anos y las econom\u00edas sostenibles basadas en ellos, e incluye medidas concretas para acelerar la acci\u00f3n\u201d, declar\u00f3 el funcionario de la ONU.<\/p>\n<div class=\"context-un_news_large_credit type-entermedia_image media media--type-entermedia-image media--view-mode-un-news-large-credit\">\n<div class=\"field field--name-thumbnail field--type-image field--label-hidden field__item\"><img decoding=\"async\" src=\"https:\/\/global.unitednations.entermediadb.net\/assets\/mediadb\/services\/module\/asset\/downloads\/preset\/Collections\/Embargoed\/29-05-2025-World-Ocean-Day-Competition-02.jpg\/image770x420cropped.jpg\" alt=\"  La r\u00e1pida p\u00e9rdida de biodiversidad amenaza el sustento de 3000 millones de personas, incluidas las comunidades costeras.\" title=\" La r\u00e1pida p\u00e9rdida de biodiversidad amenaza el sustento de 3000 millones de personas, incluidas las comunidades costeras.\" loading=\"lazy\" width=\"770\" height=\"420\"\/>\n<\/div>\n<\/div>\n<h2>La crisis en cifras: lo que Niza espera conseguir<\/h2>\n<ul>\n<li>Hasta <strong>12 millones de toneladas m\u00e9tricas de pl\u00e1stico entran en el oc\u00e9ano cada a\u00f1o<\/strong>el equivalente a un cami\u00f3n de basura cada minuto. <em>En Niza, los delegados esperan avanzar en un acuerdo mundial para atajar la contaminaci\u00f3n por pl\u00e1sticos en su origen<\/em><\/li>\n<li><strong>M\u00e1s del 60% de los ecosistemas marinos est\u00e1n degradados<\/strong> o se utilizan de forma insostenible. <em>La cumbre pretende impulsar los esfuerzos para proteger el 30% de los oc\u00e9anos de aqu\u00ed a 2030 y poner en marcha una hoja de ruta para descarbonizar el transporte mar\u00edtimo<\/em><\/li>\n<li>L\u00e1s <strong>poblaciones mundiales de peces dentro de l\u00edmites biol\u00f3gicos seguros se han desplomado<\/strong> del 90% en la d\u00e9cada de 1970 a s\u00f3lo el 62% en 2021. <em>Niza espera allanar el camino para un nuevo acuerdo internacional sobre pesca sostenible<\/em><\/li>\n<li>M\u00e1s de <strong>3000 millones de personas dependen de la biodiversidad<\/strong> <strong>puerto peque\u00f1o<\/strong> para su subsistencia. <em>En respuesta, la cumbre pretende impulsar la financiaci\u00f3n de las econom\u00edas azules y promover soluciones comunitarias<\/em><\/li>\n<\/ul>\n<p>En los peque\u00f1os Estados insulares en desarrollo, el oc\u00e9ano no es s\u00f3lo un motor econ\u00f3mico, sino un salvavidas.<\/p>\n<h2>De Par\u00eds a Niza<\/h2>\n<p>El momento elegido para la cumbre es intencionado. Una d\u00e9cada despu\u00e9s de que el hist\u00f3rico Acuerdo de Par\u00eds estableciera objetivos para limitar el calentamiento global, la UNOC3 est\u00e1 presionando para <strong>situar el oc\u00e9ano en el centro de la acci\u00f3n clim\u00e1tica<\/strong>no como algo secundario, sino como un campo de batalla en primera l\u00ednea.<\/p>\n<p>\u201cLa UNOC3 aborda la crisis interconectada a la que se enfrentan nuestros oc\u00e9anos\u201d, se\u00f1al\u00f3 Li.<\/p>\n<p>La cumbre tambi\u00e9n pretende ser integradora, <strong>destacando voces a menudo marginadas en los foros mundiales<\/strong>como las de las mujeres, los ind\u00edgenas, los pescadores y las comunidades costeras.<\/p>\n<p>\u201cEstos grupos son los primeros en sufrir los efectos del cambio clim\u00e1tico y la degradaci\u00f3n de los oc\u00e9anos\u201d, subray\u00f3 Li. \u201cPero tambi\u00e9n son l\u00edderes y solucionadores de problemas, por lo que hay que darles poder\u201d.<\/p>\n<h2>Un momento crucial<\/h2>\n<p>Niza no es s\u00f3lo un tel\u00f3n de fondo: es parte de la historia. El <strong>Mediterr\u00e1neo <\/strong><strong>se est\u00e1 calentando<\/strong><strong>  un 20% m\u00e1s r\u00e1pido que la media mundial<\/strong>lo que la convierte en un \u201cpunto caliente\u201d clim\u00e1tico. Para muchos, la ubicaci\u00f3n no hace sino agudizar lo que est\u00e1 en juego.<\/p>\n<p><strong>Que la conferencia genere un impulso real o simplemente m\u00e1s declaraciones depender\u00e1 de lo que los pa\u00edses, las empresas y las comunidades pongan sobre la mesa.<\/strong><\/p>\n<p>Mientras los delegados descienden por la soleada costa de Niza, el mar ba\u00f1a suavemente las orillas. Pero la pregunta que surge con la marea es cualquier cosa menos suave: <strong>\u00bfpuede el mundo dar la vuelta a la situaci\u00f3n?<\/strong><\/p>\n<\/div>\n\n","protected":false},"excerpt":{"rendered":"<p>Del 9 al 13 de junio, la ciudad costera de Niza acoger\u00e1 la Tercera Conferencia de las Naciones Unidas sobre los Oc\u00e9anos (UNOC3), una cumbre de alto nivel copresidida por Francia y Costa Rica. Su misi\u00f3n: hacer frente a una creciente emergencia oce\u00e1nica que, seg\u00fan advierten los cient\u00edficos, se acerca a un punto de no &hellip;<\/p>\n","protected":false},"author":1,"featured_media":30644,"comment_status":"open","ping_status":"open","sticky":false,"template":"","format":"standard","meta":{"fifu_image_url":"https:\/\/global.unitednations.entermediadb.net\/assets\/mediadb\/services\/module\/asset\/downloads\/preset\/Collections\/Embargoed\/29-05-2025-World-Ocean-Day-Competition-10.jpg\/image770x420cropped.jpg","fifu_image_alt":"","footnotes":""},"categories":[3],"tags":[],"class_list":["post-30642","post","type-post","status-publish","format-standard","has-post-thumbnail","","category-negocio"],"_links":{"self":[{"href":"https:\/\/noticiasveraces.com\/index.php?rest_route=\/wp\/v2\/posts\/30642","targetHints":{"allow":["GET"]}}],"collection":[{"href":"https:\/\/noticiasveraces.com\/index.php?rest_route=\/wp\/v2\/posts"}],"about":[{"href":"https:\/\/noticiasveraces.com\/index.php?rest_route=\/wp\/v2\/types\/post"}],"author":[{"embeddable":true,"href":"https:\/\/noticiasveraces.com\/index.php?rest_route=\/wp\/v2\/users\/1"}],"replies":[{"embeddable":true,"href":"https:\/\/noticiasveraces.com\/index.php?rest_route=%2Fwp%2Fv2%2Fcomments&post=30642"}],"version-history":[{"count":0,"href":"https:\/\/noticiasveraces.com\/index.php?rest_route=\/wp\/v2\/posts\/30642\/revisions"}],"wp:featuredmedia":[{"embeddable":true,"href":"https:\/\/noticiasveraces.com\/index.php?rest_route=\/wp\/v2\/media\/30644"}],"wp:attachment":[{"href":"https:\/\/noticiasveraces.com\/index.php?rest_route=%2Fwp%2Fv2%2Fmedia&parent=30642"}],"wp:term":[{"taxonomy":"category","embeddable":true,"href":"https:\/\/noticiasveraces.com\/index.php?rest_route=%2Fwp%2Fv2%2Fcategories&post=30642"},{"taxonomy":"post_tag","embeddable":true,"href":"https:\/\/noticiasveraces.com\/index.php?rest_route=%2Fwp%2Fv2%2Ftags&post=30642"}],"curies":[{"name":"wp","href":"https:\/\/api.w.org\/{rel}","templated":true}]}}