{"id":30619,"date":"2025-06-07T08:15:00","date_gmt":"2025-06-07T12:15:00","guid":{"rendered":"https:\/\/noticiasveraces.com\/?p=30619"},"modified":"2025-06-07T08:15:00","modified_gmt":"2025-06-07T12:15:00","slug":"lula-deja-paris-convencido-de-cerrar-el-acuerdo-con-mercosur-dw-07-06-2025","status":"publish","type":"post","link":"https:\/\/noticiasveraces.com\/?p=30619","title":{"rendered":"Lula deja Par\u00eds convencido de cerrar el acuerdo con Mercosur \u2013 DW \u2013 07\/06\/2025"},"content":{"rendered":"<p> \n<\/p>\n<div>\n<p>El presidente brasile\u00f1o, Luiz In\u00e1cio Lula da Silva, insisti\u00f3 este s\u00e1bado (07.06.2025) en su convencimiento de que el acuerdo comercial entre la UE y el\u00a0Mercosur se firmar\u00e1 antes de que finalice su\u00a0presidencia temporal del bloque comercial suramericano, el 6 de diciembre. \u00abEl acuerdo se firmar\u00e1 antes de mi salida\u00bb, recalc\u00f3 Lula en una conferencia de prensa en la que cerr\u00f3 la etapa parisina de su visita de Estado a Francia, que concluye el martes.<\/p>\n<p>El dirigente brasile\u00f1o se reafirm\u00f3 esta posici\u00f3n despu\u00e9s de que el presidente franc\u00e9s, Emmanuel Macron, dijo el viernes a una televisi\u00f3n brasile\u00f1a que est\u00e1 dispuesto a ratificar el acuerdo si se introduce un protocolo adicional con \u00abcl\u00e1usulas espejo o de salvaguardia\u00bb que iguale las condiciones para los productores agroganaderos de ambos bloques.<\/p>\n<blockquote class=\"tweet embed\" data-id=\"1931300016146014245\"\/>\n<p>Lula insisti\u00f3 hoy en su apreciaci\u00f3n de que la agricultura y la ganader\u00eda de los dos bloques \u00abson complementarias\u00bb y no compiten tanto como se asegura, y se\u00f1al\u00f3 repetidamente: \u00abno quiero perjudicar a la agricultura francesa\u00bb. El acuerdo UE-Mercosur ha sido uno de los puntos claves del paso de Lula por Par\u00eds, especialmente de la reuni\u00f3n y posterior conferencia de prensa con Macron del jueves pasado.<\/p>\n<h2>La paz en Ucrania podr\u00eda estar cerca<\/h2>\n<p>El presidente brasile\u00f1o expres\u00f3 hoy tambi\u00e9n su convicci\u00f3n de que un acuerdo est\u00e1 \u00abcerca\u00bb de poner fin a la guerra en Ucrania, aunque los jefes de Estado de ambos bandos tienen dificultades para reconocerlo. \u00abA los dos l\u00edderes [el presidente ruso, Vladimir Putin, y el presidente ucraniano, Volodimir Zelenski] les cuesta explicar a sus pueblos los l\u00edmites\u00bb de la acci\u00f3n militar, declar\u00f3 Lula durante una rueda de prensa para clausurar su visita a Francia.<\/p>\n<p>\u00abNo se consigue todo lo que se quiere, pero se consigue lo que es posible. Y ellos saben lo que es posible\u00bb, a\u00f1adi\u00f3. Cuando se le pregunt\u00f3 espec\u00edficamente si se refer\u00eda a un acuerdo hipot\u00e9tico que implicar\u00eda que Rusia conservar\u00eda los territorios ucranianos que anex\u00f3, lo que equivaldr\u00eda a recompensar al pa\u00eds invasor, Lula respondi\u00f3: \u00abNo me corresponde a m\u00ed\u00bb determinar los t\u00e9rminos de la paz.<\/p>\n<p>Tras dejar Par\u00eds donde realiz\u00f3 una visita de Estado desde el jueves, Lula viaj\u00f3 a M\u00f3naco para un foro sobre la econom\u00eda mar\u00edtima, antes de ir ma\u00f1ana domingo a la vecina ciudad francesa de Niza para la cumbres sobre los oc\u00e9anos, organizada por la ONU y que comienza el lunes.<\/p>\n<p>LGC (Efe, Lusa)<\/p>\n<\/div>\n\n","protected":false},"excerpt":{"rendered":"<p>El presidente brasile\u00f1o, Luiz In\u00e1cio Lula da Silva, insisti\u00f3 este s\u00e1bado (07.06.2025) en su convencimiento de que el acuerdo comercial entre la UE y el\u00a0Mercosur se firmar\u00e1 antes de que finalice su\u00a0presidencia temporal del bloque comercial suramericano, el 6 de diciembre. \u00abEl acuerdo se firmar\u00e1 antes de mi salida\u00bb, recalc\u00f3 Lula en una conferencia de &hellip;<\/p>\n","protected":false},"author":1,"featured_media":30620,"comment_status":"open","ping_status":"open","sticky":false,"template":"","format":"standard","meta":{"fifu_image_url":"https:\/\/static.dw.com\/image\/72802377_6.jpg","fifu_image_alt":"","footnotes":""},"categories":[13],"tags":[],"class_list":["post-30619","post","type-post","status-publish","format-standard","has-post-thumbnail","","category-mundo"],"_links":{"self":[{"href":"https:\/\/noticiasveraces.com\/index.php?rest_route=\/wp\/v2\/posts\/30619","targetHints":{"allow":["GET"]}}],"collection":[{"href":"https:\/\/noticiasveraces.com\/index.php?rest_route=\/wp\/v2\/posts"}],"about":[{"href":"https:\/\/noticiasveraces.com\/index.php?rest_route=\/wp\/v2\/types\/post"}],"author":[{"embeddable":true,"href":"https:\/\/noticiasveraces.com\/index.php?rest_route=\/wp\/v2\/users\/1"}],"replies":[{"embeddable":true,"href":"https:\/\/noticiasveraces.com\/index.php?rest_route=%2Fwp%2Fv2%2Fcomments&post=30619"}],"version-history":[{"count":0,"href":"https:\/\/noticiasveraces.com\/index.php?rest_route=\/wp\/v2\/posts\/30619\/revisions"}],"wp:featuredmedia":[{"embeddable":true,"href":"https:\/\/noticiasveraces.com\/index.php?rest_route=\/wp\/v2\/media\/30620"}],"wp:attachment":[{"href":"https:\/\/noticiasveraces.com\/index.php?rest_route=%2Fwp%2Fv2%2Fmedia&parent=30619"}],"wp:term":[{"taxonomy":"category","embeddable":true,"href":"https:\/\/noticiasveraces.com\/index.php?rest_route=%2Fwp%2Fv2%2Fcategories&post=30619"},{"taxonomy":"post_tag","embeddable":true,"href":"https:\/\/noticiasveraces.com\/index.php?rest_route=%2Fwp%2Fv2%2Ftags&post=30619"}],"curies":[{"name":"wp","href":"https:\/\/api.w.org\/{rel}","templated":true}]}}