{"id":30616,"date":"2025-06-07T07:55:36","date_gmt":"2025-06-07T11:55:36","guid":{"rendered":"https:\/\/noticiasveraces.com\/?p=30616"},"modified":"2025-06-07T07:55:36","modified_gmt":"2025-06-07T11:55:36","slug":"velez-cuestiono-autoridad-de-nestor-lorenzo-hay-falta-de-caracter","status":"publish","type":"post","link":"https:\/\/noticiasveraces.com\/?p=30616","title":{"rendered":"V\u00e9lez cuestion\u00f3 autoridad de N\u00e9stor Lorenzo: \u2018Hay falta de car\u00e1cter\u2019"},"content":{"rendered":"<p> \n<br \/><img decoding=\"async\" src=\"https:\/\/www.futbolred.com\/files\/article_graphic\/uploads\/2023\/10\/12\/65288e1e52fcc.jpeg\" \/><\/p>\n<header>\n<h3>\n<p>                Curiosidades de f\u00fatbol<br \/>\n            <\/h3>\n<h1>\n<p>            V\u00e9lez cuestion\u00f3 autoridad de N\u00e9stor Lorenzo: \u2018Hay falta de car\u00e1cter\u2019<br \/>\n        <\/h1>\n<address>\n            <a>Andres Julian Abril Gomez<br \/>\n        <\/address>\n<p>            07 de junio 2025 , 12:25 a.\u00a0m.<\/p>\n<\/header>\n<p>El analista critic\u00f3 el planteamiento hecho por el entrenador en el duelo por Eliminatorias.<\/p>\n<p>La<b> Selecci\u00f3n Colombia <\/b>no pas\u00f3 del empate con Per\u00fa en el duelo de la fecha 15 de las <b>Eliminatorias Sudamericanas<\/b> que se jug\u00f3 este viernes en el estadio Metropolitano de Barranquilla.  <\/p>\n<p>La tricolor tuvo un deslucido partido y pese al cambio de sistema que propuso el entrenador <b>N\u00e9stor Lorenzo<\/b> las cosas no salieron como se pensaban en el cuerpo t\u00e9cnico.  <\/p>\n<p>Pues bien, ante el pobre resultado que deja a Colombia muy cerca del puesto de repechaje, <b>Carlos Antonio V\u00e9lez <\/b>explot\u00f3 con lo hecho ante Per\u00fa y cuestion\u00f3 la autoridad de Lorenzo en la Selecci\u00f3n.<\/p>\n<p>\u201cDesde el juego, el resultado y el manejo de grupo la selecci\u00f3n explot\u00f3&#8230; peor no se puede jugar, no nos enga\u00f1emos ni nos dejemos enga\u00f1ar. Otra vez eligi\u00f3 mal en DT, su autoridad est\u00e1 menoscabada por falta de car\u00e1cter, hay jugadores q se sienten irrespetados, la inseguridad es total\u201d, dijo el reconocido analista.  <\/p>\n<p>Luego, critic\u00f3 a la prensa que est\u00e1 a favor del t\u00e9cnico y asegur\u00f3 que sigue sin ser autocr\u00edtico: Creer q con campa\u00f1as publicitarias o invitando a un pu\u00f1ado de comunicadores a \u201crodear al DT\u201d el juego mejora es un clara estupidez. Para jugar contra el \u00faltimo de la tabla repiti\u00f3 los errores del pasado por no tener autocr\u00edtica y lo m\u00e1s grave q puso jugadores q solo \u00e9l cree q son elegibles mientras los \u201cmeritorios\u201d est\u00e1n en casa o en el banco.<\/p>\n<p>Finalmente, asegur\u00f3 que el empate ante Per\u00fa fue un golpe de realidad y confirm\u00f3 que hubo una pelea en el camerino en el entretiempo aunque no dio nombres: No se cay\u00f3 una idea del bolsillo, nos estrellamos contra un pared y ligamos otro decepcionante episodio de autor! ( en desarrollo \u2026una pelea en el vestuario y el cabaret en el q se ha convertido el hotel de concentraci\u00f3n)<\/p>\n\n","protected":false},"excerpt":{"rendered":"<p>Curiosidades de f\u00fatbol V\u00e9lez cuestion\u00f3 autoridad de N\u00e9stor Lorenzo: \u2018Hay falta de car\u00e1cter\u2019 Andres Julian Abril Gomez 07 de junio 2025 , 12:25 a.\u00a0m. El analista critic\u00f3 el planteamiento hecho por el entrenador en el duelo por Eliminatorias. La Selecci\u00f3n Colombia no pas\u00f3 del empate con Per\u00fa en el duelo de la fecha 15 de &hellip;<\/p>\n","protected":false},"author":1,"featured_media":30618,"comment_status":"open","ping_status":"open","sticky":false,"template":"","format":"standard","meta":{"fifu_image_url":"https:\/\/www.futbolred.com\/files\/og_thumbnail\/uploads\/2023\/10\/12\/65288e1e52fcc.jpeg","fifu_image_alt":"","footnotes":""},"categories":[6],"tags":[],"class_list":["post-30616","post","type-post","status-publish","format-standard","has-post-thumbnail","","category-deportes"],"_links":{"self":[{"href":"https:\/\/noticiasveraces.com\/index.php?rest_route=\/wp\/v2\/posts\/30616","targetHints":{"allow":["GET"]}}],"collection":[{"href":"https:\/\/noticiasveraces.com\/index.php?rest_route=\/wp\/v2\/posts"}],"about":[{"href":"https:\/\/noticiasveraces.com\/index.php?rest_route=\/wp\/v2\/types\/post"}],"author":[{"embeddable":true,"href":"https:\/\/noticiasveraces.com\/index.php?rest_route=\/wp\/v2\/users\/1"}],"replies":[{"embeddable":true,"href":"https:\/\/noticiasveraces.com\/index.php?rest_route=%2Fwp%2Fv2%2Fcomments&post=30616"}],"version-history":[{"count":0,"href":"https:\/\/noticiasveraces.com\/index.php?rest_route=\/wp\/v2\/posts\/30616\/revisions"}],"wp:featuredmedia":[{"embeddable":true,"href":"https:\/\/noticiasveraces.com\/index.php?rest_route=\/wp\/v2\/media\/30618"}],"wp:attachment":[{"href":"https:\/\/noticiasveraces.com\/index.php?rest_route=%2Fwp%2Fv2%2Fmedia&parent=30616"}],"wp:term":[{"taxonomy":"category","embeddable":true,"href":"https:\/\/noticiasveraces.com\/index.php?rest_route=%2Fwp%2Fv2%2Fcategories&post=30616"},{"taxonomy":"post_tag","embeddable":true,"href":"https:\/\/noticiasveraces.com\/index.php?rest_route=%2Fwp%2Fv2%2Ftags&post=30616"}],"curies":[{"name":"wp","href":"https:\/\/api.w.org\/{rel}","templated":true}]}}