{"id":30597,"date":"2025-06-07T04:10:18","date_gmt":"2025-06-07T08:10:18","guid":{"rendered":"https:\/\/noticiasveraces.com\/?p=30597"},"modified":"2025-06-07T04:10:18","modified_gmt":"2025-06-07T08:10:18","slug":"diez-candidatos-competiran-por-la-presidencia-de-bolivia-con-evo-morales-fuera-de-la-carrera","status":"publish","type":"post","link":"https:\/\/noticiasveraces.com\/?p=30597","title":{"rendered":"Diez candidatos competir\u00e1n por la Presidencia de Bolivia, con Evo Morales fuera de la carrera"},"content":{"rendered":"<p> \n<br \/><img decoding=\"async\" src=\"https:\/\/s.france24.com\/media\/display\/61213aa2-432f-11f0-b6e2-005056bfb2b6\/w:1024\/p:16x9\/000_49HW9FU.jpg\" \/><br \/>Diez candidatos se disputar\u00e1n la Presidencia de Bolivia en las elecciones generales del 17 de agosto pr\u00f3ximo, inform\u00f3 este viernes el Tribunal Supremo Electoral (TSE). La lista publicada por el organismo no incluye al expresidente Evo Morales, quien aunque est\u00e1 inhabilitado constitucionalmente para buscar otro mandato ha insistido en su postulaci\u00f3n.<br \/>\n<br \/>\n","protected":false},"excerpt":{"rendered":"<p>Diez candidatos se disputar\u00e1n la Presidencia de Bolivia en las elecciones generales del 17 de agosto pr\u00f3ximo, inform\u00f3 este viernes el Tribunal Supremo Electoral (TSE). La lista publicada por el organismo no incluye al expresidente Evo Morales, quien aunque est\u00e1 inhabilitado constitucionalmente para buscar otro mandato ha insistido en su postulaci\u00f3n.<\/p>\n","protected":false},"author":1,"featured_media":30599,"comment_status":"open","ping_status":"open","sticky":false,"template":"","format":"standard","meta":{"fifu_image_url":"https:\/\/s.france24.com\/media\/display\/61213aa2-432f-11f0-b6e2-005056bfb2b6\/w:1024\/p:16x9\/000_49HW9FU.jpg","fifu_image_alt":"","footnotes":""},"categories":[13],"tags":[],"class_list":["post-30597","post","type-post","status-publish","format-standard","has-post-thumbnail","","category-mundo"],"_links":{"self":[{"href":"https:\/\/noticiasveraces.com\/index.php?rest_route=\/wp\/v2\/posts\/30597","targetHints":{"allow":["GET"]}}],"collection":[{"href":"https:\/\/noticiasveraces.com\/index.php?rest_route=\/wp\/v2\/posts"}],"about":[{"href":"https:\/\/noticiasveraces.com\/index.php?rest_route=\/wp\/v2\/types\/post"}],"author":[{"embeddable":true,"href":"https:\/\/noticiasveraces.com\/index.php?rest_route=\/wp\/v2\/users\/1"}],"replies":[{"embeddable":true,"href":"https:\/\/noticiasveraces.com\/index.php?rest_route=%2Fwp%2Fv2%2Fcomments&post=30597"}],"version-history":[{"count":0,"href":"https:\/\/noticiasveraces.com\/index.php?rest_route=\/wp\/v2\/posts\/30597\/revisions"}],"wp:featuredmedia":[{"embeddable":true,"href":"https:\/\/noticiasveraces.com\/index.php?rest_route=\/wp\/v2\/media\/30599"}],"wp:attachment":[{"href":"https:\/\/noticiasveraces.com\/index.php?rest_route=%2Fwp%2Fv2%2Fmedia&parent=30597"}],"wp:term":[{"taxonomy":"category","embeddable":true,"href":"https:\/\/noticiasveraces.com\/index.php?rest_route=%2Fwp%2Fv2%2Fcategories&post=30597"},{"taxonomy":"post_tag","embeddable":true,"href":"https:\/\/noticiasveraces.com\/index.php?rest_route=%2Fwp%2Fv2%2Ftags&post=30597"}],"curies":[{"name":"wp","href":"https:\/\/api.w.org\/{rel}","templated":true}]}}