{"id":30581,"date":"2025-06-07T03:09:36","date_gmt":"2025-06-07T07:09:36","guid":{"rendered":"https:\/\/noticiasveraces.com\/?p=30581"},"modified":"2025-06-07T03:09:36","modified_gmt":"2025-06-07T07:09:36","slug":"lula-apela-a-su-amistad-con-macron-ante-un-semestre-decisivo-para-el-acuerdo-ue-mercosur","status":"publish","type":"post","link":"https:\/\/noticiasveraces.com\/?p=30581","title":{"rendered":"Lula apela a su amistad con Macron ante un semestre decisivo para el acuerdo UE-Mercosur"},"content":{"rendered":"<p> \n<br \/><img decoding=\"async\" src=\"https:\/\/s.france24.com\/media\/display\/8721ece2-4348-11f0-97f1-005056bfb2b6\/w:1024\/p:16x9\/000_49BX9AB.jpg\" \/><br \/>Este 6 de junio termin\u00f3 la visita del presidente brasile\u00f1o, Luiz In\u00e1cio Lula da Silva, a Francia, en la cual protagoniz\u00f3 un intenso di\u00e1logo con su hom\u00f3logo, Emmanuel Macron, sobre el acuerdo comercial entre la Uni\u00f3n Europea y el Mercosur. El di\u00e1logo parece estancado y, aunque Lula apela a la amistad para lograr un pacto antes de fin de a\u00f1o, Macron pone condiciones.<br \/>\n<br \/>\n","protected":false},"excerpt":{"rendered":"<p>Este 6 de junio termin\u00f3 la visita del presidente brasile\u00f1o, Luiz In\u00e1cio Lula da Silva, a Francia, en la cual protagoniz\u00f3 un intenso di\u00e1logo con su hom\u00f3logo, Emmanuel Macron, sobre el acuerdo comercial entre la Uni\u00f3n Europea y el Mercosur. El di\u00e1logo parece estancado y, aunque Lula apela a la amistad para lograr un pacto &hellip;<\/p>\n","protected":false},"author":1,"featured_media":30583,"comment_status":"open","ping_status":"open","sticky":false,"template":"","format":"standard","meta":{"fifu_image_url":"https:\/\/s.france24.com\/media\/display\/8721ece2-4348-11f0-97f1-005056bfb2b6\/w:1024\/p:16x9\/000_49BX9AB.jpg","fifu_image_alt":"","footnotes":""},"categories":[13],"tags":[],"class_list":["post-30581","post","type-post","status-publish","format-standard","has-post-thumbnail","","category-mundo"],"_links":{"self":[{"href":"https:\/\/noticiasveraces.com\/index.php?rest_route=\/wp\/v2\/posts\/30581","targetHints":{"allow":["GET"]}}],"collection":[{"href":"https:\/\/noticiasveraces.com\/index.php?rest_route=\/wp\/v2\/posts"}],"about":[{"href":"https:\/\/noticiasveraces.com\/index.php?rest_route=\/wp\/v2\/types\/post"}],"author":[{"embeddable":true,"href":"https:\/\/noticiasveraces.com\/index.php?rest_route=\/wp\/v2\/users\/1"}],"replies":[{"embeddable":true,"href":"https:\/\/noticiasveraces.com\/index.php?rest_route=%2Fwp%2Fv2%2Fcomments&post=30581"}],"version-history":[{"count":0,"href":"https:\/\/noticiasveraces.com\/index.php?rest_route=\/wp\/v2\/posts\/30581\/revisions"}],"wp:featuredmedia":[{"embeddable":true,"href":"https:\/\/noticiasveraces.com\/index.php?rest_route=\/wp\/v2\/media\/30583"}],"wp:attachment":[{"href":"https:\/\/noticiasveraces.com\/index.php?rest_route=%2Fwp%2Fv2%2Fmedia&parent=30581"}],"wp:term":[{"taxonomy":"category","embeddable":true,"href":"https:\/\/noticiasveraces.com\/index.php?rest_route=%2Fwp%2Fv2%2Fcategories&post=30581"},{"taxonomy":"post_tag","embeddable":true,"href":"https:\/\/noticiasveraces.com\/index.php?rest_route=%2Fwp%2Fv2%2Ftags&post=30581"}],"curies":[{"name":"wp","href":"https:\/\/api.w.org\/{rel}","templated":true}]}}