{"id":30570,"date":"2025-06-07T01:53:58","date_gmt":"2025-06-07T05:53:58","guid":{"rendered":"https:\/\/noticiasveraces.com\/?p=30570"},"modified":"2025-06-07T01:53:58","modified_gmt":"2025-06-07T05:53:58","slug":"teo-gutierrez-lanzo-fuerte-dardo-a-duran-y-a-jugadores-de-seleccion","status":"publish","type":"post","link":"https:\/\/noticiasveraces.com\/?p=30570","title":{"rendered":"Teo Guti\u00e9rrez lanz\u00f3 fuerte dardo a Dur\u00e1n y a jugadores de Selecci\u00f3n"},"content":{"rendered":"<p> \n<br \/><img decoding=\"async\" src=\"https:\/\/www.futbolred.com\/files\/article_graphic\/files\/crop\/uploads\/2019\/08\/14\/5d54859d29482.r_155531.0-0-1480-740.jpeg\" \/><\/p>\n<header>\n<h3>\n<p>                Selecci\u00f3n Colombia<br \/>\n            <\/h3>\n<h1>\n<p>            Teo Guti\u00e9rrez lanz\u00f3 fuerte dardo a Dur\u00e1n y a jugadores de Selecci\u00f3n<br \/>\n        <\/h1>\n<address>\n            <a>Andres Rocha Florez<br \/>\n        <\/address>\n<p>            07 de junio 2025 , 12:27 a.\u00a0m.<\/p>\n<\/header>\n<p>El jugador de Junior record\u00f3 su paso por el seleccionado de Colombia en el que aport\u00f3 goles.<\/p>\n<p>Colombia no pudo pasar del empate sin goles ante Per\u00fa en la fecha 15 de Eliminatorias al Mundial 2026 y ese resultado en el estadio Metropolitano de Barranquilla termin\u00f3 complicando m\u00e1s a la \u2018Tricolor\u2019 de cara a la clasificaci\u00f3n orbital.<\/p>\n<p>Los dirigidos por el t\u00e9cnico N\u00e9stor Lorenzo se fueron sin poder haber tenido buena efectividad en la zona de ataque y las estad\u00edsticas arrojaron que no hubo un solo tiro a puerta, pues todo termin\u00f3 siendo apenas aproximaciones que tuvieron protagonismo de palos, pero no fue suficiente para crear una oportunidad manifiesta de gol.<\/p>\n<p>Jhon Jader Dur\u00e1n fue el m\u00e1s apuntado por su rebeld\u00eda dentro del campo, cost\u00e1ndole la sustituci\u00f3n en el descanso para darle paso a Luis Javier Su\u00e1rez, pero tampoco el del Almer\u00eda fue determinante, al igual que otros revulsivos como Marino Hinestroza o Jaminton Campaz.<\/p>\n<h2>Te\u00f3filo Guti\u00e9rrez y su dardo a delanteros de Selecci\u00f3n<\/h2>\n<p>Ante esta situaci\u00f3n, el exjugador de la Selecci\u00f3n Colombia y vigente referente del Junior de Barranquilla, dej\u00f3 un posteo en redes sociales donde escribi\u00f3 un mensaje que son\u00f3 a indirecta para los jugadores de la \u2018Tricolor\u2019 por su flojo rendimiento en ataque.<\/p>\n<p>Teo comparti\u00f3 una fotograf\u00eda jugando contra Per\u00fa en Eliminatorias y el mensaje con el que adorn\u00f3 todo fue \u201cparece f\u00e1cil\u201d, recordando que \u00e9l s\u00ed pudo aportar goles que terminaron siendo decisivos. <\/p>\n<p>Cabe recordar que Te\u00f3filo Guti\u00e9rrez fue hasta protagonista con goles en el seleccionado durante el Mundial 2014 y eso le permiti\u00f3 tambi\u00e9n catapultarse como futbolista internacional, logrando siempre ser un buen revulsivo en ataque por su gran determinaci\u00f3n.<\/p>\n\n","protected":false},"excerpt":{"rendered":"<p>Selecci\u00f3n Colombia Teo Guti\u00e9rrez lanz\u00f3 fuerte dardo a Dur\u00e1n y a jugadores de Selecci\u00f3n Andres Rocha Florez 07 de junio 2025 , 12:27 a.\u00a0m. El jugador de Junior record\u00f3 su paso por el seleccionado de Colombia en el que aport\u00f3 goles. Colombia no pudo pasar del empate sin goles ante Per\u00fa en la fecha 15 &hellip;<\/p>\n","protected":false},"author":1,"featured_media":30572,"comment_status":"open","ping_status":"open","sticky":false,"template":"","format":"standard","meta":{"fifu_image_url":"https:\/\/www.futbolred.com\/files\/og_thumbnail\/uploads\/2019\/08\/14\/5d54859d29482.jpeg","fifu_image_alt":"","footnotes":""},"categories":[6],"tags":[],"class_list":["post-30570","post","type-post","status-publish","format-standard","has-post-thumbnail","","category-deportes"],"_links":{"self":[{"href":"https:\/\/noticiasveraces.com\/index.php?rest_route=\/wp\/v2\/posts\/30570","targetHints":{"allow":["GET"]}}],"collection":[{"href":"https:\/\/noticiasveraces.com\/index.php?rest_route=\/wp\/v2\/posts"}],"about":[{"href":"https:\/\/noticiasveraces.com\/index.php?rest_route=\/wp\/v2\/types\/post"}],"author":[{"embeddable":true,"href":"https:\/\/noticiasveraces.com\/index.php?rest_route=\/wp\/v2\/users\/1"}],"replies":[{"embeddable":true,"href":"https:\/\/noticiasveraces.com\/index.php?rest_route=%2Fwp%2Fv2%2Fcomments&post=30570"}],"version-history":[{"count":0,"href":"https:\/\/noticiasveraces.com\/index.php?rest_route=\/wp\/v2\/posts\/30570\/revisions"}],"wp:featuredmedia":[{"embeddable":true,"href":"https:\/\/noticiasveraces.com\/index.php?rest_route=\/wp\/v2\/media\/30572"}],"wp:attachment":[{"href":"https:\/\/noticiasveraces.com\/index.php?rest_route=%2Fwp%2Fv2%2Fmedia&parent=30570"}],"wp:term":[{"taxonomy":"category","embeddable":true,"href":"https:\/\/noticiasveraces.com\/index.php?rest_route=%2Fwp%2Fv2%2Fcategories&post=30570"},{"taxonomy":"post_tag","embeddable":true,"href":"https:\/\/noticiasveraces.com\/index.php?rest_route=%2Fwp%2Fv2%2Ftags&post=30570"}],"curies":[{"name":"wp","href":"https:\/\/api.w.org\/{rel}","templated":true}]}}