{"id":30559,"date":"2025-06-06T21:59:18","date_gmt":"2025-06-07T01:59:18","guid":{"rendered":"https:\/\/noticiasveraces.com\/?p=30559"},"modified":"2025-06-06T21:59:18","modified_gmt":"2025-06-07T01:59:18","slug":"cidh-insta-a-el-salvador-a-abolir-ley-de-agentes-extranjeros-dw-07-06-2025","status":"publish","type":"post","link":"https:\/\/noticiasveraces.com\/?p=30559","title":{"rendered":"CIDH insta a El Salvador a abolir Ley de Agentes Extranjeros \u2013 DW \u2013 07\/06\/2025"},"content":{"rendered":"<p> \n<\/p>\n<div>\n<p>La Comisi\u00f3n Interamericana de Derechos Humanos (CIDH) inst\u00f3 este viernes (06.06.2027) al Estado de El Salvador a derogar la reciente Ley de Agentes Extranjeros, porque puede afectar la \u00absostenibilidad financiera de las organizaciones y medios de comunicaci\u00f3n\u00bb que \u00abact\u00faan en defensa de derechos humanos\u00bb.<\/p>\n<p>A iniciativa del presidente Nayib Bukele, el Congreso aprob\u00f3 el pasado 20 de mayo la ley en menci\u00f3n, que grava con un impuesto del 30 % las donaciones internacionales, sean para personas naturales o jur\u00eddicas.<\/p>\n<p>\u00abLa CIDH expresa su preocupaci\u00f3n por la tributaci\u00f3n establecida, que puede inviabilizar la sostenibilidad financiera de las organizaciones y medios de comunicaci\u00f3n alternativos o comunitarios que act\u00faan en defensa de derechos humanos y que dependen de los fondos de la cooperaci\u00f3n internacional\u00bb, indic\u00f3 el organismo en un comunicado.<\/p>\n<p>La comisi\u00f3n tambi\u00e9n advirti\u00f3 que dicha ley posee una \u00abdiscrecionalidad\u00bb y \u00abambig\u00fcedad\u00bb sobre \u00ablas actividades que son prohibidas de ser financiadas con recursos extranjeros\u00bb.<\/p>\n<p>\u00abEn 2021, la CIDH y su RELE (Relator\u00eda Especial de Libertad de Expresi\u00f3n) llamaron al Estado de El Salvador a no aprobar una normativa con tales caracter\u00edsticas, por lo que instaron a su derogaci\u00f3n\u00bb, subray\u00f3 el comunicado. <\/p>\n<p><span data-slot-id=\"Article_InContent-1\" class=\"rich-text-ad\"\/><\/p>\n<h2>Preocupados por \u00abdetenciones recientes\u00bb<\/h2>\n<p>El organismo, que forma parte de la Organizaci\u00f3n de los Estados Americanos (OEA), tambi\u00e9n manifest\u00f3 su preocupaci\u00f3n por las \u00abdetenciones recientes contra personas defensoras de derechos humanos\u00bb.<\/p>\n<p>La CIDH hizo referencia a las detenciones de la abogada anticorrupci\u00f3n Ruth L\u00f3pez, del abogado ambientalista Alejandro Henr\u00edquez, del pastor evang\u00e9lico y l\u00edder comunitario Jos\u00e9 \u00c1ngel P\u00e9rez, y de Fidel Zavala, portavoz de una organizaci\u00f3n humanitaria.<\/p>\n<p>Adem\u00e1s, la comisi\u00f3n denunci\u00f3 la existencia de \u00ab\u00f3rdenes de arresto contra Ivania Cruz y Rudy Joya, todos defensores de la Unidad de Defensa de Derechos Humanos y Comunitarios\u00bb, junto a Zavala.<\/p>\n<p>\u00abOrganizaciones de la sociedad civil cuestionan que las causas penales ser\u00edan una forma de represalia por su labor con personas detenidas durante el r\u00e9gimen de excepci\u00f3n y por denuncias de abusos en las c\u00e1rceles\u00bb, expuso la CIDH.<\/p>\n<p>El comunicado tambi\u00e9n apunt\u00f3 que \u00abfrente a las alegaciones sobre el uso indebido del derecho penal con el posible fin de intimidar, castigar o impedir las actividades de defensa de derechos humanos, la CIDH llama al Estado a abstenerse de incurrir en esta pr\u00e1ctica\u00bb.<\/p>\n<p>mg (efe, La Prensa Gr\u00e1fica)<\/p>\n<\/p>\n<\/div>\n\n","protected":false},"excerpt":{"rendered":"<p>La Comisi\u00f3n Interamericana de Derechos Humanos (CIDH) inst\u00f3 este viernes (06.06.2027) al Estado de El Salvador a derogar la reciente Ley de Agentes Extranjeros, porque puede afectar la \u00absostenibilidad financiera de las organizaciones y medios de comunicaci\u00f3n\u00bb que \u00abact\u00faan en defensa de derechos humanos\u00bb. A iniciativa del presidente Nayib Bukele, el Congreso aprob\u00f3 el pasado &hellip;<\/p>\n","protected":false},"author":1,"featured_media":30560,"comment_status":"open","ping_status":"open","sticky":false,"template":"","format":"standard","meta":{"fifu_image_url":"https:\/\/static.dw.com\/image\/72625343_6.jpg","fifu_image_alt":"","footnotes":""},"categories":[13],"tags":[],"class_list":["post-30559","post","type-post","status-publish","format-standard","has-post-thumbnail","","category-mundo"],"_links":{"self":[{"href":"https:\/\/noticiasveraces.com\/index.php?rest_route=\/wp\/v2\/posts\/30559","targetHints":{"allow":["GET"]}}],"collection":[{"href":"https:\/\/noticiasveraces.com\/index.php?rest_route=\/wp\/v2\/posts"}],"about":[{"href":"https:\/\/noticiasveraces.com\/index.php?rest_route=\/wp\/v2\/types\/post"}],"author":[{"embeddable":true,"href":"https:\/\/noticiasveraces.com\/index.php?rest_route=\/wp\/v2\/users\/1"}],"replies":[{"embeddable":true,"href":"https:\/\/noticiasveraces.com\/index.php?rest_route=%2Fwp%2Fv2%2Fcomments&post=30559"}],"version-history":[{"count":0,"href":"https:\/\/noticiasveraces.com\/index.php?rest_route=\/wp\/v2\/posts\/30559\/revisions"}],"wp:featuredmedia":[{"embeddable":true,"href":"https:\/\/noticiasveraces.com\/index.php?rest_route=\/wp\/v2\/media\/30560"}],"wp:attachment":[{"href":"https:\/\/noticiasveraces.com\/index.php?rest_route=%2Fwp%2Fv2%2Fmedia&parent=30559"}],"wp:term":[{"taxonomy":"category","embeddable":true,"href":"https:\/\/noticiasveraces.com\/index.php?rest_route=%2Fwp%2Fv2%2Fcategories&post=30559"},{"taxonomy":"post_tag","embeddable":true,"href":"https:\/\/noticiasveraces.com\/index.php?rest_route=%2Fwp%2Fv2%2Ftags&post=30559"}],"curies":[{"name":"wp","href":"https:\/\/api.w.org\/{rel}","templated":true}]}}